{"id":19299,"date":"2025-02-04T13:38:08","date_gmt":"2025-02-04T16:38:08","guid":{"rendered":"https:\/\/sinprofaz.org.br\/2024\/?p=19299"},"modified":"2025-02-04T13:38:08","modified_gmt":"2025-02-04T16:38:08","slug":"diretoria-do-sinprofaz-se-reune-para-debate-a-respeito-de-avancos-para-a-carreira","status":"publish","type":"post","link":"https:\/\/sinprofaz.org.br\/2024\/noticias\/diretoria-do-sinprofaz-se-reune-para-debate-a-respeito-de-avancos-para-a-carreira\/","title":{"rendered":"DIRETORIA DO SINPROFAZ SE RE\u00daNE PARA DEBATE A RESPEITO DE AVAN\u00c7OS PARA A CARREIRA"},"content":{"rendered":"<p>A Diretoria do SINPROFAZ esteve reunida na segunda-feira (3). Ao longo da reuni\u00e3o, os presentes debateram temas relativos \u00e0s prerrogativas da Carreira, com destaque para avan\u00e7os na concretiza\u00e7\u00e3o de direitos relacionados ao trabalho do CCHA. Assuntos referentes a a\u00e7\u00f5es judiciais foram tratados por diretoras e diretores, que definiram estrat\u00e9gias de atua\u00e7\u00e3o a serem adotadas durante o m\u00eas de fevereiro.<\/p>\n<p><strong>Diagn\u00f3stico da Carreira<br \/>\n<\/strong>A realiza\u00e7\u00e3o do 2\u00ba Diagn\u00f3stico da Carreira de Procurador da Fazenda Nacional tamb\u00e9m foi pauta da reuni\u00e3o. A primeira edi\u00e7\u00e3o da pesquisa foi conclu\u00edda em 2019 e representou um estudo in\u00e9dito na Advocacia P\u00fablica Federal. Ap\u00f3s cinco anos de grandes mudan\u00e7as, uma nova pesquisa \u00e9 necess\u00e1ria para a atualiza\u00e7\u00e3o do panorama sobre a demografia, a identidade e o trabalho dos PFNs. O 2\u00ba Diagn\u00f3stico j\u00e1 est\u00e1 em fase de planejamento. Desde j\u00e1, o SINPROFAZ convida todas e todos para participarem do estudo!<\/p>\n\n\t\t<style type=\"text\/css\">\n\t\t\t#gallery-1 {\n\t\t\t\tmargin: auto;\n\t\t\t}\n\t\t\t#gallery-1 .gallery-item {\n\t\t\t\tfloat: left;\n\t\t\t\tmargin-top: 10px;\n\t\t\t\ttext-align: center;\n\t\t\t\twidth: 33%;\n\t\t\t}\n\t\t\t#gallery-1 img {\n\t\t\t\tborder: 2px solid #cfcfcf;\n\t\t\t}\n\t\t\t#gallery-1 .gallery-caption {\n\t\t\t\tmargin-left: 0;\n\t\t\t}\n\t\t\t\/* see gallery_shortcode() in wp-includes\/media.php *\/\n\t\t<\/style>\n\t\t<div id='gallery-1' class='gallery galleryid-19299 gallery-columns-3 gallery-size-thumbnail'><dl class='gallery-item'>\n\t\t\t<dt class='gallery-icon landscape'>\n\t\t\t\t<a href='https:\/\/sinprofaz.org.br\/2024\/wp-content\/uploads\/2025\/02\/2.png'><img loading=\"lazy\" decoding=\"async\" width=\"150\" height=\"150\" src=\"https:\/\/sinprofaz.org.br\/2024\/wp-content\/uploads\/2025\/02\/2-150x150.png\" class=\"attachment-thumbnail size-thumbnail\" alt=\"\" \/><\/a>\n\t\t\t<\/dt><\/dl>\n\t\t\t<br style='clear: both' \/>\n\t\t<\/div>\n\n<p><!-- notionvc: 4f719b1a-ad94-44e1-ba65-c6ccb6a0242d --><\/p>\n","protected":false},"excerpt":{"rendered":"<p>A Diretoria do SINPROFAZ esteve reunida na segunda-feira (3). Ao longo da reuni\u00e3o, os presentes debateram temas relativos \u00e0s prerrogativas da Carreira, com destaque para avan\u00e7os na concretiza\u00e7\u00e3o de direitos relacionados ao CCHA. Assuntos referentes a a\u00e7\u00f5es judiciais tamb\u00e9m foram tratados.<\/p>\n","protected":false},"author":2,"featured_media":19300,"comment_status":"open","ping_status":"open","sticky":false,"template":"","format":"standard","meta":{"footnotes":""},"categories":[8],"tags":[32,27,25],"featured_image_url":"https:\/\/sinprofaz.org.br\/2024\/wp-content\/uploads\/2025\/02\/1.png","character_count":658,"formatted_date":"04\/02\/2025 - 13:38","contentNovo":"A Diretoria do SINPROFAZ esteve reunida na segunda-feira (3). Ao longo da reuni\u00e3o, os presentes debateram temas relativos \u00e0s prerrogativas da Carreira, com destaque para avan\u00e7os na concretiza\u00e7\u00e3o de direitos relacionados ao trabalho do CCHA. Assuntos referentes a a\u00e7\u00f5es judiciais foram tratados por diretoras e diretores, que definiram estrat\u00e9gias de atua\u00e7\u00e3o a serem adotadas durante o m\u00eas de fevereiro.\r\n\r\n<strong>Diagn\u00f3stico da Carreira\r\n<\/strong>A realiza\u00e7\u00e3o do 2\u00ba Diagn\u00f3stico da Carreira de Procurador da Fazenda Nacional tamb\u00e9m foi pauta da reuni\u00e3o. A primeira edi\u00e7\u00e3o da pesquisa foi conclu\u00edda em 2019 e representou um estudo in\u00e9dito na Advocacia P\u00fablica Federal. Ap\u00f3s cinco anos de grandes mudan\u00e7as, uma nova pesquisa \u00e9 necess\u00e1ria para a atualiza\u00e7\u00e3o do panorama sobre a demografia, a identidade e o trabalho dos PFNs. O 2\u00ba Diagn\u00f3stico j\u00e1 est\u00e1 em fase de planejamento. Desde j\u00e1, o SINPROFAZ convida todas e todos para participarem do estudo!\r\n\r\n[gallery link=\"file\" ids=\"19301\"]\r\n\r\n","_links":{"self":[{"href":"https:\/\/sinprofaz.org.br\/2024\/wp-json\/wp\/v2\/posts\/19299"}],"collection":[{"href":"https:\/\/sinprofaz.org.br\/2024\/wp-json\/wp\/v2\/posts"}],"about":[{"href":"https:\/\/sinprofaz.org.br\/2024\/wp-json\/wp\/v2\/types\/post"}],"author":[{"embeddable":true,"href":"https:\/\/sinprofaz.org.br\/2024\/wp-json\/wp\/v2\/users\/2"}],"replies":[{"embeddable":true,"href":"https:\/\/sinprofaz.org.br\/2024\/wp-json\/wp\/v2\/comments?post=19299"}],"version-history":[{"count":1,"href":"https:\/\/sinprofaz.org.br\/2024\/wp-json\/wp\/v2\/posts\/19299\/revisions"}],"predecessor-version":[{"id":19302,"href":"https:\/\/sinprofaz.org.br\/2024\/wp-json\/wp\/v2\/posts\/19299\/revisions\/19302"}],"wp:featuredmedia":[{"embeddable":true,"href":"https:\/\/sinprofaz.org.br\/2024\/wp-json\/wp\/v2\/media\/19300"}],"wp:attachment":[{"href":"https:\/\/sinprofaz.org.br\/2024\/wp-json\/wp\/v2\/media?parent=19299"}],"wp:term":[{"taxonomy":"category","embeddable":true,"href":"https:\/\/sinprofaz.org.br\/2024\/wp-json\/wp\/v2\/categories?post=19299"},{"taxonomy":"post_tag","embeddable":true,"href":"https:\/\/sinprofaz.org.br\/2024\/wp-json\/wp\/v2\/tags?post=19299"}],"curies":[{"name":"wp","href":"https:\/\/api.w.org\/{rel}","templated":true}]}}