{"id":1928,"date":"2014-10-08T18:38:40","date_gmt":"2014-10-08T18:38:40","guid":{"rendered":""},"modified":"-0001-11-30T00:00:00","modified_gmt":"-0001-11-30T03:00:00","slug":"dia-nacional-de-paralisacao-advocacia-publica-federal-e-a-mobilizacao-de-05-de-novembro","status":"publish","type":"post","link":"https:\/\/sinprofaz.org.br\/2024\/noticias\/dia-nacional-de-paralisacao-advocacia-publica-federal-e-a-mobilizacao-de-05-de-novembro\/","title":{"rendered":"Dia Nacional de Paralisa\u00e7\u00e3o: Advocacia P\u00fablica Federal e a mobiliza\u00e7\u00e3o de 05 de novembro"},"content":{"rendered":"<p style=\"text-align: justify;\"><img loading=\"lazy\" decoding=\"async\" style=\"margin-right: 10px; float: left;\" alt=\"\" src=\"images\/noticias\/dia-nacional-de-paralisacao\/01.jpg\" height=\"175\" width=\"218\" \/>As entidades da Advocacia P\u00fablica Federal j\u00e1 est\u00e3o planejando o pr\u00f3ximo Dia Nacional de Paralisa\u00e7\u00e3o, a ocorrer em 05 de novembro. Nessa data, os Advogados da Uni\u00e3o, Procuradores da Fazenda Nacional, Procuradores Federais e Procuradores do Banco Central do Brasil dar\u00e3o continuidade \u00e0s manifesta\u00e7\u00f5es iniciadas no \u00faltimo dia 1\u00ba de outubro.<\/p>\n<p style=\"text-align: justify;\">Em 05 de novembro, os Advogados P\u00fablicos Federais realizar\u00e3o mobiliza\u00e7\u00f5es nos diversos Estados da federa\u00e7\u00e3o, de forma conjunta entre as Carreiras envolvidas. J\u00e1 em Bras\u00edlia\/DF, ocorrer\u00e1 um grande Ato P\u00fablico no Congresso Nacional, em hor\u00e1rio a ser oportunamente informado.<\/p>\n<p style=\"text-align: justify;\">O objetivo do pr\u00f3ximo Dia Nacional de Paralisa\u00e7\u00e3o ser\u00e1 apresentar as dificuldades enfrentadas pelos Advogados da Uni\u00e3o, Procuradores da Fazenda Nacional, Procuradores Federais e Procuradores do Banco Central do Brasil, que sofrem com enormes car\u00eancias estruturais e defasagem remunerat\u00f3ria. Da mesma forma, ser\u00e1 novamente defendida a autonomia da Advocacia P\u00fablica (na Proposta de Emenda Constitucional n\u00ba 82\/2007) e os honor\u00e1rios de sucumb\u00eancia para Advogados P\u00fablicos (no Projeto do Novo C\u00f3digo de Processo Civil).<\/p>\n","protected":false},"excerpt":{"rendered":"<p style=\"text-align: justify;\">As entidades da Advocacia P\u00fablica Federal j\u00e1 est\u00e3o planejando o pr\u00f3ximo Dia Nacional de Paralisa\u00e7\u00e3o, a ocorrer em 05 de novembro. Nessa data, os Advogados da Uni\u00e3o, Procuradores da Fazenda Nacional, Procuradores Federais e Procuradores do Banco Central do Brasil dar\u00e3o continuidade \u00e0s manifesta\u00e7\u00f5es iniciadas no \u00faltimo dia 1\u00ba de outubro.<\/p>\n","protected":false},"author":1,"featured_media":0,"comment_status":"closed","ping_status":"open","sticky":false,"template":"","format":"standard","meta":{"footnotes":""},"categories":[8],"tags":[],"featured_image_url":"https:\/\/dummyimage.com\/720x400","character_count":583,"formatted_date":"08\/10\/2014 - 18:38","contentNovo":"\r\n<p style=\"text-align: justify;\">As entidades da Advocacia P\u00fablica Federal j\u00e1 est\u00e3o planejando o pr\u00f3ximo Dia Nacional de Paralisa\u00e7\u00e3o, a ocorrer em 05 de novembro. Nessa data, os Advogados da Uni\u00e3o, Procuradores da Fazenda Nacional, Procuradores Federais e Procuradores do Banco Central do Brasil dar\u00e3o continuidade \u00e0s manifesta\u00e7\u00f5es iniciadas no \u00faltimo dia 1\u00ba de outubro.<\/p>\r\n<p style=\"text-align: justify;\">Em 05 de novembro, os Advogados P\u00fablicos Federais realizar\u00e3o mobiliza\u00e7\u00f5es nos diversos Estados da federa\u00e7\u00e3o, de forma conjunta entre as Carreiras envolvidas. J\u00e1 em Bras\u00edlia\/DF, ocorrer\u00e1 um grande Ato P\u00fablico no Congresso Nacional, em hor\u00e1rio a ser oportunamente informado.<\/p>\r\n<p style=\"text-align: justify;\">O objetivo do pr\u00f3ximo Dia Nacional de Paralisa\u00e7\u00e3o ser\u00e1 apresentar as dificuldades enfrentadas pelos Advogados da Uni\u00e3o, Procuradores da Fazenda Nacional, Procuradores Federais e Procuradores do Banco Central do Brasil, que sofrem com enormes car\u00eancias estruturais e defasagem remunerat\u00f3ria. Da mesma forma, ser\u00e1 novamente defendida a autonomia da Advocacia P\u00fablica (na Proposta de Emenda Constitucional n\u00ba 82\/2007) e os honor\u00e1rios de sucumb\u00eancia para Advogados P\u00fablicos (no Projeto do Novo C\u00f3digo de Processo Civil).<\/p>","_links":{"self":[{"href":"https:\/\/sinprofaz.org.br\/2024\/wp-json\/wp\/v2\/posts\/1928"}],"collection":[{"href":"https:\/\/sinprofaz.org.br\/2024\/wp-json\/wp\/v2\/posts"}],"about":[{"href":"https:\/\/sinprofaz.org.br\/2024\/wp-json\/wp\/v2\/types\/post"}],"author":[{"embeddable":true,"href":"https:\/\/sinprofaz.org.br\/2024\/wp-json\/wp\/v2\/users\/1"}],"replies":[{"embeddable":true,"href":"https:\/\/sinprofaz.org.br\/2024\/wp-json\/wp\/v2\/comments?post=1928"}],"version-history":[{"count":0,"href":"https:\/\/sinprofaz.org.br\/2024\/wp-json\/wp\/v2\/posts\/1928\/revisions"}],"wp:attachment":[{"href":"https:\/\/sinprofaz.org.br\/2024\/wp-json\/wp\/v2\/media?parent=1928"}],"wp:term":[{"taxonomy":"category","embeddable":true,"href":"https:\/\/sinprofaz.org.br\/2024\/wp-json\/wp\/v2\/categories?post=1928"},{"taxonomy":"post_tag","embeddable":true,"href":"https:\/\/sinprofaz.org.br\/2024\/wp-json\/wp\/v2\/tags?post=1928"}],"curies":[{"name":"wp","href":"https:\/\/api.w.org\/{rel}","templated":true}]}}