{"id":19274,"date":"2025-01-28T13:40:26","date_gmt":"2025-01-28T16:40:26","guid":{"rendered":"https:\/\/sinprofaz.org.br\/2024\/?p=19274"},"modified":"2025-01-28T14:00:06","modified_gmt":"2025-01-28T17:00:06","slug":"entidades-da-advocacia-publica-federal-se-reunem-com-nova-diretoria-da-oab-es","status":"publish","type":"post","link":"https:\/\/sinprofaz.org.br\/2024\/noticias\/entidades-da-advocacia-publica-federal-se-reunem-com-nova-diretoria-da-oab-es\/","title":{"rendered":"ENTIDADES DA ADVOCACIA P\u00daBLICA FEDERAL SE RE\u00daNEM COM NOVA DIRETORIA DA OAB\/ES"},"content":{"rendered":"<p>Na segunda-feira (27), o SINPROFAZ, representado pelo Delegado Sindical Alberto Canellas, juntamente com a ANAUNI, a ANAFE e a ANPPREV, realizou um importante encontro com a nova Diretoria da OAB no Esp\u00edrito Santo.<\/p>\n<p>Estiveram presentes Erica Neves (Presidente da OAB\/ES), Maria Eduarda Barcellos (Assessora da Presid\u00eancia), Carlos Augusto Motta Leal (Vice-Presidente), Camila Brunhara (Secret\u00e1ria-Geral Adjunta) e Luiz Claudio Allemand (Conselheiro Federal), al\u00e9m de chefes de Unidades da AGU no Esp\u00edrito Santo.<\/p>\n<p>O encontro representou uma valiosa oportunidade para o fortalecimento da interlocu\u00e7\u00e3o da Advocacia P\u00fablica Federal junto \u00e0 OAB, assim como para o estreitamento dos la\u00e7os institucionais, uma vez que foram abordadas pautas e demandas relevantes para os Advogados P\u00fablicos como um todo.<\/p>\n<p>O SINPROFAZ agradece \u00e0 nova Diretoria da OAB\/ES pela receptividade e disposi\u00e7\u00e3o de construir um canal de di\u00e1logo cont\u00ednuo e produtivo. Entidades e Ordem seguir\u00e3o unidas em prol do fortalecimento da Advocacia e da busca por melhorias que beneficiem toda a classe.<\/p>\n\n\t\t<style type=\"text\/css\">\n\t\t\t#gallery-1 {\n\t\t\t\tmargin: auto;\n\t\t\t}\n\t\t\t#gallery-1 .gallery-item {\n\t\t\t\tfloat: left;\n\t\t\t\tmargin-top: 10px;\n\t\t\t\ttext-align: center;\n\t\t\t\twidth: 33%;\n\t\t\t}\n\t\t\t#gallery-1 img {\n\t\t\t\tborder: 2px solid #cfcfcf;\n\t\t\t}\n\t\t\t#gallery-1 .gallery-caption {\n\t\t\t\tmargin-left: 0;\n\t\t\t}\n\t\t\t\/* see gallery_shortcode() in wp-includes\/media.php *\/\n\t\t<\/style>\n\t\t<div id='gallery-1' class='gallery galleryid-19274 gallery-columns-3 gallery-size-thumbnail'><dl class='gallery-item'>\n\t\t\t<dt class='gallery-icon landscape'>\n\t\t\t\t<a href='https:\/\/sinprofaz.org.br\/2024\/wp-content\/uploads\/2025\/01\/2-2.png'><img loading=\"lazy\" decoding=\"async\" width=\"150\" height=\"150\" src=\"https:\/\/sinprofaz.org.br\/2024\/wp-content\/uploads\/2025\/01\/2-2-150x150.png\" class=\"attachment-thumbnail size-thumbnail\" alt=\"\" \/><\/a>\n\t\t\t<\/dt><\/dl>\n\t\t\t<br style='clear: both' \/>\n\t\t<\/div>\n\n","protected":false},"excerpt":{"rendered":"<p>O encontro representou uma oportunidade para o fortalecimento da interlocu\u00e7\u00e3o da Advocacia P\u00fablica Federal junto \u00e0 OAB, assim como para o estreitamento dos la\u00e7os institucionais, uma vez que foram abordadas pautas e demandas relevantes para os Advogados como um todo. <\/p>\n","protected":false},"author":2,"featured_media":19275,"comment_status":"open","ping_status":"open","sticky":false,"template":"","format":"standard","meta":{"footnotes":""},"categories":[8],"tags":[239,23,22],"featured_image_url":"https:\/\/sinprofaz.org.br\/2024\/wp-content\/uploads\/2025\/01\/1-4.png","character_count":716,"formatted_date":"28\/01\/2025 - 13:40","contentNovo":"Na segunda-feira (27), o SINPROFAZ, representado pelo Delegado Sindical Alberto Canellas, juntamente com a ANAUNI, a ANAFE e a ANPPREV, realizou um importante encontro com a nova Diretoria da OAB no Esp\u00edrito Santo.\r\n\r\nEstiveram presentes Erica Neves (Presidente da OAB\/ES), Maria Eduarda Barcellos (Assessora da Presid\u00eancia), Carlos Augusto Motta Leal (Vice-Presidente), Camila Brunhara (Secret\u00e1ria-Geral Adjunta) e Luiz Claudio Allemand (Conselheiro Federal), al\u00e9m de chefes de Unidades da AGU no Esp\u00edrito Santo.\r\n\r\nO encontro representou uma valiosa oportunidade para o fortalecimento da interlocu\u00e7\u00e3o da Advocacia P\u00fablica Federal junto \u00e0 OAB, assim como para o estreitamento dos la\u00e7os institucionais, uma vez que foram abordadas pautas e demandas relevantes para os Advogados P\u00fablicos como um todo.\r\n\r\nO SINPROFAZ agradece \u00e0 nova Diretoria da OAB\/ES pela receptividade e disposi\u00e7\u00e3o de construir um canal de di\u00e1logo cont\u00ednuo e produtivo. Entidades e Ordem seguir\u00e3o unidas em prol do fortalecimento da Advocacia e da busca por melhorias que beneficiem toda a classe.\r\n\r\n[gallery link=\"file\" ids=\"19276\"]","_links":{"self":[{"href":"https:\/\/sinprofaz.org.br\/2024\/wp-json\/wp\/v2\/posts\/19274"}],"collection":[{"href":"https:\/\/sinprofaz.org.br\/2024\/wp-json\/wp\/v2\/posts"}],"about":[{"href":"https:\/\/sinprofaz.org.br\/2024\/wp-json\/wp\/v2\/types\/post"}],"author":[{"embeddable":true,"href":"https:\/\/sinprofaz.org.br\/2024\/wp-json\/wp\/v2\/users\/2"}],"replies":[{"embeddable":true,"href":"https:\/\/sinprofaz.org.br\/2024\/wp-json\/wp\/v2\/comments?post=19274"}],"version-history":[{"count":2,"href":"https:\/\/sinprofaz.org.br\/2024\/wp-json\/wp\/v2\/posts\/19274\/revisions"}],"predecessor-version":[{"id":19278,"href":"https:\/\/sinprofaz.org.br\/2024\/wp-json\/wp\/v2\/posts\/19274\/revisions\/19278"}],"wp:featuredmedia":[{"embeddable":true,"href":"https:\/\/sinprofaz.org.br\/2024\/wp-json\/wp\/v2\/media\/19275"}],"wp:attachment":[{"href":"https:\/\/sinprofaz.org.br\/2024\/wp-json\/wp\/v2\/media?parent=19274"}],"wp:term":[{"taxonomy":"category","embeddable":true,"href":"https:\/\/sinprofaz.org.br\/2024\/wp-json\/wp\/v2\/categories?post=19274"},{"taxonomy":"post_tag","embeddable":true,"href":"https:\/\/sinprofaz.org.br\/2024\/wp-json\/wp\/v2\/tags?post=19274"}],"curies":[{"name":"wp","href":"https:\/\/api.w.org\/{rel}","templated":true}]}}