{"id":19248,"date":"2025-01-27T15:25:03","date_gmt":"2025-01-27T18:25:03","guid":{"rendered":"https:\/\/sinprofaz.org.br\/2024\/?p=19248"},"modified":"2025-01-27T15:38:18","modified_gmt":"2025-01-27T18:38:18","slug":"sinprofaz-participa-da-solenidade-de-posse-dos-novos-membros-da-carreira","status":"publish","type":"post","link":"https:\/\/sinprofaz.org.br\/2024\/noticias\/sinprofaz-participa-da-solenidade-de-posse-dos-novos-membros-da-carreira\/","title":{"rendered":"SINPROFAZ PARTICIPA DA SOLENIDADE DE POSSE DOS NOVOS MEMBROS DA CARREIRA"},"content":{"rendered":"<p>O SINPROFAZ, representado pela presidente Iolanda Guindani, pelo diretor Roberto Rodrigues e pelos filiados Daniel Giotti e Francisco Saboia, integrantes da Comiss\u00e3o Parlamentar do Sindicato, compareceu\u00a0hoje (27) \u00e0 Solenidade de Posse dos novos Membros da Carreira. A cerim\u00f4nia ocorreu em Bras\u00edlia\/DF e foi prestigiada por autoridades como o vice-AGU, Flavio Roman, e a procuradora-geral da Fazenda Nacional, Anelize Ruas. Na ocasi\u00e3o, o SINPROFAZ teve a honra de entregar kits especiais de boas-vindas e convidar os novos Colegas para engrossarem as fileiras de luta em defesa da Carreira.<\/p>\n<p>&#8220;A posse dos novos Membros ocorre em momento singular e de grandes desafios para toda a AGU. As frentes de batalha s\u00e3o diversas e demandam a atua\u00e7\u00e3o\u00a0coordenada das procuradoras e dos procuradores da Fazenda Nacional. Por isso, os novos Colegas s\u00e3o convidados a se filiarem hoje mesmo ao SINPROFAZ. A expectativa do Sindicato \u00e9 de poder contar com o apoio e a ades\u00e3o de todos os novos Membros. Apenas unidos seremos capazes de nos fortalecer, alcan\u00e7ar novas vit\u00f3rias e elevar a PGFN\u00a0ao devido patamar de relev\u00e2ncia no \u00e2mbito do Poder Executivo federal&#8221;, ressaltou a presidente do SINPROFAZ.<\/p>\n<p><strong>Solenidade de Posse<br \/>\n<\/strong>Escolhido como orador da Carreira, coube a Jo\u00e3o Gabriel Tavares Vieira Soares assinar o termo de posse em nome dos Colegas. Em discurso comovente e muito aplaudido, o PFN destacou o percurso de obst\u00e1culos, fracassos, vit\u00f3rias e desafios que testaram a determina\u00e7\u00e3o dos novos advogados p\u00fablicos federais: &#8220;Esta cerim\u00f4nia, mais do que a celebra\u00e7\u00e3o de uma conquista pessoal, \u00e9 a consagra\u00e7\u00e3o de uma trajet\u00f3ria de esfor\u00e7o, supera\u00e7\u00e3o e compromisso para ingressar definitivamente em uma das carreiras mais importantes do servi\u00e7o p\u00fablico brasileiro. Estudar para concurso p\u00fablico demanda coragem, disciplina e uma f\u00e9 inabal\u00e1vel no futuro. Exige a disposi\u00e7\u00e3o de abra\u00e7ar o vazio&#8221;.<\/p>\n<p>\u00c9 com grande felicidade que o SINPROFAZ recebe os novos\u00a0Membros\u00a0da Carreira. A emo\u00e7\u00e3o e o orgulho dos empossandos e familiares tornam este dia de comemora\u00e7\u00e3o ainda mais especial. \u00c0s novas e aos novos Colegas, o SINPROFAZ deseja ainda mais sucesso. Sejam muito bem-vindos \u00e0 Procuradoria da Fazenda Nacional e \u00e0 Advocacia P\u00fablica Federal!<\/p>\n\n\t\t<style type=\"text\/css\">\n\t\t\t#gallery-1 {\n\t\t\t\tmargin: auto;\n\t\t\t}\n\t\t\t#gallery-1 .gallery-item {\n\t\t\t\tfloat: left;\n\t\t\t\tmargin-top: 10px;\n\t\t\t\ttext-align: center;\n\t\t\t\twidth: 33%;\n\t\t\t}\n\t\t\t#gallery-1 img {\n\t\t\t\tborder: 2px solid #cfcfcf;\n\t\t\t}\n\t\t\t#gallery-1 .gallery-caption {\n\t\t\t\tmargin-left: 0;\n\t\t\t}\n\t\t\t\/* see gallery_shortcode() in wp-includes\/media.php *\/\n\t\t<\/style>\n\t\t<div id='gallery-1' class='gallery galleryid-19248 gallery-columns-3 gallery-size-thumbnail'><dl class='gallery-item'>\n\t\t\t<dt class='gallery-icon landscape'>\n\t\t\t\t<a href='https:\/\/sinprofaz.org.br\/2024\/wp-content\/uploads\/2025\/01\/2-1.png'><img loading=\"lazy\" decoding=\"async\" width=\"150\" height=\"150\" src=\"https:\/\/sinprofaz.org.br\/2024\/wp-content\/uploads\/2025\/01\/2-1-150x150.png\" class=\"attachment-thumbnail size-thumbnail\" alt=\"\" \/><\/a>\n\t\t\t<\/dt><\/dl><dl class='gallery-item'>\n\t\t\t<dt class='gallery-icon landscape'>\n\t\t\t\t<a href='https:\/\/sinprofaz.org.br\/2024\/wp-content\/uploads\/2025\/01\/3-1.png'><img loading=\"lazy\" decoding=\"async\" width=\"150\" height=\"150\" src=\"https:\/\/sinprofaz.org.br\/2024\/wp-content\/uploads\/2025\/01\/3-1-150x150.png\" class=\"attachment-thumbnail size-thumbnail\" alt=\"\" \/><\/a>\n\t\t\t<\/dt><\/dl><dl class='gallery-item'>\n\t\t\t<dt class='gallery-icon landscape'>\n\t\t\t\t<a href='https:\/\/sinprofaz.org.br\/2024\/wp-content\/uploads\/2025\/01\/4.png'><img loading=\"lazy\" decoding=\"async\" width=\"150\" height=\"150\" src=\"https:\/\/sinprofaz.org.br\/2024\/wp-content\/uploads\/2025\/01\/4-150x150.png\" class=\"attachment-thumbnail size-thumbnail\" alt=\"\" \/><\/a>\n\t\t\t<\/dt><\/dl><br style=\"clear: both\" \/><dl class='gallery-item'>\n\t\t\t<dt class='gallery-icon landscape'>\n\t\t\t\t<a href='https:\/\/sinprofaz.org.br\/2024\/wp-content\/uploads\/2025\/01\/5.png'><img loading=\"lazy\" decoding=\"async\" width=\"150\" height=\"150\" src=\"https:\/\/sinprofaz.org.br\/2024\/wp-content\/uploads\/2025\/01\/5-150x150.png\" class=\"attachment-thumbnail size-thumbnail\" alt=\"\" \/><\/a>\n\t\t\t<\/dt><\/dl><dl class='gallery-item'>\n\t\t\t<dt class='gallery-icon landscape'>\n\t\t\t\t<a href='https:\/\/sinprofaz.org.br\/2024\/wp-content\/uploads\/2025\/01\/6.png'><img loading=\"lazy\" decoding=\"async\" width=\"150\" height=\"150\" src=\"https:\/\/sinprofaz.org.br\/2024\/wp-content\/uploads\/2025\/01\/6-150x150.png\" class=\"attachment-thumbnail size-thumbnail\" alt=\"\" \/><\/a>\n\t\t\t<\/dt><\/dl><dl class='gallery-item'>\n\t\t\t<dt class='gallery-icon landscape'>\n\t\t\t\t<a href='https:\/\/sinprofaz.org.br\/2024\/wp-content\/uploads\/2025\/01\/7.png'><img loading=\"lazy\" decoding=\"async\" width=\"150\" height=\"150\" src=\"https:\/\/sinprofaz.org.br\/2024\/wp-content\/uploads\/2025\/01\/7-150x150.png\" class=\"attachment-thumbnail size-thumbnail\" alt=\"\" \/><\/a>\n\t\t\t<\/dt><\/dl><br style=\"clear: both\" \/><dl class='gallery-item'>\n\t\t\t<dt class='gallery-icon landscape'>\n\t\t\t\t<a href='https:\/\/sinprofaz.org.br\/2024\/wp-content\/uploads\/2025\/01\/8.png'><img loading=\"lazy\" decoding=\"async\" width=\"150\" height=\"150\" src=\"https:\/\/sinprofaz.org.br\/2024\/wp-content\/uploads\/2025\/01\/8-150x150.png\" class=\"attachment-thumbnail size-thumbnail\" alt=\"\" \/><\/a>\n\t\t\t<\/dt><\/dl><dl class='gallery-item'>\n\t\t\t<dt class='gallery-icon landscape'>\n\t\t\t\t<a href='https:\/\/sinprofaz.org.br\/2024\/wp-content\/uploads\/2025\/01\/9.png'><img loading=\"lazy\" decoding=\"async\" width=\"150\" height=\"150\" src=\"https:\/\/sinprofaz.org.br\/2024\/wp-content\/uploads\/2025\/01\/9-150x150.png\" class=\"attachment-thumbnail size-thumbnail\" alt=\"\" \/><\/a>\n\t\t\t<\/dt><\/dl><dl class='gallery-item'>\n\t\t\t<dt class='gallery-icon landscape'>\n\t\t\t\t<a href='https:\/\/sinprofaz.org.br\/2024\/wp-content\/uploads\/2025\/01\/10.png'><img loading=\"lazy\" decoding=\"async\" width=\"150\" height=\"150\" src=\"https:\/\/sinprofaz.org.br\/2024\/wp-content\/uploads\/2025\/01\/10-150x150.png\" class=\"attachment-thumbnail size-thumbnail\" alt=\"\" \/><\/a>\n\t\t\t<\/dt><\/dl><br style=\"clear: both\" \/><dl class='gallery-item'>\n\t\t\t<dt class='gallery-icon landscape'>\n\t\t\t\t<a href='https:\/\/sinprofaz.org.br\/2024\/wp-content\/uploads\/2025\/01\/11.png'><img loading=\"lazy\" decoding=\"async\" width=\"150\" height=\"150\" src=\"https:\/\/sinprofaz.org.br\/2024\/wp-content\/uploads\/2025\/01\/11-150x150.png\" class=\"attachment-thumbnail size-thumbnail\" alt=\"\" \/><\/a>\n\t\t\t<\/dt><\/dl><dl class='gallery-item'>\n\t\t\t<dt class='gallery-icon landscape'>\n\t\t\t\t<a href='https:\/\/sinprofaz.org.br\/2024\/wp-content\/uploads\/2025\/01\/12.png'><img loading=\"lazy\" decoding=\"async\" width=\"150\" height=\"150\" src=\"https:\/\/sinprofaz.org.br\/2024\/wp-content\/uploads\/2025\/01\/12-150x150.png\" class=\"attachment-thumbnail size-thumbnail\" alt=\"\" \/><\/a>\n\t\t\t<\/dt><\/dl><dl class='gallery-item'>\n\t\t\t<dt class='gallery-icon landscape'>\n\t\t\t\t<a href='https:\/\/sinprofaz.org.br\/2024\/wp-content\/uploads\/2025\/01\/13.png'><img loading=\"lazy\" decoding=\"async\" width=\"150\" height=\"150\" src=\"https:\/\/sinprofaz.org.br\/2024\/wp-content\/uploads\/2025\/01\/13-150x150.png\" class=\"attachment-thumbnail size-thumbnail\" alt=\"\" \/><\/a>\n\t\t\t<\/dt><\/dl><br style=\"clear: both\" \/><dl class='gallery-item'>\n\t\t\t<dt class='gallery-icon landscape'>\n\t\t\t\t<a href='https:\/\/sinprofaz.org.br\/2024\/wp-content\/uploads\/2025\/01\/14.png'><img loading=\"lazy\" decoding=\"async\" width=\"150\" height=\"150\" src=\"https:\/\/sinprofaz.org.br\/2024\/wp-content\/uploads\/2025\/01\/14-150x150.png\" class=\"attachment-thumbnail size-thumbnail\" alt=\"\" \/><\/a>\n\t\t\t<\/dt><\/dl><dl class='gallery-item'>\n\t\t\t<dt class='gallery-icon landscape'>\n\t\t\t\t<a href='https:\/\/sinprofaz.org.br\/2024\/wp-content\/uploads\/2025\/01\/15.png'><img loading=\"lazy\" decoding=\"async\" width=\"150\" height=\"150\" src=\"https:\/\/sinprofaz.org.br\/2024\/wp-content\/uploads\/2025\/01\/15-150x150.png\" class=\"attachment-thumbnail size-thumbnail\" alt=\"\" \/><\/a>\n\t\t\t<\/dt><\/dl><dl class='gallery-item'>\n\t\t\t<dt class='gallery-icon landscape'>\n\t\t\t\t<a href='https:\/\/sinprofaz.org.br\/2024\/wp-content\/uploads\/2025\/01\/16.png'><img loading=\"lazy\" decoding=\"async\" width=\"150\" height=\"150\" src=\"https:\/\/sinprofaz.org.br\/2024\/wp-content\/uploads\/2025\/01\/16-150x150.png\" class=\"attachment-thumbnail size-thumbnail\" alt=\"\" \/><\/a>\n\t\t\t<\/dt><\/dl><br style=\"clear: both\" \/><dl class='gallery-item'>\n\t\t\t<dt class='gallery-icon landscape'>\n\t\t\t\t<a href='https:\/\/sinprofaz.org.br\/2024\/wp-content\/uploads\/2025\/01\/17.png'><img loading=\"lazy\" decoding=\"async\" width=\"150\" height=\"150\" src=\"https:\/\/sinprofaz.org.br\/2024\/wp-content\/uploads\/2025\/01\/17-150x150.png\" class=\"attachment-thumbnail size-thumbnail\" alt=\"\" \/><\/a>\n\t\t\t<\/dt><\/dl><dl class='gallery-item'>\n\t\t\t<dt class='gallery-icon landscape'>\n\t\t\t\t<a href='https:\/\/sinprofaz.org.br\/2024\/wp-content\/uploads\/2025\/01\/18.png'><img loading=\"lazy\" decoding=\"async\" width=\"150\" height=\"150\" src=\"https:\/\/sinprofaz.org.br\/2024\/wp-content\/uploads\/2025\/01\/18-150x150.png\" class=\"attachment-thumbnail size-thumbnail\" alt=\"\" \/><\/a>\n\t\t\t<\/dt><\/dl><dl class='gallery-item'>\n\t\t\t<dt class='gallery-icon landscape'>\n\t\t\t\t<a href='https:\/\/sinprofaz.org.br\/2024\/wp-content\/uploads\/2025\/01\/19-1.png'><img loading=\"lazy\" decoding=\"async\" width=\"150\" height=\"150\" src=\"https:\/\/sinprofaz.org.br\/2024\/wp-content\/uploads\/2025\/01\/19-1-150x150.png\" class=\"attachment-thumbnail size-thumbnail\" alt=\"\" \/><\/a>\n\t\t\t<\/dt><\/dl><br style=\"clear: both\" \/>\n\t\t<\/div>\n\n<p><!-- notionvc: 9cd9e0e6-d1d3-4649-b30a-18306fe1db68 --><\/p>\n","protected":false},"excerpt":{"rendered":"<p>O SINPROFAZ, representado pela presidente Iolanda Guindani, pelo diretor Roberto Rodrigues e pelos filiados Daniel Giotti e Francisco Saboia, integrantes da Comiss\u00e3o Parlamentar do Sindicato, compareceu nesta segunda-feira (27) \u00e0 Solenidade de Posse dos novos Membros da Carreira.<\/p>\n","protected":false},"author":2,"featured_media":19249,"comment_status":"open","ping_status":"open","sticky":false,"template":"","format":"standard","meta":{"footnotes":""},"categories":[8],"tags":[32,116,25],"featured_image_url":"https:\/\/sinprofaz.org.br\/2024\/wp-content\/uploads\/2025\/01\/1-2.png","character_count":1430,"formatted_date":"27\/01\/2025 - 15:25","contentNovo":"O SINPROFAZ, representado pela presidente Iolanda Guindani, pelo diretor Roberto Rodrigues e pelos filiados Daniel Giotti e Francisco Saboia, integrantes da Comiss\u00e3o Parlamentar do Sindicato, compareceu\u00a0hoje (27) \u00e0 Solenidade de Posse dos novos Membros da Carreira. A cerim\u00f4nia ocorreu em Bras\u00edlia\/DF e foi prestigiada por autoridades como o vice-AGU, Flavio Roman, e a procuradora-geral da Fazenda Nacional, Anelize Ruas. Na ocasi\u00e3o, o SINPROFAZ teve a honra de entregar kits especiais de boas-vindas e convidar os novos Colegas para engrossarem as fileiras de luta em defesa da Carreira.\r\n\r\n\"A posse dos novos Membros ocorre em momento singular e de grandes desafios para toda a AGU. As frentes de batalha s\u00e3o diversas e demandam a atua\u00e7\u00e3o\u00a0coordenada das procuradoras e dos procuradores da Fazenda Nacional. Por isso, os novos Colegas s\u00e3o convidados a se filiarem hoje mesmo ao SINPROFAZ. A expectativa do Sindicato \u00e9 de poder contar com o apoio e a ades\u00e3o de todos os novos Membros. Apenas unidos seremos capazes de nos fortalecer, alcan\u00e7ar novas vit\u00f3rias e elevar a PGFN\u00a0ao devido patamar de relev\u00e2ncia no \u00e2mbito do Poder Executivo federal\", ressaltou a presidente do SINPROFAZ.\r\n\r\n<strong>Solenidade de Posse\r\n<\/strong>Escolhido como orador da Carreira, coube a Jo\u00e3o Gabriel Tavares Vieira Soares assinar o termo de posse em nome dos Colegas. Em discurso comovente e muito aplaudido, o PFN destacou o percurso de obst\u00e1culos, fracassos, vit\u00f3rias e desafios que testaram a determina\u00e7\u00e3o dos novos advogados p\u00fablicos federais: \"Esta cerim\u00f4nia, mais do que a celebra\u00e7\u00e3o de uma conquista pessoal, \u00e9 a consagra\u00e7\u00e3o de uma trajet\u00f3ria de esfor\u00e7o, supera\u00e7\u00e3o e compromisso para ingressar definitivamente em uma das carreiras mais importantes do servi\u00e7o p\u00fablico brasileiro. Estudar para concurso p\u00fablico demanda coragem, disciplina e uma f\u00e9 inabal\u00e1vel no futuro. Exige a disposi\u00e7\u00e3o de abra\u00e7ar o vazio\".\r\n\r\n\u00c9 com grande felicidade que o SINPROFAZ recebe os novos\u00a0Membros\u00a0da Carreira. A emo\u00e7\u00e3o e o orgulho dos empossandos e familiares tornam este dia de comemora\u00e7\u00e3o ainda mais especial. \u00c0s novas e aos novos Colegas, o SINPROFAZ deseja ainda mais sucesso. Sejam muito bem-vindos \u00e0 Procuradoria da Fazenda Nacional e \u00e0 Advocacia P\u00fablica Federal!\r\n\r\n[gallery link=\"file\" ids=\"19250,19251,19252,19253,19254,19255,19256,19257,19258,19259,19260,19261,19262,19263,19264,19265,19266,19269\"]\r\n\r\n","_links":{"self":[{"href":"https:\/\/sinprofaz.org.br\/2024\/wp-json\/wp\/v2\/posts\/19248"}],"collection":[{"href":"https:\/\/sinprofaz.org.br\/2024\/wp-json\/wp\/v2\/posts"}],"about":[{"href":"https:\/\/sinprofaz.org.br\/2024\/wp-json\/wp\/v2\/types\/post"}],"author":[{"embeddable":true,"href":"https:\/\/sinprofaz.org.br\/2024\/wp-json\/wp\/v2\/users\/2"}],"replies":[{"embeddable":true,"href":"https:\/\/sinprofaz.org.br\/2024\/wp-json\/wp\/v2\/comments?post=19248"}],"version-history":[{"count":2,"href":"https:\/\/sinprofaz.org.br\/2024\/wp-json\/wp\/v2\/posts\/19248\/revisions"}],"predecessor-version":[{"id":19270,"href":"https:\/\/sinprofaz.org.br\/2024\/wp-json\/wp\/v2\/posts\/19248\/revisions\/19270"}],"wp:featuredmedia":[{"embeddable":true,"href":"https:\/\/sinprofaz.org.br\/2024\/wp-json\/wp\/v2\/media\/19249"}],"wp:attachment":[{"href":"https:\/\/sinprofaz.org.br\/2024\/wp-json\/wp\/v2\/media?parent=19248"}],"wp:term":[{"taxonomy":"category","embeddable":true,"href":"https:\/\/sinprofaz.org.br\/2024\/wp-json\/wp\/v2\/categories?post=19248"},{"taxonomy":"post_tag","embeddable":true,"href":"https:\/\/sinprofaz.org.br\/2024\/wp-json\/wp\/v2\/tags?post=19248"}],"curies":[{"name":"wp","href":"https:\/\/api.w.org\/{rel}","templated":true}]}}