{"id":19246,"date":"2025-01-24T16:34:56","date_gmt":"2025-01-24T19:34:56","guid":{"rendered":"https:\/\/sinprofaz.org.br\/2024\/?p=19246"},"modified":"2025-01-24T16:34:56","modified_gmt":"2025-01-24T19:34:56","slug":"em-oficio-sinprofaz-solicita-reuniao-com-o-secretario-extraordinario-bernard-appy","status":"publish","type":"post","link":"https:\/\/sinprofaz.org.br\/2024\/noticias\/em-oficio-sinprofaz-solicita-reuniao-com-o-secretario-extraordinario-bernard-appy\/","title":{"rendered":"EM OF\u00cdCIO, SINPROFAZ SOLICITA REUNI\u00c3O COM O SECRET\u00c1RIO EXTRAORDIN\u00c1RIO BERNARD APPY"},"content":{"rendered":"<p>Em of\u00edcio encaminhado nesta sexta-feira (24), o SINPROFAZ solicitou uma reuni\u00e3o com o Secret\u00e1rio Extraordin\u00e1rio da Reforma Tribut\u00e1ria, Bernard Appy. O pedido de audi\u00eancia foi motivado pela necessidade de se debater aspectos relacionados \u00e0 eventual proposta do Governo Federal de limita\u00e7\u00e3o da isen\u00e7\u00e3o do IRPF para pessoas portadoras de mol\u00e9stia grave.<\/p>\n<p>Conforme destacado no of\u00edcio, o SINPROFAZ \u00e9 um entusiasta da Reforma Tribut\u00e1ria e da justi\u00e7a fiscal. A eventual proposta de limita\u00e7\u00e3o, por\u00e9m, vai absolutamente de encontro ao intuito da Reforma, que foi o de promover um sistema tribut\u00e1rio mais igualit\u00e1rio e equilibrado. No entendimento do SINPROFAZ, a proposta de limita\u00e7\u00e3o carece, ademais, de estudos que comprovem o efetivo impacto sobre a arrecada\u00e7\u00e3o federal.<\/p>\n<p>Confira a \u00edntegra do of\u00edcio:<br \/>\n<a href=\"https:\/\/sinprofaz.org.br\/2024\/wp-content\/uploads\/2025\/01\/Oficio-SINPROFAZ-3-2025.pdf\" target=\"_blank\" rel=\"noopener\">https:\/\/sinprofaz.org.br\/2024\/wp-content\/uploads\/2025\/01\/Oficio-SINPROFAZ-3-2025.pdf<\/a><\/p>\n<p><!-- notionvc: 7e885054-0382-45d5-a3f0-afe47b4b1e05 --><\/p>\n","protected":false},"excerpt":{"rendered":"<p>O pedido de audi\u00eancia com o Secret\u00e1rio Extraordin\u00e1rio da Reforma Tribut\u00e1ria, Bernard Appy, foi motivado pela necessidade de se debater aspectos relacionados \u00e0 eventual proposta do Governo Federal de limita\u00e7\u00e3o da isen\u00e7\u00e3o do IRPF para pessoas portadoras de mol\u00e9stia grave.<\/p>\n","protected":false},"author":2,"featured_media":0,"comment_status":"open","ping_status":"open","sticky":false,"template":"","format":"standard","meta":{"footnotes":""},"categories":[8],"tags":[32,146,128,25],"featured_image_url":"https:\/\/dummyimage.com\/720x400","character_count":454,"formatted_date":"24\/01\/2025 - 16:34","contentNovo":"Em of\u00edcio encaminhado nesta sexta-feira (24), o SINPROFAZ solicitou uma reuni\u00e3o com o Secret\u00e1rio Extraordin\u00e1rio da Reforma Tribut\u00e1ria, Bernard Appy. O pedido de audi\u00eancia foi motivado pela necessidade de se debater aspectos relacionados \u00e0 eventual proposta do Governo Federal de limita\u00e7\u00e3o da isen\u00e7\u00e3o do IRPF para pessoas portadoras de mol\u00e9stia grave.\r\n\r\nConforme destacado no of\u00edcio, o SINPROFAZ \u00e9 um entusiasta da Reforma Tribut\u00e1ria e da justi\u00e7a fiscal. A eventual proposta de limita\u00e7\u00e3o, por\u00e9m, vai absolutamente de encontro ao intuito da Reforma, que foi o de promover um sistema tribut\u00e1rio mais igualit\u00e1rio e equilibrado. No entendimento do SINPROFAZ, a proposta de limita\u00e7\u00e3o carece, ademais, de estudos que comprovem o efetivo impacto sobre a arrecada\u00e7\u00e3o federal.\r\n\r\nConfira a \u00edntegra do of\u00edcio:\r\n<a href=\"https:\/\/sinprofaz.org.br\/2024\/wp-content\/uploads\/2025\/01\/Oficio-SINPROFAZ-3-2025.pdf\" target=\"_blank\" rel=\"noopener\">https:\/\/sinprofaz.org.br\/2024\/wp-content\/uploads\/2025\/01\/Oficio-SINPROFAZ-3-2025.pdf<\/a>\r\n\r\n","_links":{"self":[{"href":"https:\/\/sinprofaz.org.br\/2024\/wp-json\/wp\/v2\/posts\/19246"}],"collection":[{"href":"https:\/\/sinprofaz.org.br\/2024\/wp-json\/wp\/v2\/posts"}],"about":[{"href":"https:\/\/sinprofaz.org.br\/2024\/wp-json\/wp\/v2\/types\/post"}],"author":[{"embeddable":true,"href":"https:\/\/sinprofaz.org.br\/2024\/wp-json\/wp\/v2\/users\/2"}],"replies":[{"embeddable":true,"href":"https:\/\/sinprofaz.org.br\/2024\/wp-json\/wp\/v2\/comments?post=19246"}],"version-history":[{"count":1,"href":"https:\/\/sinprofaz.org.br\/2024\/wp-json\/wp\/v2\/posts\/19246\/revisions"}],"predecessor-version":[{"id":19247,"href":"https:\/\/sinprofaz.org.br\/2024\/wp-json\/wp\/v2\/posts\/19246\/revisions\/19247"}],"wp:attachment":[{"href":"https:\/\/sinprofaz.org.br\/2024\/wp-json\/wp\/v2\/media?parent=19246"}],"wp:term":[{"taxonomy":"category","embeddable":true,"href":"https:\/\/sinprofaz.org.br\/2024\/wp-json\/wp\/v2\/categories?post=19246"},{"taxonomy":"post_tag","embeddable":true,"href":"https:\/\/sinprofaz.org.br\/2024\/wp-json\/wp\/v2\/tags?post=19246"}],"curies":[{"name":"wp","href":"https:\/\/api.w.org\/{rel}","templated":true}]}}