{"id":19230,"date":"2024-12-31T10:49:15","date_gmt":"2024-12-31T13:49:15","guid":{"rendered":"https:\/\/sinprofaz.org.br\/2024\/?p=19230"},"modified":"2025-01-14T10:51:26","modified_gmt":"2025-01-14T13:51:26","slug":"sinprofaz-parabeniza-os-36-novos-pfns-nomeados-para-a-carreira","status":"publish","type":"post","link":"https:\/\/sinprofaz.org.br\/2024\/noticias\/sinprofaz-parabeniza-os-36-novos-pfns-nomeados-para-a-carreira\/","title":{"rendered":"SINPROFAZ PARABENIZA OS 36 NOVOS PFNS NOMEADOS PARA A CARREIRA"},"content":{"rendered":"<p>\u00c9 com grande felicidade que o SINPROFAZ encerra o ano com a nomea\u00e7\u00e3o de novas Procuradoras e novos Procuradores da Fazenda Nacional!<\/p>\n<p>A PGFN necessita de for\u00e7a de trabalho e recebe de bra\u00e7os abertos os Colegas que v\u00eam para somar. A AGU e a Procuradoria da Fazenda Nacional s\u00e3o institui\u00e7\u00f5es cada vez mais relevantes e com desafios cada vez maiores. O trabalho \u00e9 \u00e1rduo. Por isso, o desejo da Carreira \u00e9 de que os novos Membros tragam disposi\u00e7\u00e3o, esp\u00edrito inovador e coragem para transformar.<\/p>\n<p>Aos Colegas que agora passam a integrar os quadros da Advocacia P\u00fablica Federal, os votos de ainda mais sucesso. Que na Carreira possam encontrar a plena realiza\u00e7\u00e3o profissional e conquistar sonhos ainda maiores. Sejam muito bem-vindos \u00e0 PGFN, \u00e0 AGU e ao Sindicato. Contem com o SINPROFAZ para crescer e fazer hist\u00f3ria em benef\u00edcio do Pa\u00eds!<\/p>\n<p>Henrique Collar Veith<br \/>\nPedro Dias de Oliveira Netto<br \/>\nThiago Henrique Teixeira Fernandes<br \/>\nGustavo Adriano Furtado de Souza<br \/>\nJo\u00e3o Vitor Nistarda Giansante<br \/>\nMarlos Emanoel Medeiros Gama<br \/>\nCaio Salim Soares Chady<br \/>\nSilvio Roberto Soares Possidonio Jr.<br \/>\nBeatriz Schaedler Gava<br \/>\nArthur Carvalho Brito de Almeida<br \/>\nStephanie Andrade Freitas<br \/>\nJo\u00e3o Marcos Cerqueira Torres Costa<br \/>\nJo\u00e3o Gabriel Tavares Vieira Soares<br \/>\nPablo Jordano Lopes Teixeira<br \/>\nLuiz Carlos dos Anjos Silva Junior<br \/>\nGustavo Carvalho Hamade<br \/>\nRoger Darlan Eickhoff Bizarello<br \/>\nMaria Rebeca Lima Nogueira<br \/>\nRogerio Itamar Luiz Junior<br \/>\nPaulo Alan de Oliveira Vilela<br \/>\nSuellen Abdon Nobre de Queiroz<br \/>\nVinicius Gomes Saboya<br \/>\nLivia Rangel Nascimento<br \/>\nGabriel Batista Miranda Santos<br \/>\nJos\u00e9 Avelar Pereira Mattos Segundo<br \/>\nVictor Alexandre El Khoury Marcondes Pereira<br \/>\nGuilherme Assis de Carvalho<br \/>\nDiego Rodrigues Calazans<br \/>\nFelipe Ottoni Ballario<br \/>\nJosy Ribeiro dos Santos<br \/>\nIgor de Azevedo Xavier Saraiva<br \/>\nPolyana Oliveira Ferreira<br \/>\nDanilo Nascimento dos Santos<br \/>\nItalo Goncalves Matos<br \/>\nRafael da Silva Oliveira<br \/>\nEmerson Diego Santos Vasconcelos<\/p>\n","protected":false},"excerpt":{"rendered":"<p>Aos Colegas que agora passam a integrar os quadros da Advocacia P\u00fablica Federal, os votos de ainda mais sucesso. Que na Carreira possam encontrar a plena realiza\u00e7\u00e3o profissional e conquistar sonhos ainda maiores. Sejam muito bem-vindos \u00e0 PGFN, \u00e0 AGU e ao Sindicato!<\/p>\n","protected":false},"author":2,"featured_media":19231,"comment_status":"open","ping_status":"open","sticky":false,"template":"","format":"standard","meta":{"footnotes":""},"categories":[8],"tags":[43,32,63],"featured_image_url":"https:\/\/sinprofaz.org.br\/2024\/wp-content\/uploads\/2025\/01\/1.png","character_count":953,"formatted_date":"31\/12\/2024 - 10:49","contentNovo":"\u00c9 com grande felicidade que o SINPROFAZ encerra o ano com a nomea\u00e7\u00e3o de novas Procuradoras e novos Procuradores da Fazenda Nacional!\r\n\r\nA PGFN necessita de for\u00e7a de trabalho e recebe de bra\u00e7os abertos os Colegas que v\u00eam para somar. A AGU e a Procuradoria da Fazenda Nacional s\u00e3o institui\u00e7\u00f5es cada vez mais relevantes e com desafios cada vez maiores. O trabalho \u00e9 \u00e1rduo. Por isso, o desejo da Carreira \u00e9 de que os novos Membros tragam disposi\u00e7\u00e3o, esp\u00edrito inovador e coragem para transformar.\r\n\r\nAos Colegas que agora passam a integrar os quadros da Advocacia P\u00fablica Federal, os votos de ainda mais sucesso. Que na Carreira possam encontrar a plena realiza\u00e7\u00e3o profissional e conquistar sonhos ainda maiores. Sejam muito bem-vindos \u00e0 PGFN, \u00e0 AGU e ao Sindicato. Contem com o SINPROFAZ para crescer e fazer hist\u00f3ria em benef\u00edcio do Pa\u00eds!\r\n\r\nHenrique Collar Veith\r\nPedro Dias de Oliveira Netto\r\nThiago Henrique Teixeira Fernandes\r\nGustavo Adriano Furtado de Souza\r\nJo\u00e3o Vitor Nistarda Giansante\r\nMarlos Emanoel Medeiros Gama\r\nCaio Salim Soares Chady\r\nSilvio Roberto Soares Possidonio Jr.\r\nBeatriz Schaedler Gava\r\nArthur Carvalho Brito de Almeida\r\nStephanie Andrade Freitas\r\nJo\u00e3o Marcos Cerqueira Torres Costa\r\nJo\u00e3o Gabriel Tavares Vieira Soares\r\nPablo Jordano Lopes Teixeira\r\nLuiz Carlos dos Anjos Silva Junior\r\nGustavo Carvalho Hamade\r\nRoger Darlan Eickhoff Bizarello\r\nMaria Rebeca Lima Nogueira\r\nRogerio Itamar Luiz Junior\r\nPaulo Alan de Oliveira Vilela\r\nSuellen Abdon Nobre de Queiroz\r\nVinicius Gomes Saboya\r\nLivia Rangel Nascimento\r\nGabriel Batista Miranda Santos\r\nJos\u00e9 Avelar Pereira Mattos Segundo\r\nVictor Alexandre El Khoury Marcondes Pereira\r\nGuilherme Assis de Carvalho\r\nDiego Rodrigues Calazans\r\nFelipe Ottoni Ballario\r\nJosy Ribeiro dos Santos\r\nIgor de Azevedo Xavier Saraiva\r\nPolyana Oliveira Ferreira\r\nDanilo Nascimento dos Santos\r\nItalo Goncalves Matos\r\nRafael da Silva Oliveira\r\nEmerson Diego Santos Vasconcelos","_links":{"self":[{"href":"https:\/\/sinprofaz.org.br\/2024\/wp-json\/wp\/v2\/posts\/19230"}],"collection":[{"href":"https:\/\/sinprofaz.org.br\/2024\/wp-json\/wp\/v2\/posts"}],"about":[{"href":"https:\/\/sinprofaz.org.br\/2024\/wp-json\/wp\/v2\/types\/post"}],"author":[{"embeddable":true,"href":"https:\/\/sinprofaz.org.br\/2024\/wp-json\/wp\/v2\/users\/2"}],"replies":[{"embeddable":true,"href":"https:\/\/sinprofaz.org.br\/2024\/wp-json\/wp\/v2\/comments?post=19230"}],"version-history":[{"count":1,"href":"https:\/\/sinprofaz.org.br\/2024\/wp-json\/wp\/v2\/posts\/19230\/revisions"}],"predecessor-version":[{"id":19232,"href":"https:\/\/sinprofaz.org.br\/2024\/wp-json\/wp\/v2\/posts\/19230\/revisions\/19232"}],"wp:featuredmedia":[{"embeddable":true,"href":"https:\/\/sinprofaz.org.br\/2024\/wp-json\/wp\/v2\/media\/19231"}],"wp:attachment":[{"href":"https:\/\/sinprofaz.org.br\/2024\/wp-json\/wp\/v2\/media?parent=19230"}],"wp:term":[{"taxonomy":"category","embeddable":true,"href":"https:\/\/sinprofaz.org.br\/2024\/wp-json\/wp\/v2\/categories?post=19230"},{"taxonomy":"post_tag","embeddable":true,"href":"https:\/\/sinprofaz.org.br\/2024\/wp-json\/wp\/v2\/tags?post=19230"}],"curies":[{"name":"wp","href":"https:\/\/api.w.org\/{rel}","templated":true}]}}