{"id":19220,"date":"2025-01-07T12:42:17","date_gmt":"2025-01-07T15:42:17","guid":{"rendered":"https:\/\/sinprofaz.org.br\/2024\/?p=19220"},"modified":"2025-01-07T12:42:17","modified_gmt":"2025-01-07T15:42:17","slug":"sinprofaz-realiza-novas-alteracoes-no-mailing-da-revista-justica-fiscal","status":"publish","type":"post","link":"https:\/\/sinprofaz.org.br\/2024\/noticias\/sinprofaz-realiza-novas-alteracoes-no-mailing-da-revista-justica-fiscal\/","title":{"rendered":"SINPROFAZ REALIZA NOVAS ALTERA\u00c7\u00d5ES NO MAILING DA REVISTA JUSTI\u00c7A FISCAL"},"content":{"rendered":"<div>A efici\u00eancia no emprego dos recursos financeiros \u00e9 pauta recorrente das reuni\u00f5es entre os dirigentes do SINPROFAZ. Visando \u00e0 redu\u00e7\u00e3o dos gastos, a distribui\u00e7\u00e3o da Revista Justi\u00e7a Fiscal, editada pelo Sindicato, sofrer\u00e1 altera\u00e7\u00f5es: as filiadas e os filiados que n\u00e3o tiverem interesse em receber a vers\u00e3o impressa da publica\u00e7\u00e3o em suas resid\u00eancias poder\u00e3o solicitar a retirada de seus nomes e endere\u00e7os do mailing.<\/p>\n<p>Para aqueles que preferirem, a partir de agora, acessar a \u00edntegra da publica\u00e7\u00e3o apenas na vers\u00e3o digital, sempre disponibilizada no site do Sindicato, basta que\u00a0solicitem AT\u00c9 SEXTA-FEIRA (10) a remo\u00e7\u00e3o de seus nomes do cadastro mediante o simples preenchimento do formul\u00e1rio: <a href=\"https:\/\/forms.gle\/E8YDfxaGVvmnATNEA\" target=\"_blank\" rel=\"noopener\" data-saferedirecturl=\"https:\/\/www.google.com\/url?q=https:\/\/forms.gle\/E8YDfxaGVvmnATNEA&amp;source=gmail&amp;ust=1736348440448000&amp;usg=AOvVaw1O7TiutItXY6GB6mZiVwd4\">https:\/\/forms.gle\/<wbr \/>E8YDfxaGVvmnATNEA<\/a>.\u00a0A medida j\u00e1 vale para a pr\u00f3xima edi\u00e7\u00e3o da Revista, cuja distribui\u00e7\u00e3o est\u00e1 programada para este m\u00eas de janeiro.<\/p>\n<p>O exemplar f\u00edsico da Revista Justi\u00e7a Fiscal continuar\u00e1 sendo enviado a todos os filiados que n\u00e3o se manifestarem nesta oportunidade.<\/p><\/div>\n","protected":false},"excerpt":{"rendered":"<p>Visando \u00e0 redu\u00e7\u00e3o dos gastos, a distribui\u00e7\u00e3o da Revista Justi\u00e7a Fiscal sofrer\u00e1 altera\u00e7\u00f5es: as filiadas e os filiados que n\u00e3o tiverem interesse em receber a vers\u00e3o impressa da publica\u00e7\u00e3o em suas resid\u00eancias poder\u00e3o solicitar a retirada de seus nomes e endere\u00e7os do mailing.<\/p>\n","protected":false},"author":2,"featured_media":19221,"comment_status":"open","ping_status":"open","sticky":false,"template":"","format":"standard","meta":{"footnotes":""},"categories":[8],"tags":[32,221,25],"featured_image_url":"https:\/\/sinprofaz.org.br\/2024\/wp-content\/uploads\/2025\/01\/nota-Sinprofaz.png","character_count":506,"formatted_date":"07\/01\/2025 - 12:42","contentNovo":"A efici\u00eancia no emprego dos recursos financeiros \u00e9 pauta recorrente das reuni\u00f5es entre os dirigentes do SINPROFAZ. Visando \u00e0 redu\u00e7\u00e3o dos gastos, a distribui\u00e7\u00e3o da Revista Justi\u00e7a Fiscal, editada pelo Sindicato, sofrer\u00e1 altera\u00e7\u00f5es: as filiadas e os filiados que n\u00e3o tiverem interesse em receber a vers\u00e3o impressa da publica\u00e7\u00e3o em suas resid\u00eancias poder\u00e3o solicitar a retirada de seus nomes e endere\u00e7os do mailing.\r\n\r\nPara aqueles que preferirem, a partir de agora, acessar a \u00edntegra da publica\u00e7\u00e3o apenas na vers\u00e3o digital, sempre disponibilizada no site do Sindicato, basta que\u00a0solicitem AT\u00c9 SEXTA-FEIRA (10) a remo\u00e7\u00e3o de seus nomes do cadastro mediante o simples preenchimento do formul\u00e1rio: <a href=\"https:\/\/forms.gle\/E8YDfxaGVvmnATNEA\" target=\"_blank\" rel=\"noopener\" data-saferedirecturl=\"https:\/\/www.google.com\/url?q=https:\/\/forms.gle\/E8YDfxaGVvmnATNEA&amp;source=gmail&amp;ust=1736348440448000&amp;usg=AOvVaw1O7TiutItXY6GB6mZiVwd4\">https:\/\/forms.gle\/E8YDfxaGVvmnATNEA<\/a>.\u00a0A medida j\u00e1 vale para a pr\u00f3xima edi\u00e7\u00e3o da Revista, cuja distribui\u00e7\u00e3o est\u00e1 programada para este m\u00eas de janeiro.\r\n\r\nO exemplar f\u00edsico da Revista Justi\u00e7a Fiscal continuar\u00e1 sendo enviado a todos os filiados que n\u00e3o se manifestarem nesta oportunidade.","_links":{"self":[{"href":"https:\/\/sinprofaz.org.br\/2024\/wp-json\/wp\/v2\/posts\/19220"}],"collection":[{"href":"https:\/\/sinprofaz.org.br\/2024\/wp-json\/wp\/v2\/posts"}],"about":[{"href":"https:\/\/sinprofaz.org.br\/2024\/wp-json\/wp\/v2\/types\/post"}],"author":[{"embeddable":true,"href":"https:\/\/sinprofaz.org.br\/2024\/wp-json\/wp\/v2\/users\/2"}],"replies":[{"embeddable":true,"href":"https:\/\/sinprofaz.org.br\/2024\/wp-json\/wp\/v2\/comments?post=19220"}],"version-history":[{"count":1,"href":"https:\/\/sinprofaz.org.br\/2024\/wp-json\/wp\/v2\/posts\/19220\/revisions"}],"predecessor-version":[{"id":19222,"href":"https:\/\/sinprofaz.org.br\/2024\/wp-json\/wp\/v2\/posts\/19220\/revisions\/19222"}],"wp:featuredmedia":[{"embeddable":true,"href":"https:\/\/sinprofaz.org.br\/2024\/wp-json\/wp\/v2\/media\/19221"}],"wp:attachment":[{"href":"https:\/\/sinprofaz.org.br\/2024\/wp-json\/wp\/v2\/media?parent=19220"}],"wp:term":[{"taxonomy":"category","embeddable":true,"href":"https:\/\/sinprofaz.org.br\/2024\/wp-json\/wp\/v2\/categories?post=19220"},{"taxonomy":"post_tag","embeddable":true,"href":"https:\/\/sinprofaz.org.br\/2024\/wp-json\/wp\/v2\/tags?post=19220"}],"curies":[{"name":"wp","href":"https:\/\/api.w.org\/{rel}","templated":true}]}}