{"id":1922,"date":"2014-10-02T22:42:56","date_gmt":"2014-10-02T22:42:56","guid":{"rendered":""},"modified":"-0001-11-30T00:00:00","modified_gmt":"-0001-11-30T03:00:00","slug":"honorarios-forvm-agradece-presidente-marcos-da-costa","status":"publish","type":"post","link":"https:\/\/sinprofaz.org.br\/2024\/noticias\/honorarios-forvm-agradece-presidente-marcos-da-costa\/","title":{"rendered":"Honor\u00e1rios: Forvm agradece presidente Marcos da Costa"},"content":{"rendered":"<p style=\"text-align: justify;\"><span style=\"font-size: 13.3333339691162px; line-height: 20.4799995422363px;\"><img loading=\"lazy\" decoding=\"async\" style=\"margin-right: 10px; float: left;\" alt=\"\" src=\"images\/noticias\/honorarios-forvm-agradece-presidente-marcos-da-costa\/01.JPG\" height=\"164\" width=\"218\" \/>O Forvm Nacional da Advocacia P\u00fablica Federal (ANAJUR, ANPAF, ANPPREV, APBC, APAFERJ e SINPROFAZ), acompanhado de dirigentes da ANAUNI e da UNAFE reuniram-se hoje, 2\/10, em S\u00e3o Paulo, com o presidente da OAB\/SP, Dr. Marcos da Costa, para agradecer a nota de apoio ao pleito dos honor\u00e1rios.<\/span><\/p>\n<p style=\"text-align: justify;\">H\u00e1 alguns dias, a nota havia sido entregue ao Forvm pela presidente da Comiss\u00e3o da Advocacia P\u00fablica da OAB\/SP, Anna Carla Agazzi. Na nota p\u00fablica, a OAB\/SP registra apoio \u00e0 luta em favor da manuten\u00e7\u00e3o do \u00a7 19 no artigo 85 do projeto do novo C\u00f3digo de Processo Civil, que prev\u00ea a destina\u00e7\u00e3o dos honor\u00e1rios sucumbenciais aos advogados p\u00fablicos.<\/p>\n<p style=\"text-align: justify;\">Na reuni\u00e3o de hoje, participaram dirigentes sindicais e associativos da Advocacia P\u00fablica Federal: o delegado sindical do SINPROFAZ em S\u00e3o Paulo, Marcos Lisandro Puchevitch, e os Colegas Advogados P\u00fablicos Teresa Villac, Clecy de Castro, Leandro Sarai, Almir Moretti e Jos\u00e9 Nuzzi Neto. O presidente da Comiss\u00e3o de Controle Social dos Gastos P\u00fablicos da OAB-SP, Jorge Eluf, tamb\u00e9m honrou a Advocacia P\u00fablica Federal com a sua participa\u00e7\u00e3o na reuni\u00e3o.<\/p>\n<p style=\"text-align: justify;\">Na oportunidade, o presidente do SINPROFAZ e do Forvm, Her\u00e1clio Camargo, renovou a gratid\u00e3o pelo trabalho efetivo do presidente Marcos da Costa em defesa das causas da Advocacia P\u00fabica Federal. Cr\u00e9dito da foto: Ricardo Bastos.<\/p>\n","protected":false},"excerpt":{"rendered":"<p style=\"text-align: justify;\">O Forvm Nacional da Advocacia P\u00fablica Federal (ANAJUR, ANPAF, ANPPREV, APBC, APAFERJ e SINPROFAZ), acompanhado de dirigentes da ANAUNI e da UNAFE reuniram-se hoje, 2\/10, em S\u00e3o Paulo, com o presidente da OAB\/SP, Dr. Marcos da Costa, para agradecer a nota de apoio ao pleito dos honor\u00e1rios.<\/p>\n","protected":false},"author":1,"featured_media":0,"comment_status":"closed","ping_status":"open","sticky":false,"template":"","format":"standard","meta":{"footnotes":""},"categories":[8],"tags":[],"featured_image_url":"https:\/\/dummyimage.com\/720x400","character_count":672,"formatted_date":"02\/10\/2014 - 22:42","contentNovo":"\r\n<p style=\"text-align: justify;\">O Forvm Nacional da Advocacia P\u00fablica Federal (ANAJUR, ANPAF, ANPPREV, APBC, APAFERJ e SINPROFAZ), acompanhado de dirigentes da ANAUNI e da UNAFE reuniram-se hoje, 2\/10, em S\u00e3o Paulo, com o presidente da OAB\/SP, Dr. Marcos da Costa, para agradecer a nota de apoio ao pleito dos honor\u00e1rios.<\/p>\r\n<p style=\"text-align: justify;\">H\u00e1 alguns dias, a nota havia sido entregue ao Forvm pela presidente da Comiss\u00e3o da Advocacia P\u00fablica da OAB\/SP, Anna Carla Agazzi. Na nota p\u00fablica, a OAB\/SP registra apoio \u00e0 luta em favor da manuten\u00e7\u00e3o do \u00a7 19 no artigo 85 do projeto do novo C\u00f3digo de Processo Civil, que prev\u00ea a destina\u00e7\u00e3o dos honor\u00e1rios sucumbenciais aos advogados p\u00fablicos.<\/p>\r\n<p style=\"text-align: justify;\">Na reuni\u00e3o de hoje, participaram dirigentes sindicais e associativos da Advocacia P\u00fablica Federal: o delegado sindical do SINPROFAZ em S\u00e3o Paulo, Marcos Lisandro Puchevitch, e os Colegas Advogados P\u00fablicos Teresa Villac, Clecy de Castro, Leandro Sarai, Almir Moretti e Jos\u00e9 Nuzzi Neto. O presidente da Comiss\u00e3o de Controle Social dos Gastos P\u00fablicos da OAB-SP, Jorge Eluf, tamb\u00e9m honrou a Advocacia P\u00fablica Federal com a sua participa\u00e7\u00e3o na reuni\u00e3o.<\/p>\r\n<p style=\"text-align: justify;\">Na oportunidade, o presidente do SINPROFAZ e do Forvm, Her\u00e1clio Camargo, renovou a gratid\u00e3o pelo trabalho efetivo do presidente Marcos da Costa em defesa das causas da Advocacia P\u00fabica Federal. Cr\u00e9dito da foto: Ricardo Bastos.<\/p>","_links":{"self":[{"href":"https:\/\/sinprofaz.org.br\/2024\/wp-json\/wp\/v2\/posts\/1922"}],"collection":[{"href":"https:\/\/sinprofaz.org.br\/2024\/wp-json\/wp\/v2\/posts"}],"about":[{"href":"https:\/\/sinprofaz.org.br\/2024\/wp-json\/wp\/v2\/types\/post"}],"author":[{"embeddable":true,"href":"https:\/\/sinprofaz.org.br\/2024\/wp-json\/wp\/v2\/users\/1"}],"replies":[{"embeddable":true,"href":"https:\/\/sinprofaz.org.br\/2024\/wp-json\/wp\/v2\/comments?post=1922"}],"version-history":[{"count":0,"href":"https:\/\/sinprofaz.org.br\/2024\/wp-json\/wp\/v2\/posts\/1922\/revisions"}],"wp:attachment":[{"href":"https:\/\/sinprofaz.org.br\/2024\/wp-json\/wp\/v2\/media?parent=1922"}],"wp:term":[{"taxonomy":"category","embeddable":true,"href":"https:\/\/sinprofaz.org.br\/2024\/wp-json\/wp\/v2\/categories?post=1922"},{"taxonomy":"post_tag","embeddable":true,"href":"https:\/\/sinprofaz.org.br\/2024\/wp-json\/wp\/v2\/tags?post=1922"}],"curies":[{"name":"wp","href":"https:\/\/api.w.org\/{rel}","templated":true}]}}