{"id":19206,"date":"2024-12-19T10:27:08","date_gmt":"2024-12-19T13:27:08","guid":{"rendered":"https:\/\/sinprofaz.org.br\/2024\/?p=19206"},"modified":"2024-12-19T10:27:08","modified_gmt":"2024-12-19T13:27:08","slug":"entidades-comemoram-premio-concedido-a-auditoria-cidada-da-divida","status":"publish","type":"post","link":"https:\/\/sinprofaz.org.br\/2024\/noticias\/entidades-comemoram-premio-concedido-a-auditoria-cidada-da-divida\/","title":{"rendered":"ENTIDADES COMEMORAM PR\u00caMIO CONCEDIDO \u00c0 AUDITORIA CIDAD\u00c3 DA D\u00cdVIDA"},"content":{"rendered":"<p>O SINPROFAZ, representado pela presidente Iolanda Guindani, participou de reuni\u00e3o do Conselho Pol\u00edtico da Auditoria Cidad\u00e3 da D\u00edvida (ACD). O encontro, que contou com a presen\u00e7a de dezenas de lideran\u00e7as sindicais, foi conduzido por Maria Lucia Fattorelli.<\/p>\n<p>Ao iniciar a reuni\u00e3o, a coordenadora nacional da ACD destacou\u00a0a import\u00e2ncia do Pr\u00eamio &#8220;Transpar\u00eancia e Fiscaliza\u00e7\u00e3o P\u00fablica&#8221; recebido da Comiss\u00e3o de Fiscaliza\u00e7\u00e3o Financeira e Controle da C\u00e2mara dos Deputados por indica\u00e7\u00e3o do\u00a0<a href=\"https:\/\/www.youtube.com\/watch?v=zzUqNq0bKqM\" target=\"_blank\" rel=\"noopener\">Deputado Glauber Braga (Psol\/RJ)<\/a>. Em discurso na oportunidade da premia\u00e7\u00e3o, Fattorelli estendeu a honraria a todas as pessoas e entidades que, h\u00e1 24 anos, apoiam e constroem a Auditoria Cidad\u00e3 da D\u00edvida: &#8220;A ACD nasceu a partir do plebiscito do ano 2000, quando mais de 6 milh\u00f5es de brasileiros votaram pela\u00a0realiza\u00e7\u00e3o da auditoria e pelo cumprimento da Constitui\u00e7\u00e3o Federal&#8221;.<\/p>\n<p>Na sequ\u00eancia da reuni\u00e3o, Fattorelli apresentou aos membros do Conselho uma an\u00e1lise da conjuntura pol\u00edtica e econ\u00f4mica nacional, que ficou marcada, segundo a coordenadora, pela eleva\u00e7\u00e3o da taxa b\u00e1sica de juros Selic e pela apresenta\u00e7\u00e3o, pelo governo federal, do pacote de corte de gastos. &#8220;Essas medidas t\u00eam como consequ\u00eancia a destina\u00e7\u00e3o de ainda mais recursos para o pagamento dos juros e mecanismos do Sistema da D\u00edvida, demonstrando cabalmente a necessidade de enfrentamento desse Sistema por meio da auditoria integral com participa\u00e7\u00e3o social&#8221;, explicou Maria Lucia Fattorelli.<\/p>\n<p><!-- notionvc: 5718d6ae-cf19-4543-a764-659f9ec3ad06 --><\/p>\n","protected":false},"excerpt":{"rendered":"<p>O SINPROFAZ, representado pela presidente Iolanda Guindani, participou de reuni\u00e3o do Conselho Pol\u00edtico da Auditoria Cidad\u00e3 da D\u00edvida (ACD). O encontro, que contou com a presen\u00e7a de dezenas de lideran\u00e7as sindicais, foi conduzido pela coordenadora Maria Lucia Fattorelli.<\/p>\n","protected":false},"author":2,"featured_media":19207,"comment_status":"open","ping_status":"open","sticky":false,"template":"","format":"standard","meta":{"footnotes":""},"categories":[8],"tags":[129,48,25],"featured_image_url":"https:\/\/sinprofaz.org.br\/2024\/wp-content\/uploads\/2024\/12\/1-11.png","character_count":763,"formatted_date":"19\/12\/2024 - 10:27","contentNovo":"O SINPROFAZ, representado pela presidente Iolanda Guindani, participou de reuni\u00e3o do Conselho Pol\u00edtico da Auditoria Cidad\u00e3 da D\u00edvida (ACD). O encontro, que contou com a presen\u00e7a de dezenas de lideran\u00e7as sindicais, foi conduzido por Maria Lucia Fattorelli.\r\n\r\nAo iniciar a reuni\u00e3o, a coordenadora nacional da ACD destacou\u00a0a import\u00e2ncia do Pr\u00eamio \"Transpar\u00eancia e Fiscaliza\u00e7\u00e3o P\u00fablica\" recebido da Comiss\u00e3o de Fiscaliza\u00e7\u00e3o Financeira e Controle da C\u00e2mara dos Deputados por indica\u00e7\u00e3o do\u00a0<a href=\"https:\/\/www.youtube.com\/watch?v=zzUqNq0bKqM\" target=\"_blank\" rel=\"noopener\">Deputado Glauber Braga (Psol\/RJ)<\/a>. Em discurso na oportunidade da premia\u00e7\u00e3o, Fattorelli estendeu a honraria a todas as pessoas e entidades que, h\u00e1 24 anos, apoiam e constroem a Auditoria Cidad\u00e3 da D\u00edvida: \"A ACD nasceu a partir do plebiscito do ano 2000, quando mais de 6 milh\u00f5es de brasileiros votaram pela\u00a0realiza\u00e7\u00e3o da auditoria e pelo cumprimento da Constitui\u00e7\u00e3o Federal\".\r\n\r\nNa sequ\u00eancia da reuni\u00e3o, Fattorelli apresentou aos membros do Conselho uma an\u00e1lise da conjuntura pol\u00edtica e econ\u00f4mica nacional, que ficou marcada, segundo a coordenadora, pela eleva\u00e7\u00e3o da taxa b\u00e1sica de juros Selic e pela apresenta\u00e7\u00e3o, pelo governo federal, do pacote de corte de gastos. \"Essas medidas t\u00eam como consequ\u00eancia a destina\u00e7\u00e3o de ainda mais recursos para o pagamento dos juros e mecanismos do Sistema da D\u00edvida, demonstrando cabalmente a necessidade de enfrentamento desse Sistema por meio da auditoria integral com participa\u00e7\u00e3o social\", explicou Maria Lucia Fattorelli.\r\n\r\n","_links":{"self":[{"href":"https:\/\/sinprofaz.org.br\/2024\/wp-json\/wp\/v2\/posts\/19206"}],"collection":[{"href":"https:\/\/sinprofaz.org.br\/2024\/wp-json\/wp\/v2\/posts"}],"about":[{"href":"https:\/\/sinprofaz.org.br\/2024\/wp-json\/wp\/v2\/types\/post"}],"author":[{"embeddable":true,"href":"https:\/\/sinprofaz.org.br\/2024\/wp-json\/wp\/v2\/users\/2"}],"replies":[{"embeddable":true,"href":"https:\/\/sinprofaz.org.br\/2024\/wp-json\/wp\/v2\/comments?post=19206"}],"version-history":[{"count":1,"href":"https:\/\/sinprofaz.org.br\/2024\/wp-json\/wp\/v2\/posts\/19206\/revisions"}],"predecessor-version":[{"id":19208,"href":"https:\/\/sinprofaz.org.br\/2024\/wp-json\/wp\/v2\/posts\/19206\/revisions\/19208"}],"wp:featuredmedia":[{"embeddable":true,"href":"https:\/\/sinprofaz.org.br\/2024\/wp-json\/wp\/v2\/media\/19207"}],"wp:attachment":[{"href":"https:\/\/sinprofaz.org.br\/2024\/wp-json\/wp\/v2\/media?parent=19206"}],"wp:term":[{"taxonomy":"category","embeddable":true,"href":"https:\/\/sinprofaz.org.br\/2024\/wp-json\/wp\/v2\/categories?post=19206"},{"taxonomy":"post_tag","embeddable":true,"href":"https:\/\/sinprofaz.org.br\/2024\/wp-json\/wp\/v2\/tags?post=19206"}],"curies":[{"name":"wp","href":"https:\/\/api.w.org\/{rel}","templated":true}]}}