{"id":19191,"date":"2024-12-17T13:00:26","date_gmt":"2024-12-17T16:00:26","guid":{"rendered":"https:\/\/sinprofaz.org.br\/2024\/?p=19191"},"modified":"2024-12-17T13:02:41","modified_gmt":"2024-12-17T16:02:41","slug":"encontro-com-o-autor-daniel-giotti-e-entrevistado-por-joao-carlos-souto","status":"publish","type":"post","link":"https:\/\/sinprofaz.org.br\/2024\/noticias\/encontro-com-o-autor-daniel-giotti-e-entrevistado-por-joao-carlos-souto\/","title":{"rendered":"&#8220;ENCONTRO COM O AUTOR&#8221;: DANIEL GIOTTI \u00c9 ENTREVISTADO POR JO\u00c3O CARLOS SOUTO"},"content":{"rendered":"<div>O filiado e professor Daniel Giotti de Paula foi o entrevistado da 15\u00aa edi\u00e7\u00e3o do &#8220;Encontro com o Autor&#8221;. O programa, idealizado e apresentado pelo diretor da Escola Superior da AGU, Jo\u00e3o Carlos Souto, promove a divulga\u00e7\u00e3o da produ\u00e7\u00e3o acad\u00eamica de autores externos e de Membros da Advocacia-Geral da Uni\u00e3o. Ao longo do bate-papo, os entrevistados abordam a relev\u00e2ncia e a aplicabilidade das obras, bem como a pesquisa, o processo criativo, a cultura e a import\u00e2ncia da educa\u00e7\u00e3o. Daniel Giotti foi o primeiro procurador da Fazenda Nacional da ativa a participar do &#8220;Encontro com o Autor&#8221;.<\/p>\n<p>O convite da ESAGU foi motivado pela contribui\u00e7\u00e3o do PFN \u00e0 cole\u00e7\u00e3o &#8220;Mem\u00f3ria Jurisprudencial&#8221;, editada pelo Supremo Tribunal Federal. Coube a Daniel Giotti organizar o volume dedicado ao ministro Hermes Lima, que ingressou no STF em 1963 e foi aposentado tr\u00eas anos depois, por decreto baseado no Ato Institucional (AI) n\u00b0 5. A colet\u00e2nea do STF visa recuperar relevantes fatos institucionais e jur\u00eddicos da Suprema Corte por meio do resgate da vida e da obra de ministros que marcaram a hist\u00f3ria do Tribunal. Saiba mais sobre a s\u00e9rie &#8220;Mem\u00f3ria Jurisprudencial&#8221; em: <a href=\"http:\/\/bit.ly\/MemoriaJurisprudencial\" target=\"_blank\" rel=\"noopener\" data-saferedirecturl=\"https:\/\/www.google.com\/url?q=http:\/\/bit.ly\/MemoriaJurisprudencial&amp;source=gmail&amp;ust=1734533555954000&amp;usg=AOvVaw2WrTvn1-fgc79yK_ZrjLvM\">bit.ly\/MemoriaJurisprudencial<\/a><\/p>\n<\/div>\n<div>Ao se dirigir a Jo\u00e3o Carlos Souto durante a entrevista, Daniel Giotti enalteceu a gest\u00e3o do Colega \u00e0 frente da Escola Superior da AGU e lembrou a atua\u00e7\u00e3o sindical do diretor. &#8220;Agrade\u00e7o pelo espa\u00e7o e pela oportunidade. Devo dizer que sua gest\u00e3o \u00e9 emblem\u00e1tica: estamos levando a AGU para a comunidade jur\u00eddica e a comunidade em geral e este programa \u00e9 uma das inova\u00e7\u00f5es. Na qualidade de presidente do SINPROFAZ, voc\u00ea foi um dos que me receberam na PGFN h\u00e1 quase vinte anos. Descobrimos uma afinidade intelectual muito grande. Sigo \u00e0 sua disposi\u00e7\u00e3o e \u00e0 disposi\u00e7\u00e3o da Escola&#8221;, concluiu o entrevistado.<\/p>\n<\/div>\n<div>O &#8220;Encontro com o Autor&#8221; j\u00e1 recebeu personalidades como Fl\u00e1via Piovessan, Oscar Vilhena, Patr\u00edcia Perrone, Arnaldo Godoy, ministro Sebasti\u00e3o Reis (STJ), ministra Edilene Lobo (TSE) e ministro Vin\u00edcius Marques de Carvalho (CGU). De acordo com Jo\u00e3o Carlos Souto, o programa \u00e9 plural e\u00a0expressivo e voltado para o p\u00fablico de dentro e de fora da AGU. &#8220;Muito feliz com o resultado do &#8216;Encontro com o Autor&#8217;, que criei em julho de 2023. Agrade\u00e7o ao ministro Jorge Messias pelo apoio e \u00e0 equipe de audiovisual da ESAGU pelo profissionalismo e pela dedica\u00e7\u00e3o a esta e a outras iniciativas da Escola Superior da AGU.&#8221;<\/p>\n<\/div>\n<div>Para assistir \u00e0 entrevista de Daniel Giotti, acesse:\u00a0<a href=\"https:\/\/www.youtube.com\/watch?v=P99qInIs__A\" target=\"_blank\" rel=\"noopener\" data-saferedirecturl=\"https:\/\/www.google.com\/url?q=https:\/\/www.youtube.com\/watch?v%3DP99qInIs__A&amp;source=gmail&amp;ust=1734533555954000&amp;usg=AOvVaw3j2oNdXIvGF4ICsm3S9nj5\">https:\/\/www.youtube.<wbr \/>com\/watch?v=P99qInIs__A<\/a><\/div>\n","protected":false},"excerpt":{"rendered":"<p>O filiado Daniel Giotti foi o entrevistado da 15\u00aa edi\u00e7\u00e3o do &#8220;Encontro com o Autor&#8221;. O programa, idealizado e apresentado pelo diretor da Escola da AGU, Jo\u00e3o Carlos Souto, promove a divulga\u00e7\u00e3o da produ\u00e7\u00e3o acad\u00eamica de Membros e de autores externos.<\/p>\n","protected":false},"author":2,"featured_media":19192,"comment_status":"open","ping_status":"open","sticky":false,"template":"","format":"standard","meta":{"footnotes":""},"categories":[8],"tags":[32,213,177],"featured_image_url":"https:\/\/sinprofaz.org.br\/2024\/wp-content\/uploads\/2024\/12\/nota-Sinprofaz.png","character_count":1323,"formatted_date":"17\/12\/2024 - 13:00","contentNovo":"O filiado e professor Daniel Giotti de Paula foi o entrevistado da 15\u00aa edi\u00e7\u00e3o do \"Encontro com o Autor\". O programa, idealizado e apresentado pelo diretor da Escola Superior da AGU, Jo\u00e3o Carlos Souto, promove a divulga\u00e7\u00e3o da produ\u00e7\u00e3o acad\u00eamica de autores externos e de Membros da Advocacia-Geral da Uni\u00e3o. Ao longo do bate-papo, os entrevistados abordam a relev\u00e2ncia e a aplicabilidade das obras, bem como a pesquisa, o processo criativo, a cultura e a import\u00e2ncia da educa\u00e7\u00e3o. Daniel Giotti foi o primeiro procurador da Fazenda Nacional da ativa a participar do \"Encontro com o Autor\".\r\n\r\nO convite da ESAGU foi motivado pela contribui\u00e7\u00e3o do PFN \u00e0 cole\u00e7\u00e3o \"Mem\u00f3ria Jurisprudencial\", editada pelo Supremo Tribunal Federal. Coube a Daniel Giotti organizar o volume dedicado ao ministro Hermes Lima, que ingressou no STF em 1963 e foi aposentado tr\u00eas anos depois, por decreto baseado no Ato Institucional (AI) n\u00b0 5. A colet\u00e2nea do STF visa recuperar relevantes fatos institucionais e jur\u00eddicos da Suprema Corte por meio do resgate da vida e da obra de ministros que marcaram a hist\u00f3ria do Tribunal. Saiba mais sobre a s\u00e9rie \"Mem\u00f3ria Jurisprudencial\" em: <a href=\"http:\/\/bit.ly\/MemoriaJurisprudencial\" target=\"_blank\" rel=\"noopener\" data-saferedirecturl=\"https:\/\/www.google.com\/url?q=http:\/\/bit.ly\/MemoriaJurisprudencial&amp;source=gmail&amp;ust=1734533555954000&amp;usg=AOvVaw2WrTvn1-fgc79yK_ZrjLvM\">bit.ly\/MemoriaJurisprudencial<\/a>\r\n\r\n\r\nAo se dirigir a Jo\u00e3o Carlos Souto durante a entrevista, Daniel Giotti enalteceu a gest\u00e3o do Colega \u00e0 frente da Escola Superior da AGU e lembrou a atua\u00e7\u00e3o sindical do diretor. \"Agrade\u00e7o pelo espa\u00e7o e pela oportunidade. Devo dizer que sua gest\u00e3o \u00e9 emblem\u00e1tica: estamos levando a AGU para a comunidade jur\u00eddica e a comunidade em geral e este programa \u00e9 uma das inova\u00e7\u00f5es. Na qualidade de presidente do SINPROFAZ, voc\u00ea foi um dos que me receberam na PGFN h\u00e1 quase vinte anos. Descobrimos uma afinidade intelectual muito grande. Sigo \u00e0 sua disposi\u00e7\u00e3o e \u00e0 disposi\u00e7\u00e3o da Escola\", concluiu o entrevistado.\r\n\r\n\r\nO \"Encontro com o Autor\" j\u00e1 recebeu personalidades como Fl\u00e1via Piovessan, Oscar Vilhena, Patr\u00edcia Perrone, Arnaldo Godoy, ministro Sebasti\u00e3o Reis (STJ), ministra Edilene Lobo (TSE) e ministro Vin\u00edcius Marques de Carvalho (CGU). De acordo com Jo\u00e3o Carlos Souto, o programa \u00e9 plural e\u00a0expressivo e voltado para o p\u00fablico de dentro e de fora da AGU. \"Muito feliz com o resultado do 'Encontro com o Autor', que criei em julho de 2023. Agrade\u00e7o ao ministro Jorge Messias pelo apoio e \u00e0 equipe de audiovisual da ESAGU pelo profissionalismo e pela dedica\u00e7\u00e3o a esta e a outras iniciativas da Escola Superior da AGU.\"\r\n\r\n\r\nPara assistir \u00e0 entrevista de Daniel Giotti, acesse:\u00a0<a href=\"https:\/\/www.youtube.com\/watch?v=P99qInIs__A\" target=\"_blank\" rel=\"noopener\" data-saferedirecturl=\"https:\/\/www.google.com\/url?q=https:\/\/www.youtube.com\/watch?v%3DP99qInIs__A&amp;source=gmail&amp;ust=1734533555954000&amp;usg=AOvVaw3j2oNdXIvGF4ICsm3S9nj5\">https:\/\/www.youtube.com\/watch?v=P99qInIs__A<\/a>","_links":{"self":[{"href":"https:\/\/sinprofaz.org.br\/2024\/wp-json\/wp\/v2\/posts\/19191"}],"collection":[{"href":"https:\/\/sinprofaz.org.br\/2024\/wp-json\/wp\/v2\/posts"}],"about":[{"href":"https:\/\/sinprofaz.org.br\/2024\/wp-json\/wp\/v2\/types\/post"}],"author":[{"embeddable":true,"href":"https:\/\/sinprofaz.org.br\/2024\/wp-json\/wp\/v2\/users\/2"}],"replies":[{"embeddable":true,"href":"https:\/\/sinprofaz.org.br\/2024\/wp-json\/wp\/v2\/comments?post=19191"}],"version-history":[{"count":3,"href":"https:\/\/sinprofaz.org.br\/2024\/wp-json\/wp\/v2\/posts\/19191\/revisions"}],"predecessor-version":[{"id":19195,"href":"https:\/\/sinprofaz.org.br\/2024\/wp-json\/wp\/v2\/posts\/19191\/revisions\/19195"}],"wp:featuredmedia":[{"embeddable":true,"href":"https:\/\/sinprofaz.org.br\/2024\/wp-json\/wp\/v2\/media\/19192"}],"wp:attachment":[{"href":"https:\/\/sinprofaz.org.br\/2024\/wp-json\/wp\/v2\/media?parent=19191"}],"wp:term":[{"taxonomy":"category","embeddable":true,"href":"https:\/\/sinprofaz.org.br\/2024\/wp-json\/wp\/v2\/categories?post=19191"},{"taxonomy":"post_tag","embeddable":true,"href":"https:\/\/sinprofaz.org.br\/2024\/wp-json\/wp\/v2\/tags?post=19191"}],"curies":[{"name":"wp","href":"https:\/\/api.w.org\/{rel}","templated":true}]}}