{"id":19177,"date":"2024-12-16T11:01:13","date_gmt":"2024-12-16T14:01:13","guid":{"rendered":"https:\/\/sinprofaz.org.br\/2024\/?p=19177"},"modified":"2024-12-16T11:01:13","modified_gmt":"2024-12-16T14:01:13","slug":"advogados-do-sinprofaz-compoem-painel-juridico-durante-22o-encontro-da-carreira","status":"publish","type":"post","link":"https:\/\/sinprofaz.org.br\/2024\/noticias\/advogados-do-sinprofaz-compoem-painel-juridico-durante-22o-encontro-da-carreira\/","title":{"rendered":"ADVOGADOS DO SINPROFAZ COMP\u00d5EM PAINEL JUR\u00cdDICO DURANTE 22\u00ba ENCONTRO DA CARREIRA"},"content":{"rendered":"<p>Na edi\u00e7\u00e3o 2024 do Encontro do SINPROFAZ, os participantes\u00a0puderam acompanhar o tradicional Painel Jur\u00eddico realizado durante o evento. Desta vez, por\u00e9m, o Painel foi ainda mais especial, pois contou com a participa\u00e7\u00e3o in\u00e9dita de quatro renomados escrit\u00f3rios representados pelos seguintes advogados: Ant\u00f4nio Nabor Areias Bulh\u00f5es, s\u00f3cio do escrit\u00f3rio Bulh\u00f5es &amp; Advogados Associados; Walter Pitombo Laranjeiras Filho, do escrit\u00f3rio Laranjeiras Advocacia; Vicente C\u00e2ndido, ex-deputado federal s\u00f3cio do Innocenti Advogados Associados; e Hugo Mendes Plutarco, do escrit\u00f3rio Mendes Plutarco Advocacia.<\/p>\n<p>O Painel foi mediado pelo diretor jur\u00eddico do SINPROFAZ. Ao fazer uso da palavra e dar as boas-vindas aos advogados, Roberto Rodrigues ressaltou a atua\u00e7\u00e3o vitoriosa dos escrit\u00f3rios em prol de filiadas e filiados. &#8220;O Jur\u00eddico \u00e9 uma das frentes mais importantes do SINPROFAZ e, historicamente, promove resultados relevant\u00edssimos para a Carreira. O volume de a\u00e7\u00f5es imp\u00f5e a contrata\u00e7\u00e3o de escrit\u00f3rios especializados nas diversas searas em que \u00e9 preciso defender os interesses dos PFNs. Nos\u00a0\u00faltimos anos, obtivemos vit\u00f3rias expressivas, mas muitas outras conquistas ainda ser\u00e3o alcan\u00e7adas em benef\u00edcio dos sindicalizados!&#8221;<\/p>\n<p><strong>Atendimento automatizado<br \/>\n<\/strong>Na ocasi\u00e3o do Encontro dos SINPROFAZ, Hugo Mendes Plutarco apresentou aos PFNs uma nova tecnologia disponibilizada pela Mendes Plutarco Advocacia para facilitar o acesso da Carreira a informa\u00e7\u00f5es atualizadas sobre os processos em andamento. Trata-se de um &#8220;bot&#8221; que, ativado por meio do WhatsApp, \u00e9 capaz de fornecer relat\u00f3rios individualizados, automatizados e padronizados com as informa\u00e7\u00f5es processuais de interesse dos Colegas. Para utilizar a nova ferramenta, siga o passo a passo:<br \/>\n1. Acesse o link: <a href=\"https:\/\/wa.me\/556140422150\" target=\"_blank\" rel=\"noopener\">https:\/\/wa.me\/556140422150<\/a>;<br \/>\n2. Encaminhe uma mensagem inicial;<br \/>\n3. Responda \u00e0s perguntas apresentadas, especialmente quanto ao n\u00famero do CPF.<\/p>\n<p>Utilize o novo canal de comunica\u00e7\u00e3o! Para questionamentos mais espec\u00edficos, o SINPROFAZ lembra que o e-mail\u00a0<a href=\"mailto:falecomjuridico@sinprofaz.org.br\">falecomjuridico@sinprofaz.org.br<\/a>\u00a0segue dispon\u00edvel para filiadas e filiados.<\/p>\n\n\t\t<style type=\"text\/css\">\n\t\t\t#gallery-1 {\n\t\t\t\tmargin: auto;\n\t\t\t}\n\t\t\t#gallery-1 .gallery-item {\n\t\t\t\tfloat: left;\n\t\t\t\tmargin-top: 10px;\n\t\t\t\ttext-align: center;\n\t\t\t\twidth: 33%;\n\t\t\t}\n\t\t\t#gallery-1 img {\n\t\t\t\tborder: 2px solid #cfcfcf;\n\t\t\t}\n\t\t\t#gallery-1 .gallery-caption {\n\t\t\t\tmargin-left: 0;\n\t\t\t}\n\t\t\t\/* see gallery_shortcode() in wp-includes\/media.php *\/\n\t\t<\/style>\n\t\t<div id='gallery-1' class='gallery galleryid-19177 gallery-columns-3 gallery-size-thumbnail'><dl class='gallery-item'>\n\t\t\t<dt class='gallery-icon landscape'>\n\t\t\t\t<a href='https:\/\/sinprofaz.org.br\/2024\/wp-content\/uploads\/2024\/12\/2-9.png'><img loading=\"lazy\" decoding=\"async\" width=\"150\" height=\"150\" src=\"https:\/\/sinprofaz.org.br\/2024\/wp-content\/uploads\/2024\/12\/2-9-150x150.png\" class=\"attachment-thumbnail size-thumbnail\" alt=\"\" \/><\/a>\n\t\t\t<\/dt><\/dl><dl class='gallery-item'>\n\t\t\t<dt class='gallery-icon landscape'>\n\t\t\t\t<a href='https:\/\/sinprofaz.org.br\/2024\/wp-content\/uploads\/2024\/12\/3-9.png'><img loading=\"lazy\" decoding=\"async\" width=\"150\" height=\"150\" src=\"https:\/\/sinprofaz.org.br\/2024\/wp-content\/uploads\/2024\/12\/3-9-150x150.png\" class=\"attachment-thumbnail size-thumbnail\" alt=\"\" \/><\/a>\n\t\t\t<\/dt><\/dl><dl class='gallery-item'>\n\t\t\t<dt class='gallery-icon landscape'>\n\t\t\t\t<a href='https:\/\/sinprofaz.org.br\/2024\/wp-content\/uploads\/2024\/12\/4-9.png'><img loading=\"lazy\" decoding=\"async\" width=\"150\" height=\"150\" src=\"https:\/\/sinprofaz.org.br\/2024\/wp-content\/uploads\/2024\/12\/4-9-150x150.png\" class=\"attachment-thumbnail size-thumbnail\" alt=\"\" \/><\/a>\n\t\t\t<\/dt><\/dl><br style=\"clear: both\" \/><dl class='gallery-item'>\n\t\t\t<dt class='gallery-icon landscape'>\n\t\t\t\t<a href='https:\/\/sinprofaz.org.br\/2024\/wp-content\/uploads\/2024\/12\/5-9.png'><img loading=\"lazy\" decoding=\"async\" width=\"150\" height=\"150\" src=\"https:\/\/sinprofaz.org.br\/2024\/wp-content\/uploads\/2024\/12\/5-9-150x150.png\" class=\"attachment-thumbnail size-thumbnail\" alt=\"\" \/><\/a>\n\t\t\t<\/dt><\/dl><dl class='gallery-item'>\n\t\t\t<dt class='gallery-icon landscape'>\n\t\t\t\t<a href='https:\/\/sinprofaz.org.br\/2024\/wp-content\/uploads\/2024\/12\/6-8.png'><img loading=\"lazy\" decoding=\"async\" width=\"150\" height=\"150\" src=\"https:\/\/sinprofaz.org.br\/2024\/wp-content\/uploads\/2024\/12\/6-8-150x150.png\" class=\"attachment-thumbnail size-thumbnail\" alt=\"\" \/><\/a>\n\t\t\t<\/dt><\/dl><dl class='gallery-item'>\n\t\t\t<dt class='gallery-icon landscape'>\n\t\t\t\t<a href='https:\/\/sinprofaz.org.br\/2024\/wp-content\/uploads\/2024\/12\/7-5.png'><img loading=\"lazy\" decoding=\"async\" width=\"150\" height=\"150\" src=\"https:\/\/sinprofaz.org.br\/2024\/wp-content\/uploads\/2024\/12\/7-5-150x150.png\" class=\"attachment-thumbnail size-thumbnail\" alt=\"\" \/><\/a>\n\t\t\t<\/dt><\/dl><br style=\"clear: both\" \/><dl class='gallery-item'>\n\t\t\t<dt class='gallery-icon landscape'>\n\t\t\t\t<a href='https:\/\/sinprofaz.org.br\/2024\/wp-content\/uploads\/2024\/12\/8-4.png'><img loading=\"lazy\" decoding=\"async\" width=\"150\" height=\"150\" src=\"https:\/\/sinprofaz.org.br\/2024\/wp-content\/uploads\/2024\/12\/8-4-150x150.png\" class=\"attachment-thumbnail size-thumbnail\" alt=\"\" \/><\/a>\n\t\t\t<\/dt><\/dl><dl class='gallery-item'>\n\t\t\t<dt class='gallery-icon landscape'>\n\t\t\t\t<a href='https:\/\/sinprofaz.org.br\/2024\/wp-content\/uploads\/2024\/12\/9-3.png'><img loading=\"lazy\" decoding=\"async\" width=\"150\" height=\"150\" src=\"https:\/\/sinprofaz.org.br\/2024\/wp-content\/uploads\/2024\/12\/9-3-150x150.png\" class=\"attachment-thumbnail size-thumbnail\" alt=\"\" \/><\/a>\n\t\t\t<\/dt><\/dl><dl class='gallery-item'>\n\t\t\t<dt class='gallery-icon landscape'>\n\t\t\t\t<a href='https:\/\/sinprofaz.org.br\/2024\/wp-content\/uploads\/2024\/12\/10-2.png'><img loading=\"lazy\" decoding=\"async\" width=\"150\" height=\"150\" src=\"https:\/\/sinprofaz.org.br\/2024\/wp-content\/uploads\/2024\/12\/10-2-150x150.png\" class=\"attachment-thumbnail size-thumbnail\" alt=\"\" \/><\/a>\n\t\t\t<\/dt><\/dl><br style=\"clear: both\" \/><dl class='gallery-item'>\n\t\t\t<dt class='gallery-icon landscape'>\n\t\t\t\t<a href='https:\/\/sinprofaz.org.br\/2024\/wp-content\/uploads\/2024\/12\/11-2.png'><img loading=\"lazy\" decoding=\"async\" width=\"150\" height=\"150\" src=\"https:\/\/sinprofaz.org.br\/2024\/wp-content\/uploads\/2024\/12\/11-2-150x150.png\" class=\"attachment-thumbnail size-thumbnail\" alt=\"\" \/><\/a>\n\t\t\t<\/dt><\/dl>\n\t\t\t<br style='clear: both' \/>\n\t\t<\/div>\n\n<p><!-- notionvc: 7231898e-fec7-45b0-a4eb-9a20f8681adb --><\/p>\n","protected":false},"excerpt":{"rendered":"<p>No Encontro do SINPROFAZ, os PFNs puderam acompanhar o j\u00e1 tradicional Painel Jur\u00eddico do evento. Mediado pelo diretor Roberto Rodrigues, o Painel contou com as participa\u00e7\u00f5es de Nabor Bulh\u00f5es, Walter Laranjeiras, Vicente C\u00e2ndido e Hugo Plutarco.<\/p>\n","protected":false},"author":2,"featured_media":19178,"comment_status":"open","ping_status":"open","sticky":false,"template":"","format":"standard","meta":{"footnotes":""},"categories":[8],"tags":[62,26,25],"featured_image_url":"https:\/\/sinprofaz.org.br\/2024\/wp-content\/uploads\/2024\/12\/1-9.png","character_count":1312,"formatted_date":"16\/12\/2024 - 11:01","contentNovo":"Na edi\u00e7\u00e3o 2024 do Encontro do SINPROFAZ, os participantes\u00a0puderam acompanhar o tradicional Painel Jur\u00eddico realizado durante o evento. Desta vez, por\u00e9m, o Painel foi ainda mais especial, pois contou com a participa\u00e7\u00e3o in\u00e9dita de quatro renomados escrit\u00f3rios representados pelos seguintes advogados: Ant\u00f4nio Nabor Areias Bulh\u00f5es, s\u00f3cio do escrit\u00f3rio Bulh\u00f5es &amp; Advogados Associados; Walter Pitombo Laranjeiras Filho, do escrit\u00f3rio Laranjeiras Advocacia; Vicente C\u00e2ndido, ex-deputado federal s\u00f3cio do Innocenti Advogados Associados; e Hugo Mendes Plutarco, do escrit\u00f3rio Mendes Plutarco Advocacia.\r\n\r\nO Painel foi mediado pelo diretor jur\u00eddico do SINPROFAZ. Ao fazer uso da palavra e dar as boas-vindas aos advogados, Roberto Rodrigues ressaltou a atua\u00e7\u00e3o vitoriosa dos escrit\u00f3rios em prol de filiadas e filiados. \"O Jur\u00eddico \u00e9 uma das frentes mais importantes do SINPROFAZ e, historicamente, promove resultados relevant\u00edssimos para a Carreira. O volume de a\u00e7\u00f5es imp\u00f5e a contrata\u00e7\u00e3o de escrit\u00f3rios especializados nas diversas searas em que \u00e9 preciso defender os interesses dos PFNs. Nos\u00a0\u00faltimos anos, obtivemos vit\u00f3rias expressivas, mas muitas outras conquistas ainda ser\u00e3o alcan\u00e7adas em benef\u00edcio dos sindicalizados!\"\r\n\r\n<strong>Atendimento automatizado\r\n<\/strong>Na ocasi\u00e3o do Encontro dos SINPROFAZ, Hugo Mendes Plutarco apresentou aos PFNs uma nova tecnologia disponibilizada pela Mendes Plutarco Advocacia para facilitar o acesso da Carreira a informa\u00e7\u00f5es atualizadas sobre os processos em andamento. Trata-se de um \"bot\" que, ativado por meio do WhatsApp, \u00e9 capaz de fornecer relat\u00f3rios individualizados, automatizados e padronizados com as informa\u00e7\u00f5es processuais de interesse dos Colegas. Para utilizar a nova ferramenta, siga o passo a passo:\r\n1. Acesse o link: <a href=\"https:\/\/wa.me\/556140422150\" target=\"_blank\" rel=\"noopener\">https:\/\/wa.me\/556140422150<\/a>;\r\n2. Encaminhe uma mensagem inicial;\r\n3. Responda \u00e0s perguntas apresentadas, especialmente quanto ao n\u00famero do CPF.\r\n\r\nUtilize o novo canal de comunica\u00e7\u00e3o! Para questionamentos mais espec\u00edficos, o SINPROFAZ lembra que o e-mail\u00a0<a href=\"mailto:falecomjuridico@sinprofaz.org.br\">falecomjuridico@sinprofaz.org.br<\/a>\u00a0segue dispon\u00edvel para filiadas e filiados.\r\n\r\n[gallery link=\"file\" ids=\"19179,19180,19181,19182,19183,19184,19185,19186,19187,19188\"]\r\n\r\n","_links":{"self":[{"href":"https:\/\/sinprofaz.org.br\/2024\/wp-json\/wp\/v2\/posts\/19177"}],"collection":[{"href":"https:\/\/sinprofaz.org.br\/2024\/wp-json\/wp\/v2\/posts"}],"about":[{"href":"https:\/\/sinprofaz.org.br\/2024\/wp-json\/wp\/v2\/types\/post"}],"author":[{"embeddable":true,"href":"https:\/\/sinprofaz.org.br\/2024\/wp-json\/wp\/v2\/users\/2"}],"replies":[{"embeddable":true,"href":"https:\/\/sinprofaz.org.br\/2024\/wp-json\/wp\/v2\/comments?post=19177"}],"version-history":[{"count":1,"href":"https:\/\/sinprofaz.org.br\/2024\/wp-json\/wp\/v2\/posts\/19177\/revisions"}],"predecessor-version":[{"id":19189,"href":"https:\/\/sinprofaz.org.br\/2024\/wp-json\/wp\/v2\/posts\/19177\/revisions\/19189"}],"wp:featuredmedia":[{"embeddable":true,"href":"https:\/\/sinprofaz.org.br\/2024\/wp-json\/wp\/v2\/media\/19178"}],"wp:attachment":[{"href":"https:\/\/sinprofaz.org.br\/2024\/wp-json\/wp\/v2\/media?parent=19177"}],"wp:term":[{"taxonomy":"category","embeddable":true,"href":"https:\/\/sinprofaz.org.br\/2024\/wp-json\/wp\/v2\/categories?post=19177"},{"taxonomy":"post_tag","embeddable":true,"href":"https:\/\/sinprofaz.org.br\/2024\/wp-json\/wp\/v2\/tags?post=19177"}],"curies":[{"name":"wp","href":"https:\/\/api.w.org\/{rel}","templated":true}]}}