{"id":19128,"date":"2024-12-12T08:27:48","date_gmt":"2024-12-12T11:27:48","guid":{"rendered":"https:\/\/sinprofaz.org.br\/2024\/?p=19128"},"modified":"2024-12-12T09:27:59","modified_gmt":"2024-12-12T12:27:59","slug":"sinprofaz-e-demais-entidades-do-mosap-conquistam-apoio-de-212-deputados","status":"publish","type":"post","link":"https:\/\/sinprofaz.org.br\/2024\/noticias\/sinprofaz-e-demais-entidades-do-mosap-conquistam-apoio-de-212-deputados\/","title":{"rendered":"SINPROFAZ E DEMAIS ENTIDADES DO MOSAP CONQUISTAM APOIO DE 212 DEPUTADOS"},"content":{"rendered":"<p>Com o esfor\u00e7o do grupo constitu\u00eddo pelo SINPROFAZ &#8211; representado por Jacqueline Carneiro e Iolanda\u00a0Guindani &#8211; e por diversas outras entidades filiadas, concluiu-se o trabalho parlamentar 2024 do Movimento Nacional dos Servidores P\u00fablicos Aposentados e Pensionistas (Instituto Mosap).<\/p>\n<p>Divididos por Estados, os representantes sindicais e associativos visitaram, ao longo da semana, os gabinetes dos deputados federais que ainda n\u00e3o haviam apresentado requerimento de apensamento da PEC 6\/2024 \u00e0 PEC 555\/2006. Com o trabalho conjunto, Mosap e entidades conquistaram o total de 212 requerimentos!<\/p>\n<p>A semana de atua\u00e7\u00e3o parlamentar foi conclu\u00edda com um ato no Sal\u00e3o Verde da C\u00e2mara dos Deputados. Da mobiliza\u00e7\u00e3o, participou o deputado Cl\u00e9ber Verde (MDB\/MA), que \u00e9 um dos autores da PEC 6. A proposta, apelidada de &#8220;PEC Social&#8221;, prev\u00ea a gradativa redu\u00e7\u00e3o da contribui\u00e7\u00e3o previdenci\u00e1ria de servidores p\u00fablicos aposentados e pensionistas.<\/p>\n<p>Para 2025, a meta do SINPROFAZ e do Mosap \u00e9 a de alcan\u00e7ar 300 requerimentos, promover a apensa\u00e7\u00e3o e, assim, acelerar a tramita\u00e7\u00e3o da PEC 6 na C\u00e2mara dos Deputados!<\/p>\n\n\t\t<style type=\"text\/css\">\n\t\t\t#gallery-1 {\n\t\t\t\tmargin: auto;\n\t\t\t}\n\t\t\t#gallery-1 .gallery-item {\n\t\t\t\tfloat: left;\n\t\t\t\tmargin-top: 10px;\n\t\t\t\ttext-align: center;\n\t\t\t\twidth: 33%;\n\t\t\t}\n\t\t\t#gallery-1 img {\n\t\t\t\tborder: 2px solid #cfcfcf;\n\t\t\t}\n\t\t\t#gallery-1 .gallery-caption {\n\t\t\t\tmargin-left: 0;\n\t\t\t}\n\t\t\t\/* see gallery_shortcode() in wp-includes\/media.php *\/\n\t\t<\/style>\n\t\t<div id='gallery-1' class='gallery galleryid-19128 gallery-columns-3 gallery-size-thumbnail'><dl class='gallery-item'>\n\t\t\t<dt class='gallery-icon landscape'>\n\t\t\t\t<a href='https:\/\/sinprofaz.org.br\/2024\/wp-content\/uploads\/2024\/12\/2-6.png'><img loading=\"lazy\" decoding=\"async\" width=\"150\" height=\"150\" src=\"https:\/\/sinprofaz.org.br\/2024\/wp-content\/uploads\/2024\/12\/2-6-150x150.png\" class=\"attachment-thumbnail size-thumbnail\" alt=\"\" \/><\/a>\n\t\t\t<\/dt><\/dl><dl class='gallery-item'>\n\t\t\t<dt class='gallery-icon landscape'>\n\t\t\t\t<a href='https:\/\/sinprofaz.org.br\/2024\/wp-content\/uploads\/2024\/12\/3-6.png'><img loading=\"lazy\" decoding=\"async\" width=\"150\" height=\"150\" src=\"https:\/\/sinprofaz.org.br\/2024\/wp-content\/uploads\/2024\/12\/3-6-150x150.png\" class=\"attachment-thumbnail size-thumbnail\" alt=\"\" \/><\/a>\n\t\t\t<\/dt><\/dl><dl class='gallery-item'>\n\t\t\t<dt class='gallery-icon landscape'>\n\t\t\t\t<a href='https:\/\/sinprofaz.org.br\/2024\/wp-content\/uploads\/2024\/12\/4-6.png'><img loading=\"lazy\" decoding=\"async\" width=\"150\" height=\"150\" src=\"https:\/\/sinprofaz.org.br\/2024\/wp-content\/uploads\/2024\/12\/4-6-150x150.png\" class=\"attachment-thumbnail size-thumbnail\" alt=\"\" \/><\/a>\n\t\t\t<\/dt><\/dl><br style=\"clear: both\" \/><dl class='gallery-item'>\n\t\t\t<dt class='gallery-icon landscape'>\n\t\t\t\t<a href='https:\/\/sinprofaz.org.br\/2024\/wp-content\/uploads\/2024\/12\/5-6.png'><img loading=\"lazy\" decoding=\"async\" width=\"150\" height=\"150\" src=\"https:\/\/sinprofaz.org.br\/2024\/wp-content\/uploads\/2024\/12\/5-6-150x150.png\" class=\"attachment-thumbnail size-thumbnail\" alt=\"\" \/><\/a>\n\t\t\t<\/dt><\/dl><dl class='gallery-item'>\n\t\t\t<dt class='gallery-icon landscape'>\n\t\t\t\t<a href='https:\/\/sinprofaz.org.br\/2024\/wp-content\/uploads\/2024\/12\/6-6.png'><img loading=\"lazy\" decoding=\"async\" width=\"150\" height=\"150\" src=\"https:\/\/sinprofaz.org.br\/2024\/wp-content\/uploads\/2024\/12\/6-6-150x150.png\" class=\"attachment-thumbnail size-thumbnail\" alt=\"\" \/><\/a>\n\t\t\t<\/dt><\/dl><dl class='gallery-item'>\n\t\t\t<dt class='gallery-icon landscape'>\n\t\t\t\t<a href='https:\/\/sinprofaz.org.br\/2024\/wp-content\/uploads\/2024\/12\/7-3.png'><img loading=\"lazy\" decoding=\"async\" width=\"150\" height=\"150\" src=\"https:\/\/sinprofaz.org.br\/2024\/wp-content\/uploads\/2024\/12\/7-3-150x150.png\" class=\"attachment-thumbnail size-thumbnail\" alt=\"\" \/><\/a>\n\t\t\t<\/dt><\/dl><br style=\"clear: both\" \/>\n\t\t<\/div>\n\n","protected":false},"excerpt":{"rendered":"<p>Com o esfor\u00e7o do grupo constitu\u00eddo pelo SINPROFAZ &#8211; representado por Jacqueline Carneiro e Iolanda Guindani &#8211; e por diversas outras entidades filiadas, concluiu-se o trabalho parlamentar 2024 do Movimento Nacional dos Servidores P\u00fablicos Aposentados e Pensionistas (Instituto Mosap). <\/p>\n","protected":false},"author":2,"featured_media":19129,"comment_status":"open","ping_status":"open","sticky":false,"template":"","format":"standard","meta":{"footnotes":""},"categories":[8],"tags":[209,219,25],"featured_image_url":"https:\/\/sinprofaz.org.br\/2024\/wp-content\/uploads\/2024\/12\/1-6.png","character_count":782,"formatted_date":"12\/12\/2024 - 08:27","contentNovo":"Com o esfor\u00e7o do grupo constitu\u00eddo pelo SINPROFAZ - representado por Jacqueline Carneiro e Iolanda\u00a0Guindani - e por diversas outras entidades filiadas, concluiu-se o trabalho parlamentar 2024 do Movimento Nacional dos Servidores P\u00fablicos Aposentados e Pensionistas (Instituto Mosap).\r\n\r\nDivididos por Estados, os representantes sindicais e associativos visitaram, ao longo da semana, os gabinetes dos deputados federais que ainda n\u00e3o haviam apresentado requerimento de apensamento da PEC 6\/2024 \u00e0 PEC 555\/2006. Com o trabalho conjunto, Mosap e entidades conquistaram o total de 212 requerimentos!\r\n\r\nA semana de atua\u00e7\u00e3o parlamentar foi conclu\u00edda com um ato no Sal\u00e3o Verde da C\u00e2mara dos Deputados. Da mobiliza\u00e7\u00e3o, participou o deputado Cl\u00e9ber Verde (MDB\/MA), que \u00e9 um dos autores da PEC 6. A proposta, apelidada de \"PEC Social\", prev\u00ea a gradativa redu\u00e7\u00e3o da contribui\u00e7\u00e3o previdenci\u00e1ria de servidores p\u00fablicos aposentados e pensionistas.\r\n\r\nPara 2025, a meta do SINPROFAZ e do Mosap \u00e9 a de alcan\u00e7ar 300 requerimentos, promover a apensa\u00e7\u00e3o e, assim, acelerar a tramita\u00e7\u00e3o da PEC 6 na C\u00e2mara dos Deputados!\r\n\r\n[gallery link=\"file\" ids=\"19130,19131,19132,19133,19134,19135\"]","_links":{"self":[{"href":"https:\/\/sinprofaz.org.br\/2024\/wp-json\/wp\/v2\/posts\/19128"}],"collection":[{"href":"https:\/\/sinprofaz.org.br\/2024\/wp-json\/wp\/v2\/posts"}],"about":[{"href":"https:\/\/sinprofaz.org.br\/2024\/wp-json\/wp\/v2\/types\/post"}],"author":[{"embeddable":true,"href":"https:\/\/sinprofaz.org.br\/2024\/wp-json\/wp\/v2\/users\/2"}],"replies":[{"embeddable":true,"href":"https:\/\/sinprofaz.org.br\/2024\/wp-json\/wp\/v2\/comments?post=19128"}],"version-history":[{"count":2,"href":"https:\/\/sinprofaz.org.br\/2024\/wp-json\/wp\/v2\/posts\/19128\/revisions"}],"predecessor-version":[{"id":19145,"href":"https:\/\/sinprofaz.org.br\/2024\/wp-json\/wp\/v2\/posts\/19128\/revisions\/19145"}],"wp:featuredmedia":[{"embeddable":true,"href":"https:\/\/sinprofaz.org.br\/2024\/wp-json\/wp\/v2\/media\/19129"}],"wp:attachment":[{"href":"https:\/\/sinprofaz.org.br\/2024\/wp-json\/wp\/v2\/media?parent=19128"}],"wp:term":[{"taxonomy":"category","embeddable":true,"href":"https:\/\/sinprofaz.org.br\/2024\/wp-json\/wp\/v2\/categories?post=19128"},{"taxonomy":"post_tag","embeddable":true,"href":"https:\/\/sinprofaz.org.br\/2024\/wp-json\/wp\/v2\/tags?post=19128"}],"curies":[{"name":"wp","href":"https:\/\/api.w.org\/{rel}","templated":true}]}}