{"id":1912,"date":"2014-09-23T17:27:48","date_gmt":"2014-09-23T17:27:48","guid":{"rendered":""},"modified":"-0001-11-30T00:00:00","modified_gmt":"-0001-11-30T03:00:00","slug":"entidades-representativas-da-advocacia-publica-federal-definem-pauta-de-mobilizacao","status":"publish","type":"post","link":"https:\/\/sinprofaz.org.br\/2024\/noticias\/entidades-representativas-da-advocacia-publica-federal-definem-pauta-de-mobilizacao\/","title":{"rendered":"Entidades representativas da Advocacia P\u00fablica Federal definem pauta de mobiliza\u00e7\u00e3o"},"content":{"rendered":"<p><img loading=\"lazy\" decoding=\"async\" style=\"margin-right: 10px; float: left;\" alt=\"entidades-representativas-advocacia-pub-federal-definem-pauta-mobilizacao\" src=\"images\/noticias\/entidades-representativas-advocacia-pub-federal-definem-pauta-mobilizacao.jpg\" height=\"150\" width=\"200\" \/>Na manh\u00e3 desta ter\u00e7a-feira (23\/09), representantes da ANAJUR, ANAUNI, ANPAF, APBC, ANPPREV e SINPROFAZ reuniram-se para definir novas estrat\u00e9gias de atua\u00e7\u00e3o em prol da Advocacia P\u00fablica Federal, dando continuidade aos trabalhos conjuntos j\u00e1 desenvolvidos.<\/p>\n<p>Diante das dificuldades enfrentadas pelos Advogados da Uni\u00e3o, Procuradores da Fazenda Nacional, Procuradores Federais e Procuradores do Banco Central do Brasil, que sofrem com enormes car\u00eancias estruturais e defasagem remunerat\u00f3ria, as entidades deliberaram por realizar um Dia Nacional de Paralisa\u00e7\u00e3o da Advocacia P\u00fablica Federal, em 1\u00ba de outubro de 2014 (quarta-feira).<\/p>\n<p>Em Bras\u00edlia, as entidades organizar\u00e3o um ato p\u00fablico em frente ao pr\u00e9dio do Minist\u00e9rio do Planejamento, Or\u00e7amento e Gest\u00e3o, no Bloco K da Esplanada dos Minist\u00e9rios, com previs\u00e3o para as 10h de 1\u00ba de outubro.<\/p>\n<p>As entidades tamb\u00e9m decidiram que, passadas as elei\u00e7\u00f5es, ser\u00e1 realizada uma Mobiliza\u00e7\u00e3o Nacional da Advocacia P\u00fablica Federal, em 5 de novembro de 2014, no Congresso Nacional. O objetivo ser\u00e1 defender a aprova\u00e7\u00e3o da Proposta de Emenda \u00e0 Constitui\u00e7\u00e3o n\u00ba 82\/2007 (autonomia da Advocacia P\u00fablica) e do Projeto do Novo C\u00f3digo de Processo Civil (honor\u00e1rios de sucumb\u00eancia).<\/p>\n<p>Em breve, as entidades divulgar\u00e3o maiores informa\u00e7\u00f5es acerca das atividades que ser\u00e3o desenvolvidas. Participe!<\/p>\n","protected":false},"excerpt":{"rendered":"<p>Na manh\u00e3 desta ter\u00e7a-feira (23\/09), representantes da ANAJUR, ANAUNI, ANPAF, APBC, ANPPREV e SINPROFAZ reuniram-se para definir novas estrat\u00e9gias de atua\u00e7\u00e3o em prol da Advocacia P\u00fablica Federal, dando continuidade aos trabalhos conjuntos j\u00e1 desenvolvidos.<\/p>\n","protected":false},"author":1,"featured_media":0,"comment_status":"closed","ping_status":"open","sticky":false,"template":"","format":"standard","meta":{"footnotes":""},"categories":[8],"tags":[],"featured_image_url":"https:\/\/dummyimage.com\/720x400","character_count":682,"formatted_date":"23\/09\/2014 - 17:27","contentNovo":"\r\n<p>Na manh\u00e3 desta ter\u00e7a-feira (23\/09), representantes da ANAJUR, ANAUNI, ANPAF, APBC, ANPPREV e SINPROFAZ reuniram-se para definir novas estrat\u00e9gias de atua\u00e7\u00e3o em prol da Advocacia P\u00fablica Federal, dando continuidade aos trabalhos conjuntos j\u00e1 desenvolvidos.<\/p>\r\n<p>Diante das dificuldades enfrentadas pelos Advogados da Uni\u00e3o, Procuradores da Fazenda Nacional, Procuradores Federais e Procuradores do Banco Central do Brasil, que sofrem com enormes car\u00eancias estruturais e defasagem remunerat\u00f3ria, as entidades deliberaram por realizar um Dia Nacional de Paralisa\u00e7\u00e3o da Advocacia P\u00fablica Federal, em 1\u00ba de outubro de 2014 (quarta-feira).<\/p>\r\n<p>Em Bras\u00edlia, as entidades organizar\u00e3o um ato p\u00fablico em frente ao pr\u00e9dio do Minist\u00e9rio do Planejamento, Or\u00e7amento e Gest\u00e3o, no Bloco K da Esplanada dos Minist\u00e9rios, com previs\u00e3o para as 10h de 1\u00ba de outubro.<\/p>\r\n<p>As entidades tamb\u00e9m decidiram que, passadas as elei\u00e7\u00f5es, ser\u00e1 realizada uma Mobiliza\u00e7\u00e3o Nacional da Advocacia P\u00fablica Federal, em 5 de novembro de 2014, no Congresso Nacional. O objetivo ser\u00e1 defender a aprova\u00e7\u00e3o da Proposta de Emenda \u00e0 Constitui\u00e7\u00e3o n\u00ba 82\/2007 (autonomia da Advocacia P\u00fablica) e do Projeto do Novo C\u00f3digo de Processo Civil (honor\u00e1rios de sucumb\u00eancia).<\/p>\r\n<p>Em breve, as entidades divulgar\u00e3o maiores informa\u00e7\u00f5es acerca das atividades que ser\u00e3o desenvolvidas. Participe!<\/p>","_links":{"self":[{"href":"https:\/\/sinprofaz.org.br\/2024\/wp-json\/wp\/v2\/posts\/1912"}],"collection":[{"href":"https:\/\/sinprofaz.org.br\/2024\/wp-json\/wp\/v2\/posts"}],"about":[{"href":"https:\/\/sinprofaz.org.br\/2024\/wp-json\/wp\/v2\/types\/post"}],"author":[{"embeddable":true,"href":"https:\/\/sinprofaz.org.br\/2024\/wp-json\/wp\/v2\/users\/1"}],"replies":[{"embeddable":true,"href":"https:\/\/sinprofaz.org.br\/2024\/wp-json\/wp\/v2\/comments?post=1912"}],"version-history":[{"count":0,"href":"https:\/\/sinprofaz.org.br\/2024\/wp-json\/wp\/v2\/posts\/1912\/revisions"}],"wp:attachment":[{"href":"https:\/\/sinprofaz.org.br\/2024\/wp-json\/wp\/v2\/media?parent=1912"}],"wp:term":[{"taxonomy":"category","embeddable":true,"href":"https:\/\/sinprofaz.org.br\/2024\/wp-json\/wp\/v2\/categories?post=1912"},{"taxonomy":"post_tag","embeddable":true,"href":"https:\/\/sinprofaz.org.br\/2024\/wp-json\/wp\/v2\/tags?post=1912"}],"curies":[{"name":"wp","href":"https:\/\/api.w.org\/{rel}","templated":true}]}}