{"id":19083,"date":"2024-12-05T13:41:27","date_gmt":"2024-12-05T16:41:27","guid":{"rendered":"https:\/\/sinprofaz.org.br\/2024\/?p=19083"},"modified":"2024-12-05T13:41:27","modified_gmt":"2024-12-05T16:41:27","slug":"diretoria-e-comissao-permanente-do-sinprofaz-atuam-no-senado-em-defesa-da-carreira","status":"publish","type":"post","link":"https:\/\/sinprofaz.org.br\/2024\/noticias\/diretoria-e-comissao-permanente-do-sinprofaz-atuam-no-senado-em-defesa-da-carreira\/","title":{"rendered":"DIRETORIA E COMISS\u00c3O PERMANENTE DO SINPROFAZ ATUAM NO SENADO EM DEFESA DA CARREIRA"},"content":{"rendered":"<p>O SINPROFAZ esteve durante a semana em atua\u00e7\u00e3o decisiva no Senado Federal. O trabalho parlamentar teve como foco a rejei\u00e7\u00e3o \u00e0 emenda n\u00ba 13 apresentada ao PLP 124\/2022. O projeto de lei complementar disp\u00f5e sobre normas gerais de preven\u00e7\u00e3o a lit\u00edgio, de consensualidade e de processo administrativo em mat\u00e9ria tribut\u00e1ria. A emenda, por sua vez, amea\u00e7a uma importante compet\u00eancia da Carreira.<\/p>\n<p>Ao longo do trabalho de convencimento, o SINPROFAZ visitou diversos gabinetes, entre os quais o do relator do PLP, Efraim Filho (Uni\u00e3o\/PB), que se comprometeu a &#8220;manter o status quo&#8221;, isto \u00e9, a n\u00e3o realizar mudan\u00e7as que promovam preju\u00edzos para os procuradores da Fazenda Nacional. O projeto constou em pauta, mas teve a vota\u00e7\u00e3o adiada. N\u00e3o obstante, o Sindicato seguir\u00e1 atento \u00e0 tramita\u00e7\u00e3o.<\/p>\n<p>Al\u00e9m da presidente, Iolanda Guindani, o trabalho no Senado Federal contou com os esfor\u00e7os de Daniel Giotti, Herta Rani, Yuri Excalibur e P\u00e9ricles Sousa, que comp\u00f5em a Comiss\u00e3o Permanente do SINPROFAZ de Atua\u00e7\u00e3o Parlamentar. \u00c0 Lideran\u00e7a do Governo e \u00e0s assessorias de Soraya Thronicke (Podemos\/MS) e Rog\u00e9rio Carvalho (PT\/SE), o Sindicato agradece a receptividade e o apoio demonstrado.<\/p>\n\n\t\t<style type=\"text\/css\">\n\t\t\t#gallery-1 {\n\t\t\t\tmargin: auto;\n\t\t\t}\n\t\t\t#gallery-1 .gallery-item {\n\t\t\t\tfloat: left;\n\t\t\t\tmargin-top: 10px;\n\t\t\t\ttext-align: center;\n\t\t\t\twidth: 33%;\n\t\t\t}\n\t\t\t#gallery-1 img {\n\t\t\t\tborder: 2px solid #cfcfcf;\n\t\t\t}\n\t\t\t#gallery-1 .gallery-caption {\n\t\t\t\tmargin-left: 0;\n\t\t\t}\n\t\t\t\/* see gallery_shortcode() in wp-includes\/media.php *\/\n\t\t<\/style>\n\t\t<div id='gallery-1' class='gallery galleryid-19083 gallery-columns-3 gallery-size-thumbnail'><dl class='gallery-item'>\n\t\t\t<dt class='gallery-icon landscape'>\n\t\t\t\t<a href='https:\/\/sinprofaz.org.br\/2024\/wp-content\/uploads\/2024\/12\/2-3.png'><img loading=\"lazy\" decoding=\"async\" width=\"150\" height=\"150\" src=\"https:\/\/sinprofaz.org.br\/2024\/wp-content\/uploads\/2024\/12\/2-3-150x150.png\" class=\"attachment-thumbnail size-thumbnail\" alt=\"\" \/><\/a>\n\t\t\t<\/dt><\/dl><dl class='gallery-item'>\n\t\t\t<dt class='gallery-icon landscape'>\n\t\t\t\t<a href='https:\/\/sinprofaz.org.br\/2024\/wp-content\/uploads\/2024\/12\/3-3.png'><img loading=\"lazy\" decoding=\"async\" width=\"150\" height=\"150\" src=\"https:\/\/sinprofaz.org.br\/2024\/wp-content\/uploads\/2024\/12\/3-3-150x150.png\" class=\"attachment-thumbnail size-thumbnail\" alt=\"\" \/><\/a>\n\t\t\t<\/dt><\/dl><dl class='gallery-item'>\n\t\t\t<dt class='gallery-icon landscape'>\n\t\t\t\t<a href='https:\/\/sinprofaz.org.br\/2024\/wp-content\/uploads\/2024\/12\/4-3.png'><img loading=\"lazy\" decoding=\"async\" width=\"150\" height=\"150\" src=\"https:\/\/sinprofaz.org.br\/2024\/wp-content\/uploads\/2024\/12\/4-3-150x150.png\" class=\"attachment-thumbnail size-thumbnail\" alt=\"\" \/><\/a>\n\t\t\t<\/dt><\/dl><br style=\"clear: both\" \/><dl class='gallery-item'>\n\t\t\t<dt class='gallery-icon landscape'>\n\t\t\t\t<a href='https:\/\/sinprofaz.org.br\/2024\/wp-content\/uploads\/2024\/12\/5-3.png'><img loading=\"lazy\" decoding=\"async\" width=\"150\" height=\"150\" src=\"https:\/\/sinprofaz.org.br\/2024\/wp-content\/uploads\/2024\/12\/5-3-150x150.png\" class=\"attachment-thumbnail size-thumbnail\" alt=\"\" \/><\/a>\n\t\t\t<\/dt><\/dl><dl class='gallery-item'>\n\t\t\t<dt class='gallery-icon landscape'>\n\t\t\t\t<a href='https:\/\/sinprofaz.org.br\/2024\/wp-content\/uploads\/2024\/12\/6-3.png'><img loading=\"lazy\" decoding=\"async\" width=\"150\" height=\"150\" src=\"https:\/\/sinprofaz.org.br\/2024\/wp-content\/uploads\/2024\/12\/6-3-150x150.png\" class=\"attachment-thumbnail size-thumbnail\" alt=\"\" \/><\/a>\n\t\t\t<\/dt><\/dl>\n\t\t\t<br style='clear: both' \/>\n\t\t<\/div>\n\n","protected":false},"excerpt":{"rendered":"<p>Ao longo do trabalho de convencimento, o SINPROFAZ visitou diversos gabinetes, entre os quais o do relator do PLP 124\/2022, Efraim Filho (Uni\u00e3o\/PB), que se comprometeu a &#8220;manter o status quo&#8221;, isto \u00e9, a n\u00e3o realizar mudan\u00e7as que promovam preju\u00edzos para os PFNs. <\/p>\n","protected":false},"author":2,"featured_media":19084,"comment_status":"open","ping_status":"open","sticky":false,"template":"","format":"standard","meta":{"footnotes":""},"categories":[8],"tags":[32,53,25],"featured_image_url":"https:\/\/sinprofaz.org.br\/2024\/wp-content\/uploads\/2024\/12\/1-3.png","character_count":812,"formatted_date":"05\/12\/2024 - 13:41","contentNovo":"O SINPROFAZ esteve durante a semana em atua\u00e7\u00e3o decisiva no Senado Federal. O trabalho parlamentar teve como foco a rejei\u00e7\u00e3o \u00e0 emenda n\u00ba 13 apresentada ao PLP 124\/2022. O projeto de lei complementar disp\u00f5e sobre normas gerais de preven\u00e7\u00e3o a lit\u00edgio, de consensualidade e de processo administrativo em mat\u00e9ria tribut\u00e1ria. A emenda, por sua vez, amea\u00e7a uma importante compet\u00eancia da Carreira.\r\n\r\nAo longo do trabalho de convencimento, o SINPROFAZ visitou diversos gabinetes, entre os quais o do relator do PLP, Efraim Filho (Uni\u00e3o\/PB), que se comprometeu a \"manter o status quo\", isto \u00e9, a n\u00e3o realizar mudan\u00e7as que promovam preju\u00edzos para os procuradores da Fazenda Nacional. O projeto constou em pauta, mas teve a vota\u00e7\u00e3o adiada. N\u00e3o obstante, o Sindicato seguir\u00e1 atento \u00e0 tramita\u00e7\u00e3o.\r\n\r\nAl\u00e9m da presidente, Iolanda Guindani, o trabalho no Senado Federal contou com os esfor\u00e7os de Daniel Giotti, Herta Rani, Yuri Excalibur e P\u00e9ricles Sousa, que comp\u00f5em a Comiss\u00e3o Permanente do SINPROFAZ de Atua\u00e7\u00e3o Parlamentar. \u00c0 Lideran\u00e7a do Governo e \u00e0s assessorias de Soraya Thronicke (Podemos\/MS) e Rog\u00e9rio Carvalho (PT\/SE), o Sindicato agradece a receptividade e o apoio demonstrado.\r\n\r\n[gallery link=\"file\" ids=\"19085,19086,19087,19088,19089\"]","_links":{"self":[{"href":"https:\/\/sinprofaz.org.br\/2024\/wp-json\/wp\/v2\/posts\/19083"}],"collection":[{"href":"https:\/\/sinprofaz.org.br\/2024\/wp-json\/wp\/v2\/posts"}],"about":[{"href":"https:\/\/sinprofaz.org.br\/2024\/wp-json\/wp\/v2\/types\/post"}],"author":[{"embeddable":true,"href":"https:\/\/sinprofaz.org.br\/2024\/wp-json\/wp\/v2\/users\/2"}],"replies":[{"embeddable":true,"href":"https:\/\/sinprofaz.org.br\/2024\/wp-json\/wp\/v2\/comments?post=19083"}],"version-history":[{"count":1,"href":"https:\/\/sinprofaz.org.br\/2024\/wp-json\/wp\/v2\/posts\/19083\/revisions"}],"predecessor-version":[{"id":19090,"href":"https:\/\/sinprofaz.org.br\/2024\/wp-json\/wp\/v2\/posts\/19083\/revisions\/19090"}],"wp:featuredmedia":[{"embeddable":true,"href":"https:\/\/sinprofaz.org.br\/2024\/wp-json\/wp\/v2\/media\/19084"}],"wp:attachment":[{"href":"https:\/\/sinprofaz.org.br\/2024\/wp-json\/wp\/v2\/media?parent=19083"}],"wp:term":[{"taxonomy":"category","embeddable":true,"href":"https:\/\/sinprofaz.org.br\/2024\/wp-json\/wp\/v2\/categories?post=19083"},{"taxonomy":"post_tag","embeddable":true,"href":"https:\/\/sinprofaz.org.br\/2024\/wp-json\/wp\/v2\/tags?post=19083"}],"curies":[{"name":"wp","href":"https:\/\/api.w.org\/{rel}","templated":true}]}}