{"id":1908,"date":"2014-09-19T18:01:37","date_gmt":"2014-09-19T18:01:37","guid":{"rendered":""},"modified":"-0001-11-30T00:00:00","modified_gmt":"-0001-11-30T03:00:00","slug":"encontros-com-os-presidenciaveis-advocacia-publica-federal-reune-se-com-assessoria-de-marina-silva","status":"publish","type":"post","link":"https:\/\/sinprofaz.org.br\/2024\/noticias\/encontros-com-os-presidenciaveis-advocacia-publica-federal-reune-se-com-assessoria-de-marina-silva\/","title":{"rendered":"Encontros com os Presidenci\u00e1veis: Advocacia P\u00fablica Federal re\u00fane-se com assessoria de Marina Silva"},"content":{"rendered":"<p style=\"text-align: justify;\">Durante o encontro, as entidades entregaram a Carta da Advocacia P\u00fablica Federal aos Presenci\u00e1veis, contendo um relato da import\u00e2ncia da Advocacia-Geral da Uni\u00e3o e das car\u00eancias estruturais vivenciadas por essa institui\u00e7\u00e3o. Nesse sentido, frisaram a relev\u00e2ncia de ser aprovada a Proposta de Emenda \u00e0 Constitui\u00e7\u00e3o 82\/2007 (autonomia institucional), o distanciamento remunerat\u00f3rio das demais Fun\u00e7\u00f5es Essenciais a Justi\u00e7a e o Projeto do Novo C\u00f3digo de Processo Civil (honor\u00e1rios de sucumb\u00eancia para Advogados P\u00fablicos)<\/p>\n<p style=\"text-align: justify;\">A Assessoria da candidata Marina Silva ouviu, atentamente, a exposi\u00e7\u00e3o dos representantes das entidades de classe, informando que ser\u00e1 agendado novo encontro com a participa\u00e7\u00e3o da pr\u00f3pria presidenci\u00e1vel, uma vez que ela pretende realizar uma melhor estrutura\u00e7\u00e3o do Estado brasileiro.<\/p>\n<p style=\"text-align: justify;\">As entidades da Advocacia P\u00fablica Federal continuam mantendo contato com as demais candidaturas a Presid\u00eancia da Republica, buscando demonstrar que o fortalecimento da AGU \u00e9 fundamental para a viabiliza\u00e7\u00e3o das pol\u00edticas p\u00fablicas de interesse de toda sociedade.<\/p>\n<p style=\"text-align: justify;\">A Assessoria de Marina Silva demonstrou conhecer a realidade da Advocacia P\u00fablica Federal, tendo convidado as entidades a proporem sugest\u00f5es ao programa de governo, com \u00eanfase para uma gest\u00e3o mais eficiente do Estado brasileiro.<\/p>\n<p style=\"text-align: center;\"><img loading=\"lazy\" decoding=\"async\" style=\"margin-bottom: 10px; margin-right: 5px;\" alt=\"\" src=\"images\/noticias\/encontros-com-os-presidenciaveis\/01.jpg\" height=\"106\" width=\"150\" \/>&nbsp;<img loading=\"lazy\" decoding=\"async\" style=\"margin-bottom: 10px;\" alt=\"\" src=\"images\/noticias\/encontros-com-os-presidenciaveis\/02.jpg\" height=\"106\" width=\"150\" \/><\/p>\n","protected":false},"excerpt":{"rendered":"<p style=\"text-align: justify;\">Nesta sexta-feira (19\/09), as entidades da Advocacia P\u00fablica Federal reuniram-se com a Assessoria da candidata a Presid\u00eancia Marina Silva, em S\u00e3o Paulo\/SP. O objetivo do encontro foi dialogar sobre as mais relevantes demandas de interesse das Carreiras da Advocacia-Geral da Uni\u00e3o e da sociedade brasileira.<\/p>\n","protected":false},"author":1,"featured_media":0,"comment_status":"closed","ping_status":"open","sticky":false,"template":"","format":"standard","meta":{"footnotes":""},"categories":[8],"tags":[],"featured_image_url":"https:\/\/dummyimage.com\/720x400","character_count":668,"formatted_date":"19\/09\/2014 - 18:01","contentNovo":"\r\n<p style=\"text-align: justify;\">Durante o encontro, as entidades entregaram a Carta da Advocacia P\u00fablica Federal aos Presenci\u00e1veis, contendo um relato da import\u00e2ncia da Advocacia-Geral da Uni\u00e3o e das car\u00eancias estruturais vivenciadas por essa institui\u00e7\u00e3o. Nesse sentido, frisaram a relev\u00e2ncia de ser aprovada a Proposta de Emenda \u00e0 Constitui\u00e7\u00e3o 82\/2007 (autonomia institucional), o distanciamento remunerat\u00f3rio das demais Fun\u00e7\u00f5es Essenciais a Justi\u00e7a e o Projeto do Novo C\u00f3digo de Processo Civil (honor\u00e1rios de sucumb\u00eancia para Advogados P\u00fablicos)<\/p>\r\n<p style=\"text-align: justify;\">A Assessoria da candidata Marina Silva ouviu, atentamente, a exposi\u00e7\u00e3o dos representantes das entidades de classe, informando que ser\u00e1 agendado novo encontro com a participa\u00e7\u00e3o da pr\u00f3pria presidenci\u00e1vel, uma vez que ela pretende realizar uma melhor estrutura\u00e7\u00e3o do Estado brasileiro.<\/p>\r\n<p style=\"text-align: justify;\">As entidades da Advocacia P\u00fablica Federal continuam mantendo contato com as demais candidaturas a Presid\u00eancia da Republica, buscando demonstrar que o fortalecimento da AGU \u00e9 fundamental para a viabiliza\u00e7\u00e3o das pol\u00edticas p\u00fablicas de interesse de toda sociedade.<\/p>\r\n<p style=\"text-align: justify;\">A Assessoria de Marina Silva demonstrou conhecer a realidade da Advocacia P\u00fablica Federal, tendo convidado as entidades a proporem sugest\u00f5es ao programa de governo, com \u00eanfase para uma gest\u00e3o mais eficiente do Estado brasileiro.<\/p>\r\n<p style=\"text-align: center;\">&nbsp;<\/p>","_links":{"self":[{"href":"https:\/\/sinprofaz.org.br\/2024\/wp-json\/wp\/v2\/posts\/1908"}],"collection":[{"href":"https:\/\/sinprofaz.org.br\/2024\/wp-json\/wp\/v2\/posts"}],"about":[{"href":"https:\/\/sinprofaz.org.br\/2024\/wp-json\/wp\/v2\/types\/post"}],"author":[{"embeddable":true,"href":"https:\/\/sinprofaz.org.br\/2024\/wp-json\/wp\/v2\/users\/1"}],"replies":[{"embeddable":true,"href":"https:\/\/sinprofaz.org.br\/2024\/wp-json\/wp\/v2\/comments?post=1908"}],"version-history":[{"count":0,"href":"https:\/\/sinprofaz.org.br\/2024\/wp-json\/wp\/v2\/posts\/1908\/revisions"}],"wp:attachment":[{"href":"https:\/\/sinprofaz.org.br\/2024\/wp-json\/wp\/v2\/media?parent=1908"}],"wp:term":[{"taxonomy":"category","embeddable":true,"href":"https:\/\/sinprofaz.org.br\/2024\/wp-json\/wp\/v2\/categories?post=1908"},{"taxonomy":"post_tag","embeddable":true,"href":"https:\/\/sinprofaz.org.br\/2024\/wp-json\/wp\/v2\/tags?post=1908"}],"curies":[{"name":"wp","href":"https:\/\/api.w.org\/{rel}","templated":true}]}}