{"id":19074,"date":"2024-12-05T11:04:51","date_gmt":"2024-12-05T14:04:51","guid":{"rendered":"https:\/\/sinprofaz.org.br\/2024\/?p=19074"},"modified":"2024-12-05T11:04:51","modified_gmt":"2024-12-05T14:04:51","slug":"sinprofaz-comparece-a-lancamento-de-obra-sobre-a-primeira-constituicao-do-brasil","status":"publish","type":"post","link":"https:\/\/sinprofaz.org.br\/2024\/noticias\/sinprofaz-comparece-a-lancamento-de-obra-sobre-a-primeira-constituicao-do-brasil\/","title":{"rendered":"SINPROFAZ COMPARECE A LAN\u00c7AMENTO DE OBRA SOBRE A PRIMEIRA CONSTITUI\u00c7\u00c3O DO BRASIL"},"content":{"rendered":"<p>O SINPROFAZ, representado pela presidente Iolanda Guindani e pelo filiado Daniel Giotti de Paula, compareceu ao lan\u00e7amento da obra &#8220;A Constitui\u00e7\u00e3o de 1824 e a Ordem Constitucional no Imp\u00e9rio do Brasil&#8221;. De autoria de Jos\u00e9 Theodoro Menck, o livro tem o Pref\u00e1cio escrito por Lafayette de Andrada (Republicanos\/MG), presidente da Frente Parlamentar Mista em Defesa da Advocacia P\u00fablica e importante\u00a0parceiro das carreiras da AGU. O lan\u00e7amento ocorreu na ter\u00e7a-feira (3), no Sal\u00e3o Nobre\u00a0da C\u00e2mara dos Deputados, como parte das comemora\u00e7\u00f5es pelos 200 anos da primeira constitui\u00e7\u00e3o do Brasil.<\/p>\n<p>&#8220;Em 7 de setembro de 1822, foi declarada a independ\u00eancia do pa\u00eds e, em dezembro daquele ano, D. Pedro I foi coroado imperador do Imp\u00e9rio do Brasil. Foi quando o primeiro-ministro, Jos\u00e9 Bonif\u00e1cio de Andrada, convocou a Assembleia Constituinte para que o pa\u00eds produzisse sua primeira constitui\u00e7\u00e3o. A Assembleia come\u00e7ou a trabalhar em maio de 1823, mas foi dissolvida no m\u00eas de novembro, ap\u00f3s o rompimento entre o imperador e os Andrada. Apesar de ter sido outorgada pelo\u00a0imperador, a Constitui\u00e7\u00e3o de 1824 foi fruto dos meses de\u00a0trabalho da Assembleia Constituinte&#8221;, explicou o deputado federal.<\/p>\n<p>O evento de lan\u00e7amento contou com as presen\u00e7as do ministro do Supremo Tribunal Federal Dias Toffoli e do deputado Hugo Motta (Republicanos\/PB), entre outras autoridades. Segundo Lafayette de Andrada &#8211; que \u00e9 descendente de Jos\u00e9 Bonif\u00e1cio, o patriarca da independ\u00eancia -, a Carta de 1824 foi uma constitui\u00e7\u00e3o moderna, que serviu de modelo para outros pa\u00edses, e promoveu avan\u00e7os consider\u00e1veis para a \u00e9poca, como a liberdade religiosa e de express\u00e3o, al\u00e9m de ter estabelecido que pris\u00f5es s\u00f3 poderiam ocorrer ap\u00f3s o devido julgamento. A Constitui\u00e7\u00e3o de 1824 ainda \u00e9 a mais longeva do pa\u00eds: perdurou por 67 anos.<\/p>\n\n\t\t<style type=\"text\/css\">\n\t\t\t#gallery-1 {\n\t\t\t\tmargin: auto;\n\t\t\t}\n\t\t\t#gallery-1 .gallery-item {\n\t\t\t\tfloat: left;\n\t\t\t\tmargin-top: 10px;\n\t\t\t\ttext-align: center;\n\t\t\t\twidth: 33%;\n\t\t\t}\n\t\t\t#gallery-1 img {\n\t\t\t\tborder: 2px solid #cfcfcf;\n\t\t\t}\n\t\t\t#gallery-1 .gallery-caption {\n\t\t\t\tmargin-left: 0;\n\t\t\t}\n\t\t\t\/* see gallery_shortcode() in wp-includes\/media.php *\/\n\t\t<\/style>\n\t\t<div id='gallery-1' class='gallery galleryid-19074 gallery-columns-3 gallery-size-thumbnail'><dl class='gallery-item'>\n\t\t\t<dt class='gallery-icon landscape'>\n\t\t\t\t<a href='https:\/\/sinprofaz.org.br\/2024\/wp-content\/uploads\/2024\/12\/2-2.png'><img loading=\"lazy\" decoding=\"async\" width=\"150\" height=\"150\" src=\"https:\/\/sinprofaz.org.br\/2024\/wp-content\/uploads\/2024\/12\/2-2-150x150.png\" class=\"attachment-thumbnail size-thumbnail\" alt=\"\" \/><\/a>\n\t\t\t<\/dt><\/dl><dl class='gallery-item'>\n\t\t\t<dt class='gallery-icon landscape'>\n\t\t\t\t<a href='https:\/\/sinprofaz.org.br\/2024\/wp-content\/uploads\/2024\/12\/3-2.png'><img loading=\"lazy\" decoding=\"async\" width=\"150\" height=\"150\" src=\"https:\/\/sinprofaz.org.br\/2024\/wp-content\/uploads\/2024\/12\/3-2-150x150.png\" class=\"attachment-thumbnail size-thumbnail\" alt=\"\" \/><\/a>\n\t\t\t<\/dt><\/dl><dl class='gallery-item'>\n\t\t\t<dt class='gallery-icon landscape'>\n\t\t\t\t<a href='https:\/\/sinprofaz.org.br\/2024\/wp-content\/uploads\/2024\/12\/4-2.png'><img loading=\"lazy\" decoding=\"async\" width=\"150\" height=\"150\" src=\"https:\/\/sinprofaz.org.br\/2024\/wp-content\/uploads\/2024\/12\/4-2-150x150.png\" class=\"attachment-thumbnail size-thumbnail\" alt=\"\" \/><\/a>\n\t\t\t<\/dt><\/dl><br style=\"clear: both\" \/><dl class='gallery-item'>\n\t\t\t<dt class='gallery-icon landscape'>\n\t\t\t\t<a href='https:\/\/sinprofaz.org.br\/2024\/wp-content\/uploads\/2024\/12\/5-2.png'><img loading=\"lazy\" decoding=\"async\" width=\"150\" height=\"150\" src=\"https:\/\/sinprofaz.org.br\/2024\/wp-content\/uploads\/2024\/12\/5-2-150x150.png\" class=\"attachment-thumbnail size-thumbnail\" alt=\"\" \/><\/a>\n\t\t\t<\/dt><\/dl><dl class='gallery-item'>\n\t\t\t<dt class='gallery-icon landscape'>\n\t\t\t\t<a href='https:\/\/sinprofaz.org.br\/2024\/wp-content\/uploads\/2024\/12\/6-2.png'><img loading=\"lazy\" decoding=\"async\" width=\"150\" height=\"150\" src=\"https:\/\/sinprofaz.org.br\/2024\/wp-content\/uploads\/2024\/12\/6-2-150x150.png\" class=\"attachment-thumbnail size-thumbnail\" alt=\"\" \/><\/a>\n\t\t\t<\/dt><\/dl>\n\t\t\t<br style='clear: both' \/>\n\t\t<\/div>\n\n","protected":false},"excerpt":{"rendered":"<p>O SINPROFAZ, representado por Iolanda Guindani e Daniel Giotti, compareceu ao lan\u00e7amento da obra &#8220;A Constitui\u00e7\u00e3o de 1824 e a Ordem Constitucional no Imp\u00e9rio do Brasil&#8221;. De autoria de Jos\u00e9 Theodoro Menck, o livro tem o Pref\u00e1cio escrito por Lafayette de Andrada (Republicanos\/MG).<\/p>\n","protected":false},"author":2,"featured_media":19075,"comment_status":"open","ping_status":"open","sticky":false,"template":"","format":"standard","meta":{"footnotes":""},"categories":[8],"tags":[48,121,25],"featured_image_url":"https:\/\/sinprofaz.org.br\/2024\/wp-content\/uploads\/2024\/12\/1-2.png","character_count":1139,"formatted_date":"05\/12\/2024 - 11:04","contentNovo":"O SINPROFAZ, representado pela presidente Iolanda Guindani e pelo filiado Daniel Giotti de Paula, compareceu ao lan\u00e7amento da obra \"A Constitui\u00e7\u00e3o de 1824 e a Ordem Constitucional no Imp\u00e9rio do Brasil\". De autoria de Jos\u00e9 Theodoro Menck, o livro tem o Pref\u00e1cio escrito por Lafayette de Andrada (Republicanos\/MG), presidente da Frente Parlamentar Mista em Defesa da Advocacia P\u00fablica e importante\u00a0parceiro das carreiras da AGU. O lan\u00e7amento ocorreu na ter\u00e7a-feira (3), no Sal\u00e3o Nobre\u00a0da C\u00e2mara dos Deputados, como parte das comemora\u00e7\u00f5es pelos 200 anos da primeira constitui\u00e7\u00e3o do Brasil.\r\n\r\n\"Em 7 de setembro de 1822, foi declarada a independ\u00eancia do pa\u00eds e, em dezembro daquele ano, D. Pedro I foi coroado imperador do Imp\u00e9rio do Brasil. Foi quando o primeiro-ministro, Jos\u00e9 Bonif\u00e1cio de Andrada, convocou a Assembleia Constituinte para que o pa\u00eds produzisse sua primeira constitui\u00e7\u00e3o. A Assembleia come\u00e7ou a trabalhar em maio de 1823, mas foi dissolvida no m\u00eas de novembro, ap\u00f3s o rompimento entre o imperador e os Andrada. Apesar de ter sido outorgada pelo\u00a0imperador, a Constitui\u00e7\u00e3o de 1824 foi fruto dos meses de\u00a0trabalho da Assembleia Constituinte\", explicou o deputado federal.\r\n\r\nO evento de lan\u00e7amento contou com as presen\u00e7as do ministro do Supremo Tribunal Federal Dias Toffoli e do deputado Hugo Motta (Republicanos\/PB), entre outras autoridades. Segundo Lafayette de Andrada - que \u00e9 descendente de Jos\u00e9 Bonif\u00e1cio, o patriarca da independ\u00eancia -, a Carta de 1824 foi uma constitui\u00e7\u00e3o moderna, que serviu de modelo para outros pa\u00edses, e promoveu avan\u00e7os consider\u00e1veis para a \u00e9poca, como a liberdade religiosa e de express\u00e3o, al\u00e9m de ter estabelecido que pris\u00f5es s\u00f3 poderiam ocorrer ap\u00f3s o devido julgamento. A Constitui\u00e7\u00e3o de 1824 ainda \u00e9 a mais longeva do pa\u00eds: perdurou por 67 anos.\r\n\r\n[gallery link=\"file\" ids=\"19076,19077,19078,19079,19080\"]","_links":{"self":[{"href":"https:\/\/sinprofaz.org.br\/2024\/wp-json\/wp\/v2\/posts\/19074"}],"collection":[{"href":"https:\/\/sinprofaz.org.br\/2024\/wp-json\/wp\/v2\/posts"}],"about":[{"href":"https:\/\/sinprofaz.org.br\/2024\/wp-json\/wp\/v2\/types\/post"}],"author":[{"embeddable":true,"href":"https:\/\/sinprofaz.org.br\/2024\/wp-json\/wp\/v2\/users\/2"}],"replies":[{"embeddable":true,"href":"https:\/\/sinprofaz.org.br\/2024\/wp-json\/wp\/v2\/comments?post=19074"}],"version-history":[{"count":1,"href":"https:\/\/sinprofaz.org.br\/2024\/wp-json\/wp\/v2\/posts\/19074\/revisions"}],"predecessor-version":[{"id":19081,"href":"https:\/\/sinprofaz.org.br\/2024\/wp-json\/wp\/v2\/posts\/19074\/revisions\/19081"}],"wp:featuredmedia":[{"embeddable":true,"href":"https:\/\/sinprofaz.org.br\/2024\/wp-json\/wp\/v2\/media\/19075"}],"wp:attachment":[{"href":"https:\/\/sinprofaz.org.br\/2024\/wp-json\/wp\/v2\/media?parent=19074"}],"wp:term":[{"taxonomy":"category","embeddable":true,"href":"https:\/\/sinprofaz.org.br\/2024\/wp-json\/wp\/v2\/categories?post=19074"},{"taxonomy":"post_tag","embeddable":true,"href":"https:\/\/sinprofaz.org.br\/2024\/wp-json\/wp\/v2\/tags?post=19074"}],"curies":[{"name":"wp","href":"https:\/\/api.w.org\/{rel}","templated":true}]}}