{"id":1905,"date":"2014-09-18T16:47:40","date_gmt":"2014-09-18T16:47:40","guid":{"rendered":""},"modified":"-0001-11-30T00:00:00","modified_gmt":"-0001-11-30T03:00:00","slug":"sonegacao-no-brasil-e-mais-de-tres-vezes-o-pib-do-espirito-santo","status":"publish","type":"post","link":"https:\/\/sinprofaz.org.br\/2024\/noticias\/sonegacao-no-brasil-e-mais-de-tres-vezes-o-pib-do-espirito-santo\/","title":{"rendered":"Sonega\u00e7\u00e3o no Brasil \u00e9 mais de tr\u00eas vezes o PIB do Esp\u00edrito Santo"},"content":{"rendered":"<p>Pela primeira vez em Vit\u00f3ria\/ES, o Soneg\u00f4metro mostra que o valor em impostos sonegados de janeiro at\u00e9 agora \u00e9 superior \u00e0 soma do PIB do Esp\u00edrito Santo e o total da d\u00edvida ativa capixaba.<\/p>\n<p>O resultado \u00e9 da ordem de R$ 110 bilh\u00f5es. O placar que mede o valor da sonega\u00e7\u00e3o fiscal no pa\u00eds atinge a cifra de R$ 360 bilh\u00f5es. O montante \u00e9 tr\u00eas vezes maior que o resultado da soma realizada.<\/p>\n<p>Fruto de um aprofundado estudo desenvolvido SINPROFAZ, o valor astron\u00f4mico revela as consequ\u00eancias de uma pol\u00edtica tribut\u00e1ria e fiscal que sobrecarrega os pobres e a classe m\u00e9dia, mas \u00e9 benevolente com pessoas e institui\u00e7\u00f5es que fazem da sonega\u00e7\u00e3o a sua principal fonte de lucro.<\/p>\n<p>\u201cO dinheiro todo que \u00e9 sonegado anualmente, ou seja, esse rombo bilion\u00e1rio \u00e9 um valor que faz falta para a sa\u00fade, educa\u00e7\u00e3o, seguran\u00e7a p\u00fablica e outras demandas sociais do nosso pa\u00eds\u201d, destaca a procuradora da Fazenda Nacional e diretora do Centro de Estudos Jur\u00eddicos do SINPROFAZ, Regina Hirose.<\/p>\n<p>Dados da Associa\u00e7\u00e3o dos Auditores Fiscais de Tributos Estaduais do Espirito Santo (AFITES) indicam que o valor do PIB do Esp\u00edrito Santo \u00e9 de aproximadamente R$ 98,5 bilh\u00f5es, enquanto o estoque da d\u00edvida ativa do estado chega aos R$ 8,7 bilh\u00f5es.<\/p>\n<p>Hoje (18), paralelamente ao Soneg\u00f4metro, est\u00e1 sendo realizado o Semin\u00e1rio Estadual do Fisco Capixaba no Audit\u00f3rio da Fecom\u00e9rcio. O tema do evento promovido pela AFITES \u00e9 \u201cAdministra\u00e7\u00e3o Tribut\u00e1ria: Justi\u00e7a Fiscal e Social\u201d. A diretora do SINPROFAZ, Regina Hirose, \u00e9 uma das palestrantes no Semin\u00e1rio.<\/p>\n<p>Vit\u00f3ria recebe a 9\u00aa edi\u00e7\u00e3o do Soneg\u00f4metro. Ao todo, o Sindicato j\u00e1 realizou oito iniciativas com painel eletr\u00f4nico: cinco em Bras\u00edlia, uma em S\u00e3o Paulo, uma em Salvador e em Belo Horizonte.<\/p>\n","protected":false},"excerpt":{"rendered":"<p>Nesta quinta-feira (18), o painel que mede a quantia acumulada em impostos sonegados est\u00e1 instalado em frente \u00e0 Assembleia Legislativa de Vit\u00f3ria.<\/p>\n","protected":false},"author":1,"featured_media":0,"comment_status":"closed","ping_status":"open","sticky":false,"template":"","format":"standard","meta":{"footnotes":""},"categories":[8],"tags":[],"featured_image_url":"https:\/\/dummyimage.com\/720x400","character_count":883,"formatted_date":"18\/09\/2014 - 16:47","contentNovo":"\r\n<p>Pela primeira vez em Vit\u00f3ria\/ES, o Soneg\u00f4metro mostra que o valor em impostos sonegados de janeiro at\u00e9 agora \u00e9 superior \u00e0 soma do PIB do Esp\u00edrito Santo e o total da d\u00edvida ativa capixaba.<\/p>\r\n<p>O resultado \u00e9 da ordem de R$ 110 bilh\u00f5es. O placar que mede o valor da sonega\u00e7\u00e3o fiscal no pa\u00eds atinge a cifra de R$ 360 bilh\u00f5es. O montante \u00e9 tr\u00eas vezes maior que o resultado da soma realizada.<\/p>\r\n<p>Fruto de um aprofundado estudo desenvolvido SINPROFAZ, o valor astron\u00f4mico revela as consequ\u00eancias de uma pol\u00edtica tribut\u00e1ria e fiscal que sobrecarrega os pobres e a classe m\u00e9dia, mas \u00e9 benevolente com pessoas e institui\u00e7\u00f5es que fazem da sonega\u00e7\u00e3o a sua principal fonte de lucro.<\/p>\r\n<p>\u201cO dinheiro todo que \u00e9 sonegado anualmente, ou seja, esse rombo bilion\u00e1rio \u00e9 um valor que faz falta para a sa\u00fade, educa\u00e7\u00e3o, seguran\u00e7a p\u00fablica e outras demandas sociais do nosso pa\u00eds\u201d, destaca a procuradora da Fazenda Nacional e diretora do Centro de Estudos Jur\u00eddicos do SINPROFAZ, Regina Hirose.<\/p>\r\n<p>Dados da Associa\u00e7\u00e3o dos Auditores Fiscais de Tributos Estaduais do Espirito Santo (AFITES) indicam que o valor do PIB do Esp\u00edrito Santo \u00e9 de aproximadamente R$ 98,5 bilh\u00f5es, enquanto o estoque da d\u00edvida ativa do estado chega aos R$ 8,7 bilh\u00f5es.<\/p>\r\n<p>Hoje (18), paralelamente ao Soneg\u00f4metro, est\u00e1 sendo realizado o Semin\u00e1rio Estadual do Fisco Capixaba no Audit\u00f3rio da Fecom\u00e9rcio. O tema do evento promovido pela AFITES \u00e9 \u201cAdministra\u00e7\u00e3o Tribut\u00e1ria: Justi\u00e7a Fiscal e Social\u201d. A diretora do SINPROFAZ, Regina Hirose, \u00e9 uma das palestrantes no Semin\u00e1rio.<\/p>\r\n<p>Vit\u00f3ria recebe a 9\u00aa edi\u00e7\u00e3o do Soneg\u00f4metro. Ao todo, o Sindicato j\u00e1 realizou oito iniciativas com painel eletr\u00f4nico: cinco em Bras\u00edlia, uma em S\u00e3o Paulo, uma em Salvador e em Belo Horizonte.<\/p>","_links":{"self":[{"href":"https:\/\/sinprofaz.org.br\/2024\/wp-json\/wp\/v2\/posts\/1905"}],"collection":[{"href":"https:\/\/sinprofaz.org.br\/2024\/wp-json\/wp\/v2\/posts"}],"about":[{"href":"https:\/\/sinprofaz.org.br\/2024\/wp-json\/wp\/v2\/types\/post"}],"author":[{"embeddable":true,"href":"https:\/\/sinprofaz.org.br\/2024\/wp-json\/wp\/v2\/users\/1"}],"replies":[{"embeddable":true,"href":"https:\/\/sinprofaz.org.br\/2024\/wp-json\/wp\/v2\/comments?post=1905"}],"version-history":[{"count":0,"href":"https:\/\/sinprofaz.org.br\/2024\/wp-json\/wp\/v2\/posts\/1905\/revisions"}],"wp:attachment":[{"href":"https:\/\/sinprofaz.org.br\/2024\/wp-json\/wp\/v2\/media?parent=1905"}],"wp:term":[{"taxonomy":"category","embeddable":true,"href":"https:\/\/sinprofaz.org.br\/2024\/wp-json\/wp\/v2\/categories?post=1905"},{"taxonomy":"post_tag","embeddable":true,"href":"https:\/\/sinprofaz.org.br\/2024\/wp-json\/wp\/v2\/tags?post=1905"}],"curies":[{"name":"wp","href":"https:\/\/api.w.org\/{rel}","templated":true}]}}