{"id":19043,"date":"2024-12-02T17:45:41","date_gmt":"2024-12-02T20:45:41","guid":{"rendered":"https:\/\/sinprofaz.org.br\/2024\/?p=19043"},"modified":"2024-12-02T17:45:41","modified_gmt":"2024-12-02T20:45:41","slug":"autonomia-da-advocacia-publica-pauta-exposicoes-na-segunda-noite-do-encontro","status":"publish","type":"post","link":"https:\/\/sinprofaz.org.br\/2024\/noticias\/autonomia-da-advocacia-publica-pauta-exposicoes-na-segunda-noite-do-encontro\/","title":{"rendered":"AUTONOMIA DA ADVOCACIA P\u00daBLICA PAUTA EXPOSI\u00c7\u00d5ES NA SEGUNDA NOITE DO ENCONTRO"},"content":{"rendered":"<p>A segunda noite do 22\u00ba Encontro Nacional dos Procuradores da Fazenda Nacional contou com palestras de autoridades da Carreira. Para o painel, mediado pela diretora do SINPROFAZ Ana Cristina Rodrigues Guimar\u00e3es, foram convidados Jos\u00e9 Levi Mello do Amaral J\u00fanior, membro do Conselho Administrativo de Defesa Econ\u00f4mica &#8211; CADE, ex-advogado-geral da Uni\u00e3o e ex-procurador-geral da Fazenda Nacional; e Fabr\u00edcio Da Soller, subprocurador-geral da Fazenda Nacional, ex-vice-advogado-geral da Uni\u00e3o e ex-procurador-geral da Fazenda Nacional. Na ocasi\u00e3o, os palestrantes abordaram o tema central da 22\u00aa edi\u00e7\u00e3o do Encontro, que foi a &#8220;Autonomia da Advocacia P\u00fablica: Fortalecimento e Independ\u00eancia como Garantias para a Defesa Eficiente do Interesse P\u00fablico&#8221;.<\/p>\n<p>Convidado para fazer uso da palavra, Fabr\u00edcio Da Soller elogiou a Diretoria do SINPROFAZ, na pessoa da presidente\u00a0Iolanda Guindani, pela combativa atua\u00e7\u00e3o ao longo do ano, ocasi\u00e3o em que enalteceu tamb\u00e9m a escolha do tema do Encontro. De acordo com o subprocurador-geral, h\u00e1, no \u00e2mbito do Congresso Nacional, duas PECs que tratam da Autonomia da Advocacia P\u00fablica. Os aspectos positivos das propostas s\u00e3o, de acordo com Soller, facilmente percebidos pela Carreira: &#8220;Desempenhamos Fun\u00e7\u00e3o extremamente relevante para a Administra\u00e7\u00e3o P\u00fablica, seja na representa\u00e7\u00e3o judicial, na cobran\u00e7a da d\u00edvida ativa ou na consultoria e no assessoramento jur\u00eddicos. Institui\u00e7\u00f5es como a AGU, com miss\u00f5es t\u00e3o importantes, precisam e merecem ser blindadas de interfer\u00eancias&#8221;.<\/p>\n<p>Jos\u00e9 Levi Mello, por sua vez, abordou uma cl\u00e1ssica discuss\u00e3o travada no \u00e2mbito da AGU e que se relaciona com a quest\u00e3o da Autonomia: o exerc\u00edcio da advocacia de Estado e de Governo. &#8220;Pertencemos ao Executivo, que \u00e9 extremamente complexo. Os servidores desse Poder trabalham para a chefia do Estado, do Governo e da Administra\u00e7\u00e3o. A perman\u00eancia \u00e9 pr\u00f3pria do Estado e a transitoriedade, do Governo, o qual d\u00e1 aos servidores da Administra\u00e7\u00e3o o direcionamento pol\u00edtico. O advogado p\u00fablico, ent\u00e3o, \u00e9 tudo isso: ele est\u00e1 na perman\u00eancia do Estado, trabalha junto ao Governo e leva a efeito as pol\u00edticas p\u00fablicas.&#8221; Tomando como refer\u00eancia a tese de doutorado defendida por um Colega da AGU, Mello concluiu: &#8220;O advogado p\u00fablico deve lealdade ao administrador e fidelidade ao direito&#8221;.<\/p>\n<p><strong>2\u00ba Diagn\u00f3stico da Carreira<br \/>\n<\/strong>A segunda noite do evento tamb\u00e9m contou com a participa\u00e7\u00e3o de Cristiano Costa. Na ocasi\u00e3o do Encontro, o psic\u00f3logo, que j\u00e1 \u00e9 parceiro do SINPROFAZ, anunciou a realiza\u00e7\u00e3o do 2\u00ba Diagn\u00f3stico da Carreira\u00a0de Procurador da Fazenda Nacional. A primeira edi\u00e7\u00e3o da pesquisa foi conclu\u00edda em 2019 e\u00a0representou um estudo in\u00e9dito na Advocacia P\u00fablica Federal. Ap\u00f3s cinco anos de grandes mudan\u00e7as e avan\u00e7os na PGFN, uma nova pesquisa \u00e9 necess\u00e1ria para a atualiza\u00e7\u00e3o do panorama relativo \u00e0 demografia, \u00e0 identidade e ao trabalho dos Procuradores da Fazenda Nacional. O 2\u00ba Diagn\u00f3stico da Carreira j\u00e1 est\u00e1 em fase de planejamento para ser lan\u00e7ado no in\u00edcio de 2025. Desde j\u00e1, o SINPROFAZ convida todas e todos para participarem dessa nova edi\u00e7\u00e3o do estudo!<\/p>\n<p>O 22\u00ba Encontro do SINPROFAZ teve o patroc\u00ednio do Sindicato Nacional das Empresas Distribuidoras de Combust\u00edveis e de Lubrificantes &#8211; SINDICOM, do Instituto Combust\u00edvel Legal &#8211; ICL e da Ipiranga Produtos de Petr\u00f3leo. O SINPROFAZ agradece profundamente o apoio!<\/p>\n\n\t\t<style type=\"text\/css\">\n\t\t\t#gallery-1 {\n\t\t\t\tmargin: auto;\n\t\t\t}\n\t\t\t#gallery-1 .gallery-item {\n\t\t\t\tfloat: left;\n\t\t\t\tmargin-top: 10px;\n\t\t\t\ttext-align: center;\n\t\t\t\twidth: 33%;\n\t\t\t}\n\t\t\t#gallery-1 img {\n\t\t\t\tborder: 2px solid #cfcfcf;\n\t\t\t}\n\t\t\t#gallery-1 .gallery-caption {\n\t\t\t\tmargin-left: 0;\n\t\t\t}\n\t\t\t\/* see gallery_shortcode() in wp-includes\/media.php *\/\n\t\t<\/style>\n\t\t<div id='gallery-1' class='gallery galleryid-19043 gallery-columns-3 gallery-size-thumbnail'><dl class='gallery-item'>\n\t\t\t<dt class='gallery-icon landscape'>\n\t\t\t\t<a href='https:\/\/sinprofaz.org.br\/2024\/wp-content\/uploads\/2024\/12\/2.png'><img loading=\"lazy\" decoding=\"async\" width=\"150\" height=\"150\" src=\"https:\/\/sinprofaz.org.br\/2024\/wp-content\/uploads\/2024\/12\/2-150x150.png\" class=\"attachment-thumbnail size-thumbnail\" alt=\"\" \/><\/a>\n\t\t\t<\/dt><\/dl><dl class='gallery-item'>\n\t\t\t<dt class='gallery-icon landscape'>\n\t\t\t\t<a href='https:\/\/sinprofaz.org.br\/2024\/wp-content\/uploads\/2024\/12\/3.png'><img loading=\"lazy\" decoding=\"async\" width=\"150\" height=\"150\" src=\"https:\/\/sinprofaz.org.br\/2024\/wp-content\/uploads\/2024\/12\/3-150x150.png\" class=\"attachment-thumbnail size-thumbnail\" alt=\"\" \/><\/a>\n\t\t\t<\/dt><\/dl><dl class='gallery-item'>\n\t\t\t<dt class='gallery-icon landscape'>\n\t\t\t\t<a href='https:\/\/sinprofaz.org.br\/2024\/wp-content\/uploads\/2024\/12\/4.png'><img loading=\"lazy\" decoding=\"async\" width=\"150\" height=\"150\" src=\"https:\/\/sinprofaz.org.br\/2024\/wp-content\/uploads\/2024\/12\/4-150x150.png\" class=\"attachment-thumbnail size-thumbnail\" alt=\"\" \/><\/a>\n\t\t\t<\/dt><\/dl><br style=\"clear: both\" \/><dl class='gallery-item'>\n\t\t\t<dt class='gallery-icon landscape'>\n\t\t\t\t<a href='https:\/\/sinprofaz.org.br\/2024\/wp-content\/uploads\/2024\/12\/5.png'><img loading=\"lazy\" decoding=\"async\" width=\"150\" height=\"150\" src=\"https:\/\/sinprofaz.org.br\/2024\/wp-content\/uploads\/2024\/12\/5-150x150.png\" class=\"attachment-thumbnail size-thumbnail\" alt=\"\" \/><\/a>\n\t\t\t<\/dt><\/dl><dl class='gallery-item'>\n\t\t\t<dt class='gallery-icon landscape'>\n\t\t\t\t<a href='https:\/\/sinprofaz.org.br\/2024\/wp-content\/uploads\/2024\/12\/6.png'><img loading=\"lazy\" decoding=\"async\" width=\"150\" height=\"150\" src=\"https:\/\/sinprofaz.org.br\/2024\/wp-content\/uploads\/2024\/12\/6-150x150.png\" class=\"attachment-thumbnail size-thumbnail\" alt=\"\" \/><\/a>\n\t\t\t<\/dt><\/dl><dl class='gallery-item'>\n\t\t\t<dt class='gallery-icon landscape'>\n\t\t\t\t<a href='https:\/\/sinprofaz.org.br\/2024\/wp-content\/uploads\/2024\/12\/7.png'><img loading=\"lazy\" decoding=\"async\" width=\"150\" height=\"150\" src=\"https:\/\/sinprofaz.org.br\/2024\/wp-content\/uploads\/2024\/12\/7-150x150.png\" class=\"attachment-thumbnail size-thumbnail\" alt=\"\" \/><\/a>\n\t\t\t<\/dt><\/dl><br style=\"clear: both\" \/><dl class='gallery-item'>\n\t\t\t<dt class='gallery-icon landscape'>\n\t\t\t\t<a href='https:\/\/sinprofaz.org.br\/2024\/wp-content\/uploads\/2024\/12\/8.png'><img loading=\"lazy\" decoding=\"async\" width=\"150\" height=\"150\" src=\"https:\/\/sinprofaz.org.br\/2024\/wp-content\/uploads\/2024\/12\/8-150x150.png\" class=\"attachment-thumbnail size-thumbnail\" alt=\"\" \/><\/a>\n\t\t\t<\/dt><\/dl>\n\t\t\t<br style='clear: both' \/>\n\t\t<\/div>\n\n<p><!-- notionvc: 2cfc4b11-cb1b-4e67-bf38-ac917116ddea --><\/p>\n","protected":false},"excerpt":{"rendered":"<p>A segunda noite do 22\u00ba Encontro do SINPROFAZ contou com palestras de autoridades da Carreira. Para o painel, mediado pela diretora Ana Cristina Rodrigues Guimar\u00e3es, foram convidados Jos\u00e9 Levi Mello do Amaral J\u00fanior e Fabr\u00edcio Da Soller, al\u00e9m do psic\u00f3logo Cristiano Costa.<\/p>\n","protected":false},"author":2,"featured_media":19044,"comment_status":"open","ping_status":"open","sticky":false,"template":"","format":"standard","meta":{"footnotes":""},"categories":[8],"tags":[32,62,25],"featured_image_url":"https:\/\/sinprofaz.org.br\/2024\/wp-content\/uploads\/2024\/12\/1.png","character_count":1959,"formatted_date":"02\/12\/2024 - 17:45","contentNovo":"A segunda noite do 22\u00ba Encontro Nacional dos Procuradores da Fazenda Nacional contou com palestras de autoridades da Carreira. Para o painel, mediado pela diretora do SINPROFAZ Ana Cristina Rodrigues Guimar\u00e3es, foram convidados Jos\u00e9 Levi Mello do Amaral J\u00fanior, membro do Conselho Administrativo de Defesa Econ\u00f4mica - CADE, ex-advogado-geral da Uni\u00e3o e ex-procurador-geral da Fazenda Nacional; e Fabr\u00edcio Da Soller, subprocurador-geral da Fazenda Nacional, ex-vice-advogado-geral da Uni\u00e3o e ex-procurador-geral da Fazenda Nacional. Na ocasi\u00e3o, os palestrantes abordaram o tema central da 22\u00aa edi\u00e7\u00e3o do Encontro, que foi a \"Autonomia da Advocacia P\u00fablica: Fortalecimento e Independ\u00eancia como Garantias para a Defesa Eficiente do Interesse P\u00fablico\".\r\n\r\nConvidado para fazer uso da palavra, Fabr\u00edcio Da Soller elogiou a Diretoria do SINPROFAZ, na pessoa da presidente\u00a0Iolanda Guindani, pela combativa atua\u00e7\u00e3o ao longo do ano, ocasi\u00e3o em que enalteceu tamb\u00e9m a escolha do tema do Encontro. De acordo com o subprocurador-geral, h\u00e1, no \u00e2mbito do Congresso Nacional, duas PECs que tratam da Autonomia da Advocacia P\u00fablica. Os aspectos positivos das propostas s\u00e3o, de acordo com Soller, facilmente percebidos pela Carreira: \"Desempenhamos Fun\u00e7\u00e3o extremamente relevante para a Administra\u00e7\u00e3o P\u00fablica, seja na representa\u00e7\u00e3o judicial, na cobran\u00e7a da d\u00edvida ativa ou na consultoria e no assessoramento jur\u00eddicos. Institui\u00e7\u00f5es como a AGU, com miss\u00f5es t\u00e3o importantes, precisam e merecem ser blindadas de interfer\u00eancias\".\r\n\r\nJos\u00e9 Levi Mello, por sua vez, abordou uma cl\u00e1ssica discuss\u00e3o travada no \u00e2mbito da AGU e que se relaciona com a quest\u00e3o da Autonomia: o exerc\u00edcio da advocacia de Estado e de Governo. \"Pertencemos ao Executivo, que \u00e9 extremamente complexo. Os servidores desse Poder trabalham para a chefia do Estado, do Governo e da Administra\u00e7\u00e3o. A perman\u00eancia \u00e9 pr\u00f3pria do Estado e a transitoriedade, do Governo, o qual d\u00e1 aos servidores da Administra\u00e7\u00e3o o direcionamento pol\u00edtico. O advogado p\u00fablico, ent\u00e3o, \u00e9 tudo isso: ele est\u00e1 na perman\u00eancia do Estado, trabalha junto ao Governo e leva a efeito as pol\u00edticas p\u00fablicas.\" Tomando como refer\u00eancia a tese de doutorado defendida por um Colega da AGU, Mello concluiu: \"O advogado p\u00fablico deve lealdade ao administrador e fidelidade ao direito\".\r\n\r\n<strong>2\u00ba Diagn\u00f3stico da Carreira\r\n<\/strong>A segunda noite do evento tamb\u00e9m contou com a participa\u00e7\u00e3o de Cristiano Costa. Na ocasi\u00e3o do Encontro, o psic\u00f3logo, que j\u00e1 \u00e9 parceiro do SINPROFAZ, anunciou a realiza\u00e7\u00e3o do 2\u00ba Diagn\u00f3stico da Carreira\u00a0de Procurador da Fazenda Nacional. A primeira edi\u00e7\u00e3o da pesquisa foi conclu\u00edda em 2019 e\u00a0representou um estudo in\u00e9dito na Advocacia P\u00fablica Federal. Ap\u00f3s cinco anos de grandes mudan\u00e7as e avan\u00e7os na PGFN, uma nova pesquisa \u00e9 necess\u00e1ria para a atualiza\u00e7\u00e3o do panorama relativo \u00e0 demografia, \u00e0 identidade e ao trabalho dos Procuradores da Fazenda Nacional. O 2\u00ba Diagn\u00f3stico da Carreira j\u00e1 est\u00e1 em fase de planejamento para ser lan\u00e7ado no in\u00edcio de 2025. Desde j\u00e1, o SINPROFAZ convida todas e todos para participarem dessa nova edi\u00e7\u00e3o do estudo!\r\n\r\nO 22\u00ba Encontro do SINPROFAZ teve o patroc\u00ednio do Sindicato Nacional das Empresas Distribuidoras de Combust\u00edveis e de Lubrificantes - SINDICOM, do Instituto Combust\u00edvel Legal - ICL e da Ipiranga Produtos de Petr\u00f3leo. O SINPROFAZ agradece profundamente o apoio!\r\n\r\n[gallery link=\"file\" ids=\"19045,19046,19047,19048,19049,19050,19051\"]\r\n\r\n","_links":{"self":[{"href":"https:\/\/sinprofaz.org.br\/2024\/wp-json\/wp\/v2\/posts\/19043"}],"collection":[{"href":"https:\/\/sinprofaz.org.br\/2024\/wp-json\/wp\/v2\/posts"}],"about":[{"href":"https:\/\/sinprofaz.org.br\/2024\/wp-json\/wp\/v2\/types\/post"}],"author":[{"embeddable":true,"href":"https:\/\/sinprofaz.org.br\/2024\/wp-json\/wp\/v2\/users\/2"}],"replies":[{"embeddable":true,"href":"https:\/\/sinprofaz.org.br\/2024\/wp-json\/wp\/v2\/comments?post=19043"}],"version-history":[{"count":1,"href":"https:\/\/sinprofaz.org.br\/2024\/wp-json\/wp\/v2\/posts\/19043\/revisions"}],"predecessor-version":[{"id":19052,"href":"https:\/\/sinprofaz.org.br\/2024\/wp-json\/wp\/v2\/posts\/19043\/revisions\/19052"}],"wp:featuredmedia":[{"embeddable":true,"href":"https:\/\/sinprofaz.org.br\/2024\/wp-json\/wp\/v2\/media\/19044"}],"wp:attachment":[{"href":"https:\/\/sinprofaz.org.br\/2024\/wp-json\/wp\/v2\/media?parent=19043"}],"wp:term":[{"taxonomy":"category","embeddable":true,"href":"https:\/\/sinprofaz.org.br\/2024\/wp-json\/wp\/v2\/categories?post=19043"},{"taxonomy":"post_tag","embeddable":true,"href":"https:\/\/sinprofaz.org.br\/2024\/wp-json\/wp\/v2\/tags?post=19043"}],"curies":[{"name":"wp","href":"https:\/\/api.w.org\/{rel}","templated":true}]}}