{"id":19009,"date":"2024-11-21T09:01:12","date_gmt":"2024-11-21T12:01:12","guid":{"rendered":"https:\/\/sinprofaz.org.br\/2024\/?p=19009"},"modified":"2024-11-21T09:01:12","modified_gmt":"2024-11-21T12:01:12","slug":"filiados-convidam-para-lancamento-de-obra-coletiva-em-sao-paulo-sp","status":"publish","type":"post","link":"https:\/\/sinprofaz.org.br\/2024\/noticias\/filiados-convidam-para-lancamento-de-obra-coletiva-em-sao-paulo-sp\/","title":{"rendered":"FILIADOS CONVIDAM PARA LAN\u00c7AMENTO DE OBRA COLETIVA EM S\u00c3O PAULO\/SP"},"content":{"rendered":"<p>A diretora do SINPROFAZ Ana Cristina Rodrigues Guimar\u00e3es convida a Carreira para o lan\u00e7amento da obra coletiva\u00a0<em><strong>Advocacia\u00a0P\u00fablica e Defesa da Humanidade<\/strong><\/em>. Coordenada pela filiada Regina Hirose, a publica\u00e7\u00e3o ser\u00e1 lan\u00e7ada\u00a0em evento no dia 28 de novembro, \u00e0s 17h, na sede da Ordem dos Advogados do Brasil em S\u00e3o Paulo\/SP.<\/p>\n<p>A obra\u00a0<em><strong>Advocacia\u00a0P\u00fablica e Defesa da Humanidade<\/strong><\/em>\u00a0re\u00fane artigos de v\u00e1rios Membros da\u00a0AGU, que abordam a relevante miss\u00e3o de Advogadas e Advogados P\u00fablicos na defesa da ordem jur\u00eddica e equaliza\u00e7\u00e3o dos valores democr\u00e1ticos, humanistas, sociais e econ\u00f4micos. O grupo editorial Tirant lo Blanch Brasil \u00e9 o respons\u00e1vel pela publica\u00e7\u00e3o, que tamb\u00e9m conta com artigo de autoria do PFN F\u00e1bio Mauro de Medeiros.<\/p>\n<p>Para conferir a programa\u00e7\u00e3o do evento de lan\u00e7amento e garantir a sua participa\u00e7\u00e3o, inscreva-se em:\u00a0<a href=\"https:\/\/www.sympla.com.br\/evento\/o-humanismo-e-o-papel-da-advocacia-publica\/2691153\" target=\"_blank\" rel=\"noopener\">https:\/\/www.sympla.com.br\/evento\/o-humanismo-e-o-papel-da-advocacia-publica\/2691153<\/a><\/p>\n<p><!-- notionvc: 989021bf-cb18-4245-a77b-c241ebef8012 --><\/p>\n","protected":false},"excerpt":{"rendered":"<p>A obra &#8220;Advocacia P\u00fablica e Defesa da Humanidade&#8221; re\u00fane artigos de v\u00e1rios Membros da AGU, que abordam a relevante miss\u00e3o de Advogadas e Advogados P\u00fablicos na defesa da ordem jur\u00eddica e equaliza\u00e7\u00e3o dos valores democr\u00e1ticos, humanistas, sociais e econ\u00f4micos.  <\/p>\n","protected":false},"author":2,"featured_media":19010,"comment_status":"open","ping_status":"open","sticky":false,"template":"","format":"standard","meta":{"footnotes":""},"categories":[8],"tags":[34,27,177],"featured_image_url":"https:\/\/sinprofaz.org.br\/2024\/wp-content\/uploads\/2024\/11\/1-6.png","character_count":470,"formatted_date":"21\/11\/2024 - 09:01","contentNovo":"A diretora do SINPROFAZ Ana Cristina Rodrigues Guimar\u00e3es convida a Carreira para o lan\u00e7amento da obra coletiva\u00a0<em><strong>Advocacia\u00a0P\u00fablica e Defesa da Humanidade<\/strong><\/em>. Coordenada pela filiada Regina Hirose, a publica\u00e7\u00e3o ser\u00e1 lan\u00e7ada\u00a0em evento no dia 28 de novembro, \u00e0s 17h, na sede da Ordem dos Advogados do Brasil em S\u00e3o Paulo\/SP.\r\n\r\nA obra\u00a0<em><strong>Advocacia\u00a0P\u00fablica e Defesa da Humanidade<\/strong><\/em>\u00a0re\u00fane artigos de v\u00e1rios Membros da\u00a0AGU, que abordam a relevante miss\u00e3o de Advogadas e Advogados P\u00fablicos na defesa da ordem jur\u00eddica e equaliza\u00e7\u00e3o dos valores democr\u00e1ticos, humanistas, sociais e econ\u00f4micos. O grupo editorial Tirant lo Blanch Brasil \u00e9 o respons\u00e1vel pela publica\u00e7\u00e3o, que tamb\u00e9m conta com artigo de autoria do PFN F\u00e1bio Mauro de Medeiros.\r\n\r\nPara conferir a programa\u00e7\u00e3o do evento de lan\u00e7amento e garantir a sua participa\u00e7\u00e3o, inscreva-se em:\u00a0<a href=\"https:\/\/www.sympla.com.br\/evento\/o-humanismo-e-o-papel-da-advocacia-publica\/2691153\" target=\"_blank\" rel=\"noopener\">https:\/\/www.sympla.com.br\/evento\/o-humanismo-e-o-papel-da-advocacia-publica\/2691153<\/a>\r\n\r\n","_links":{"self":[{"href":"https:\/\/sinprofaz.org.br\/2024\/wp-json\/wp\/v2\/posts\/19009"}],"collection":[{"href":"https:\/\/sinprofaz.org.br\/2024\/wp-json\/wp\/v2\/posts"}],"about":[{"href":"https:\/\/sinprofaz.org.br\/2024\/wp-json\/wp\/v2\/types\/post"}],"author":[{"embeddable":true,"href":"https:\/\/sinprofaz.org.br\/2024\/wp-json\/wp\/v2\/users\/2"}],"replies":[{"embeddable":true,"href":"https:\/\/sinprofaz.org.br\/2024\/wp-json\/wp\/v2\/comments?post=19009"}],"version-history":[{"count":1,"href":"https:\/\/sinprofaz.org.br\/2024\/wp-json\/wp\/v2\/posts\/19009\/revisions"}],"predecessor-version":[{"id":19011,"href":"https:\/\/sinprofaz.org.br\/2024\/wp-json\/wp\/v2\/posts\/19009\/revisions\/19011"}],"wp:featuredmedia":[{"embeddable":true,"href":"https:\/\/sinprofaz.org.br\/2024\/wp-json\/wp\/v2\/media\/19010"}],"wp:attachment":[{"href":"https:\/\/sinprofaz.org.br\/2024\/wp-json\/wp\/v2\/media?parent=19009"}],"wp:term":[{"taxonomy":"category","embeddable":true,"href":"https:\/\/sinprofaz.org.br\/2024\/wp-json\/wp\/v2\/categories?post=19009"},{"taxonomy":"post_tag","embeddable":true,"href":"https:\/\/sinprofaz.org.br\/2024\/wp-json\/wp\/v2\/tags?post=19009"}],"curies":[{"name":"wp","href":"https:\/\/api.w.org\/{rel}","templated":true}]}}