{"id":19001,"date":"2024-11-19T11:21:51","date_gmt":"2024-11-19T14:21:51","guid":{"rendered":"https:\/\/sinprofaz.org.br\/2024\/?p=19001"},"modified":"2024-11-19T11:21:51","modified_gmt":"2024-11-19T14:21:51","slug":"sinprofaz-segue-atento-aos-trabalhos-da-ccjc-na-camara-dos-deputados","status":"publish","type":"post","link":"https:\/\/sinprofaz.org.br\/2024\/noticias\/sinprofaz-segue-atento-aos-trabalhos-da-ccjc-na-camara-dos-deputados\/","title":{"rendered":"SINPROFAZ SEGUE ATENTO AOS TRABALHOS DA CCJC NA C\u00c2MARA DOS DEPUTADOS"},"content":{"rendered":"<p>O SINPROFAZ, por meio da Comiss\u00e3o Permanente de Atua\u00e7\u00e3o Parlamentar (CPAP), marcou presen\u00e7a na C\u00e2mara dos Deputados ao longo da \u00faltima semana. A atua\u00e7\u00e3o teve como prop\u00f3sito o estreitamento da rela\u00e7\u00e3o com os Parlamentares, especialmente aqueles que integram a Comiss\u00e3o de Constitui\u00e7\u00e3o e Justi\u00e7a e de Cidadania (CCJC) da Casa.<\/p>\n<p>Entre as Deputados e os Deputados Federais abordados no Congresso e nas bases, estiveram Lafayette de Andrada (Republicanos\/MG), Renilce Nicodemos (MDB\/PA), Carlos Gaguim (Uni\u00e3o\/TO), Luiz Gast\u00e3o (PSD\/CE), Eduardo Bismarck (PDT\/CE), Aguinaldo Ribeiro (PP\/PB) e Gilson Marques (Novo\/SC), aos quais o SINPROFAZ agradece pela aten\u00e7\u00e3o e sensibilidade com rela\u00e7\u00e3o aos temas de maior interesse dos Advogados P\u00fablicos Federais.<\/p>\n<p>A vigil\u00e2ncia do SINPROFAZ com rela\u00e7\u00e3o \u00e0 pauta da CCJC segue constante. Em prol do fortalecimento da Carreira e da\u00a0Advocacia P\u00fablica como um todo, o Sindicato permanecer\u00e1 atuando de modo firme em todos os espa\u00e7os de poder.<\/p>\n\n\t\t<style type=\"text\/css\">\n\t\t\t#gallery-1 {\n\t\t\t\tmargin: auto;\n\t\t\t}\n\t\t\t#gallery-1 .gallery-item {\n\t\t\t\tfloat: left;\n\t\t\t\tmargin-top: 10px;\n\t\t\t\ttext-align: center;\n\t\t\t\twidth: 33%;\n\t\t\t}\n\t\t\t#gallery-1 img {\n\t\t\t\tborder: 2px solid #cfcfcf;\n\t\t\t}\n\t\t\t#gallery-1 .gallery-caption {\n\t\t\t\tmargin-left: 0;\n\t\t\t}\n\t\t\t\/* see gallery_shortcode() in wp-includes\/media.php *\/\n\t\t<\/style>\n\t\t<div id='gallery-1' class='gallery galleryid-19001 gallery-columns-3 gallery-size-thumbnail'><dl class='gallery-item'>\n\t\t\t<dt class='gallery-icon landscape'>\n\t\t\t\t<a href='https:\/\/sinprofaz.org.br\/2024\/wp-content\/uploads\/2024\/11\/2-3.png'><img loading=\"lazy\" decoding=\"async\" width=\"150\" height=\"150\" src=\"https:\/\/sinprofaz.org.br\/2024\/wp-content\/uploads\/2024\/11\/2-3-150x150.png\" class=\"attachment-thumbnail size-thumbnail\" alt=\"\" \/><\/a>\n\t\t\t<\/dt><\/dl><dl class='gallery-item'>\n\t\t\t<dt class='gallery-icon landscape'>\n\t\t\t\t<a href='https:\/\/sinprofaz.org.br\/2024\/wp-content\/uploads\/2024\/11\/3-3.png'><img loading=\"lazy\" decoding=\"async\" width=\"150\" height=\"150\" src=\"https:\/\/sinprofaz.org.br\/2024\/wp-content\/uploads\/2024\/11\/3-3-150x150.png\" class=\"attachment-thumbnail size-thumbnail\" alt=\"\" \/><\/a>\n\t\t\t<\/dt><\/dl><dl class='gallery-item'>\n\t\t\t<dt class='gallery-icon landscape'>\n\t\t\t\t<a href='https:\/\/sinprofaz.org.br\/2024\/wp-content\/uploads\/2024\/11\/4-2.png'><img loading=\"lazy\" decoding=\"async\" width=\"150\" height=\"150\" src=\"https:\/\/sinprofaz.org.br\/2024\/wp-content\/uploads\/2024\/11\/4-2-150x150.png\" class=\"attachment-thumbnail size-thumbnail\" alt=\"\" \/><\/a>\n\t\t\t<\/dt><\/dl><br style=\"clear: both\" \/><dl class='gallery-item'>\n\t\t\t<dt class='gallery-icon landscape'>\n\t\t\t\t<a href='https:\/\/sinprofaz.org.br\/2024\/wp-content\/uploads\/2024\/11\/5-2.png'><img loading=\"lazy\" decoding=\"async\" width=\"150\" height=\"150\" src=\"https:\/\/sinprofaz.org.br\/2024\/wp-content\/uploads\/2024\/11\/5-2-150x150.png\" class=\"attachment-thumbnail size-thumbnail\" alt=\"\" \/><\/a>\n\t\t\t<\/dt><\/dl><dl class='gallery-item'>\n\t\t\t<dt class='gallery-icon landscape'>\n\t\t\t\t<a href='https:\/\/sinprofaz.org.br\/2024\/wp-content\/uploads\/2024\/11\/6-2.png'><img loading=\"lazy\" decoding=\"async\" width=\"150\" height=\"150\" src=\"https:\/\/sinprofaz.org.br\/2024\/wp-content\/uploads\/2024\/11\/6-2-150x150.png\" class=\"attachment-thumbnail size-thumbnail\" alt=\"\" \/><\/a>\n\t\t\t<\/dt><\/dl>\n\t\t\t<br style='clear: both' \/>\n\t\t<\/div>\n\n","protected":false},"excerpt":{"rendered":"<p>O SINPROFAZ, por meio da Comiss\u00e3o Permanente de Atua\u00e7\u00e3o Parlamentar, marcou presen\u00e7a na C\u00e2mara dos Deputados ao longo da \u00faltima semana. A atua\u00e7\u00e3o teve como prop\u00f3sito o estreitamento da rela\u00e7\u00e3o com Parlamentares, especialmente os integrantes da CCJC.<\/p>\n","protected":false},"author":2,"featured_media":19002,"comment_status":"open","ping_status":"open","sticky":false,"template":"","format":"standard","meta":{"footnotes":""},"categories":[8],"tags":[66,73,25],"featured_image_url":"https:\/\/sinprofaz.org.br\/2024\/wp-content\/uploads\/2024\/11\/1-5.png","character_count":703,"formatted_date":"19\/11\/2024 - 11:21","contentNovo":"O SINPROFAZ, por meio da Comiss\u00e3o Permanente de Atua\u00e7\u00e3o Parlamentar (CPAP), marcou presen\u00e7a na C\u00e2mara dos Deputados ao longo da \u00faltima semana. A atua\u00e7\u00e3o teve como prop\u00f3sito o estreitamento da rela\u00e7\u00e3o com os Parlamentares, especialmente aqueles que integram a Comiss\u00e3o de Constitui\u00e7\u00e3o e Justi\u00e7a e de Cidadania (CCJC) da Casa.\r\n\r\nEntre as Deputados e os Deputados Federais abordados no Congresso e nas bases, estiveram Lafayette de Andrada (Republicanos\/MG), Renilce Nicodemos (MDB\/PA), Carlos Gaguim (Uni\u00e3o\/TO), Luiz Gast\u00e3o (PSD\/CE), Eduardo Bismarck (PDT\/CE), Aguinaldo Ribeiro (PP\/PB) e Gilson Marques (Novo\/SC), aos quais o SINPROFAZ agradece pela aten\u00e7\u00e3o e sensibilidade com rela\u00e7\u00e3o aos temas de maior interesse dos Advogados P\u00fablicos Federais.\r\n\r\nA vigil\u00e2ncia do SINPROFAZ com rela\u00e7\u00e3o \u00e0 pauta da CCJC segue constante. Em prol do fortalecimento da Carreira e da\u00a0Advocacia P\u00fablica como um todo, o Sindicato permanecer\u00e1 atuando de modo firme em todos os espa\u00e7os de poder.\r\n\r\n[gallery link=\"file\" ids=\"19003,19004,19005,19006,19007\"]","_links":{"self":[{"href":"https:\/\/sinprofaz.org.br\/2024\/wp-json\/wp\/v2\/posts\/19001"}],"collection":[{"href":"https:\/\/sinprofaz.org.br\/2024\/wp-json\/wp\/v2\/posts"}],"about":[{"href":"https:\/\/sinprofaz.org.br\/2024\/wp-json\/wp\/v2\/types\/post"}],"author":[{"embeddable":true,"href":"https:\/\/sinprofaz.org.br\/2024\/wp-json\/wp\/v2\/users\/2"}],"replies":[{"embeddable":true,"href":"https:\/\/sinprofaz.org.br\/2024\/wp-json\/wp\/v2\/comments?post=19001"}],"version-history":[{"count":1,"href":"https:\/\/sinprofaz.org.br\/2024\/wp-json\/wp\/v2\/posts\/19001\/revisions"}],"predecessor-version":[{"id":19008,"href":"https:\/\/sinprofaz.org.br\/2024\/wp-json\/wp\/v2\/posts\/19001\/revisions\/19008"}],"wp:featuredmedia":[{"embeddable":true,"href":"https:\/\/sinprofaz.org.br\/2024\/wp-json\/wp\/v2\/media\/19002"}],"wp:attachment":[{"href":"https:\/\/sinprofaz.org.br\/2024\/wp-json\/wp\/v2\/media?parent=19001"}],"wp:term":[{"taxonomy":"category","embeddable":true,"href":"https:\/\/sinprofaz.org.br\/2024\/wp-json\/wp\/v2\/categories?post=19001"},{"taxonomy":"post_tag","embeddable":true,"href":"https:\/\/sinprofaz.org.br\/2024\/wp-json\/wp\/v2\/tags?post=19001"}],"curies":[{"name":"wp","href":"https:\/\/api.w.org\/{rel}","templated":true}]}}