{"id":18995,"date":"2024-11-14T13:35:53","date_gmt":"2024-11-14T16:35:53","guid":{"rendered":"https:\/\/sinprofaz.org.br\/2024\/?p=18995"},"modified":"2024-11-14T13:35:53","modified_gmt":"2024-11-14T16:35:53","slug":"filiados-do-sinprofaz-participam-de-curso-na-italia","status":"publish","type":"post","link":"https:\/\/sinprofaz.org.br\/2024\/noticias\/filiados-do-sinprofaz-participam-de-curso-na-italia\/","title":{"rendered":"FILIADOS DO SINPROFAZ PARTICIPAM DE CURSO NA IT\u00c1LIA"},"content":{"rendered":"<p>Os filiados Jimmy Lauder, Joaquim Dias Filho, Magali Ledur, Ricson Moreira e Thaisa Ribeiro foram agraciados, em sorteio promovido pelo SINPROFAZ, com vagas no\u00a0<em>Curso Internacional sobre Tutela Jurisdicional e Solu\u00e7\u00e3o de Conflitos em Perspectiva Comparada Europa-Brasil<\/em>. Realizado em Roma, na It\u00e1lia, o Curso teve in\u00edcio no dia 10 de novembro e tem atividades programadas at\u00e9 amanh\u00e3, dia 15.<\/p>\n<p>As vagas na capacita\u00e7\u00e3o foram possibilitadas pela parceria firmada entre o SINPROFAZ e a Accademia Juris Roma. O Curso Internacional objetiva a an\u00e1lise das abordagens jur\u00eddicas utilizadas em pa\u00edses europeus &#8211; com \u00eanfase nas perspectivas da It\u00e1lia e da Uni\u00e3o Europeia &#8211; e a compara\u00e7\u00e3o com a realidade e o ordenamento jur\u00eddico brasileiros. O enfoque comparativo proporciona aos alunos uma vis\u00e3o abrangente sobre o tema e possibilita a reflex\u00e3o e o debate.<\/p>\n<p>O SINPROFAZ agradece aos Colegas inscritos no sorteio, promovido no in\u00edcio deste ano, e, desde j\u00e1, convida todas e todos para participarem das futuras capacita\u00e7\u00f5es possibilitadas pelo Sindicato.\u00a0Para o SINPROFAZ, cursos como esse, em Roma, representam oportunidades \u00fanicas para a obten\u00e7\u00e3o de conhecimentos e de experi\u00eancias.<\/p>\n<p><!-- notionvc: 3185cc97-2a7c-4e3e-b513-271847f293fb --><\/p>\n","protected":false},"excerpt":{"rendered":"<p>Os filiados Jimmy Lauder, Joaquim Dias Filho, Magali Ledur, Ricson Moreira e Thaisa Ribeiro foram agraciados, em sorteio promovido pelo SINPROFAZ, com vagas no Curso Internacional sobre Tutela Jurisdicional e Solu\u00e7\u00e3o de Conflitos em Perspectiva Comparada Europa-Brasil. O Curso est\u00e1 sendo realizado em Roma, na It\u00e1lia.<\/p>\n","protected":false},"author":2,"featured_media":18996,"comment_status":"open","ping_status":"open","sticky":false,"template":"","format":"standard","meta":{"footnotes":""},"categories":[8],"tags":[233,32,25],"featured_image_url":"https:\/\/sinprofaz.org.br\/2024\/wp-content\/uploads\/2024\/11\/1-3.png","character_count":606,"formatted_date":"14\/11\/2024 - 13:35","contentNovo":"Os filiados Jimmy Lauder, Joaquim Dias Filho, Magali Ledur, Ricson Moreira e Thaisa Ribeiro foram agraciados, em sorteio promovido pelo SINPROFAZ, com vagas no\u00a0<em>Curso Internacional sobre Tutela Jurisdicional e Solu\u00e7\u00e3o de Conflitos em Perspectiva Comparada Europa-Brasil<\/em>. Realizado em Roma, na It\u00e1lia, o Curso teve in\u00edcio no dia 10 de novembro e tem atividades programadas at\u00e9 amanh\u00e3, dia 15.\r\n\r\nAs vagas na capacita\u00e7\u00e3o foram possibilitadas pela parceria firmada entre o SINPROFAZ e a Accademia Juris Roma. O Curso Internacional objetiva a an\u00e1lise das abordagens jur\u00eddicas utilizadas em pa\u00edses europeus - com \u00eanfase nas perspectivas da It\u00e1lia e da Uni\u00e3o Europeia - e a compara\u00e7\u00e3o com a realidade e o ordenamento jur\u00eddico brasileiros. O enfoque comparativo proporciona aos alunos uma vis\u00e3o abrangente sobre o tema e possibilita a reflex\u00e3o e o debate.\r\n\r\nO SINPROFAZ agradece aos Colegas inscritos no sorteio, promovido no in\u00edcio deste ano, e, desde j\u00e1, convida todas e todos para participarem das futuras capacita\u00e7\u00f5es possibilitadas pelo Sindicato.\u00a0Para o SINPROFAZ, cursos como esse, em Roma, representam oportunidades \u00fanicas para a obten\u00e7\u00e3o de conhecimentos e de experi\u00eancias.\r\n\r\n","_links":{"self":[{"href":"https:\/\/sinprofaz.org.br\/2024\/wp-json\/wp\/v2\/posts\/18995"}],"collection":[{"href":"https:\/\/sinprofaz.org.br\/2024\/wp-json\/wp\/v2\/posts"}],"about":[{"href":"https:\/\/sinprofaz.org.br\/2024\/wp-json\/wp\/v2\/types\/post"}],"author":[{"embeddable":true,"href":"https:\/\/sinprofaz.org.br\/2024\/wp-json\/wp\/v2\/users\/2"}],"replies":[{"embeddable":true,"href":"https:\/\/sinprofaz.org.br\/2024\/wp-json\/wp\/v2\/comments?post=18995"}],"version-history":[{"count":1,"href":"https:\/\/sinprofaz.org.br\/2024\/wp-json\/wp\/v2\/posts\/18995\/revisions"}],"predecessor-version":[{"id":18997,"href":"https:\/\/sinprofaz.org.br\/2024\/wp-json\/wp\/v2\/posts\/18995\/revisions\/18997"}],"wp:featuredmedia":[{"embeddable":true,"href":"https:\/\/sinprofaz.org.br\/2024\/wp-json\/wp\/v2\/media\/18996"}],"wp:attachment":[{"href":"https:\/\/sinprofaz.org.br\/2024\/wp-json\/wp\/v2\/media?parent=18995"}],"wp:term":[{"taxonomy":"category","embeddable":true,"href":"https:\/\/sinprofaz.org.br\/2024\/wp-json\/wp\/v2\/categories?post=18995"},{"taxonomy":"post_tag","embeddable":true,"href":"https:\/\/sinprofaz.org.br\/2024\/wp-json\/wp\/v2\/tags?post=18995"}],"curies":[{"name":"wp","href":"https:\/\/api.w.org\/{rel}","templated":true}]}}