{"id":18966,"date":"2024-11-06T10:58:06","date_gmt":"2024-11-06T13:58:06","guid":{"rendered":"https:\/\/sinprofaz.org.br\/2024\/?p=18966"},"modified":"2024-11-06T10:58:06","modified_gmt":"2024-11-06T13:58:06","slug":"procurador-da-fazenda-nacional-e-empossado-na-academia-juiz-forana-de-letras","status":"publish","type":"post","link":"https:\/\/sinprofaz.org.br\/2024\/noticias\/procurador-da-fazenda-nacional-e-empossado-na-academia-juiz-forana-de-letras\/","title":{"rendered":"PROCURADOR DA FAZENDA NACIONAL \u00c9 EMPOSSADO NA ACADEMIA JUIZ-FORANA DE LETRAS"},"content":{"rendered":"<p>O procurador da Fazenda Nacional Daniel Giotti de Paula \u00e9 o mais novo membro titular da Academia Juiz-forana de Letras. Autor de obras jur\u00eddicas e liter\u00e1rias, o PFN foi empossado em cerim\u00f4nia realizada no \u00faltimo s\u00e1bado (2), em Juiz de Fora\/MG, e ocupa agora a Cadeira de n\u00famero 17 da Academia. A institui\u00e7\u00e3o, que completou 41 anos de exist\u00eancia\u00a0em 2024, re\u00fane alguns dos principais escritores da cidade mineira.<\/p>\n<p>&#8220;Sou grato pelo banquete art\u00edstico que a Academia me proporciona, al\u00e9m da possibilidade de conviver com pessoas que acreditam na salva\u00e7\u00e3o pelo belo. O momento \u00e9 ainda mais especial, pois o patrono da Cadeira \u00e9 Benjamin Colucci, um dos expoentes do ensino jur\u00eddico em Juiz de Fora, que empresta seu nome para o F\u00f3rum da cidade e para a pr\u00f3pria Faculdade de Direito da UFJF, conhecida como &#8216;Casa de Benjamin Colucci'&#8221;, ressaltou Giotti.<\/p>\n<p>Ao filiado, que se destaca na Carreira pela\u00a0relev\u00e2ncia e qualidade das publica\u00e7\u00f5es, o SINPROFAZ externa as sinceras congratula\u00e7\u00f5es e votos de ainda mais sucesso!<\/p>\n\n\t\t<style type=\"text\/css\">\n\t\t\t#gallery-1 {\n\t\t\t\tmargin: auto;\n\t\t\t}\n\t\t\t#gallery-1 .gallery-item {\n\t\t\t\tfloat: left;\n\t\t\t\tmargin-top: 10px;\n\t\t\t\ttext-align: center;\n\t\t\t\twidth: 33%;\n\t\t\t}\n\t\t\t#gallery-1 img {\n\t\t\t\tborder: 2px solid #cfcfcf;\n\t\t\t}\n\t\t\t#gallery-1 .gallery-caption {\n\t\t\t\tmargin-left: 0;\n\t\t\t}\n\t\t\t\/* see gallery_shortcode() in wp-includes\/media.php *\/\n\t\t<\/style>\n\t\t<div id='gallery-1' class='gallery galleryid-18966 gallery-columns-3 gallery-size-thumbnail'><dl class='gallery-item'>\n\t\t\t<dt class='gallery-icon landscape'>\n\t\t\t\t<a href='https:\/\/sinprofaz.org.br\/2024\/wp-content\/uploads\/2024\/11\/2-1.png'><img loading=\"lazy\" decoding=\"async\" width=\"150\" height=\"150\" src=\"https:\/\/sinprofaz.org.br\/2024\/wp-content\/uploads\/2024\/11\/2-1-150x150.png\" class=\"attachment-thumbnail size-thumbnail\" alt=\"\" \/><\/a>\n\t\t\t<\/dt><\/dl><dl class='gallery-item'>\n\t\t\t<dt class='gallery-icon landscape'>\n\t\t\t\t<a href='https:\/\/sinprofaz.org.br\/2024\/wp-content\/uploads\/2024\/11\/3-1.png'><img loading=\"lazy\" decoding=\"async\" width=\"150\" height=\"150\" src=\"https:\/\/sinprofaz.org.br\/2024\/wp-content\/uploads\/2024\/11\/3-1-150x150.png\" class=\"attachment-thumbnail size-thumbnail\" alt=\"\" \/><\/a>\n\t\t\t<\/dt><\/dl><dl class='gallery-item'>\n\t\t\t<dt class='gallery-icon landscape'>\n\t\t\t\t<a href='https:\/\/sinprofaz.org.br\/2024\/wp-content\/uploads\/2024\/11\/4.png'><img loading=\"lazy\" decoding=\"async\" width=\"150\" height=\"150\" src=\"https:\/\/sinprofaz.org.br\/2024\/wp-content\/uploads\/2024\/11\/4-150x150.png\" class=\"attachment-thumbnail size-thumbnail\" alt=\"\" \/><\/a>\n\t\t\t<\/dt><\/dl><br style=\"clear: both\" \/><dl class='gallery-item'>\n\t\t\t<dt class='gallery-icon landscape'>\n\t\t\t\t<a href='https:\/\/sinprofaz.org.br\/2024\/wp-content\/uploads\/2024\/11\/5.png'><img loading=\"lazy\" decoding=\"async\" width=\"150\" height=\"150\" src=\"https:\/\/sinprofaz.org.br\/2024\/wp-content\/uploads\/2024\/11\/5-150x150.png\" class=\"attachment-thumbnail size-thumbnail\" alt=\"\" \/><\/a>\n\t\t\t<\/dt><\/dl><dl class='gallery-item'>\n\t\t\t<dt class='gallery-icon landscape'>\n\t\t\t\t<a href='https:\/\/sinprofaz.org.br\/2024\/wp-content\/uploads\/2024\/11\/6.png'><img loading=\"lazy\" decoding=\"async\" width=\"150\" height=\"150\" src=\"https:\/\/sinprofaz.org.br\/2024\/wp-content\/uploads\/2024\/11\/6-150x150.png\" class=\"attachment-thumbnail size-thumbnail\" alt=\"\" \/><\/a>\n\t\t\t<\/dt><\/dl><dl class='gallery-item'>\n\t\t\t<dt class='gallery-icon landscape'>\n\t\t\t\t<a href='https:\/\/sinprofaz.org.br\/2024\/wp-content\/uploads\/2024\/11\/7.png'><img loading=\"lazy\" decoding=\"async\" width=\"150\" height=\"150\" src=\"https:\/\/sinprofaz.org.br\/2024\/wp-content\/uploads\/2024\/11\/7-150x150.png\" class=\"attachment-thumbnail size-thumbnail\" alt=\"\" \/><\/a>\n\t\t\t<\/dt><\/dl><br style=\"clear: both\" \/>\n\t\t<\/div>\n\n","protected":false},"excerpt":{"rendered":"<p>Daniel Giotti de Paula \u00e9 o mais novo membro titular da Academia Juiz-forana de Letras. Autor de obras jur\u00eddicas e liter\u00e1rias, o PFN foi empossado em cerim\u00f4nia realizada no \u00faltimo s\u00e1bado (2), em Juiz de Fora\/MG, e ocupa agora a Cadeira de n\u00famero 17 da Academia.<\/p>\n","protected":false},"author":2,"featured_media":18967,"comment_status":"open","ping_status":"open","sticky":false,"template":"","format":"standard","meta":{"footnotes":""},"categories":[8],"tags":[32,177,25],"featured_image_url":"https:\/\/sinprofaz.org.br\/2024\/wp-content\/uploads\/2024\/11\/1-1.png","character_count":736,"formatted_date":"06\/11\/2024 - 10:58","contentNovo":"O procurador da Fazenda Nacional Daniel Giotti de Paula \u00e9 o mais novo membro titular da Academia Juiz-forana de Letras. Autor de obras jur\u00eddicas e liter\u00e1rias, o PFN foi empossado em cerim\u00f4nia realizada no \u00faltimo s\u00e1bado (2), em Juiz de Fora\/MG, e ocupa agora a Cadeira de n\u00famero 17 da Academia. A institui\u00e7\u00e3o, que completou 41 anos de exist\u00eancia\u00a0em 2024, re\u00fane alguns dos principais escritores da cidade mineira.\r\n\r\n\"Sou grato pelo banquete art\u00edstico que a Academia me proporciona, al\u00e9m da possibilidade de conviver com pessoas que acreditam na salva\u00e7\u00e3o pelo belo. O momento \u00e9 ainda mais especial, pois o patrono da Cadeira \u00e9 Benjamin Colucci, um dos expoentes do ensino jur\u00eddico em Juiz de Fora, que empresta seu nome para o F\u00f3rum da cidade e para a pr\u00f3pria Faculdade de Direito da UFJF, conhecida como 'Casa de Benjamin Colucci'\", ressaltou Giotti.\r\n\r\nAo filiado, que se destaca na Carreira pela\u00a0relev\u00e2ncia e qualidade das publica\u00e7\u00f5es, o SINPROFAZ externa as sinceras congratula\u00e7\u00f5es e votos de ainda mais sucesso!\r\n\r\n[gallery link=\"file\" ids=\"18968,18969,18970,18971,18972,18973\"]","_links":{"self":[{"href":"https:\/\/sinprofaz.org.br\/2024\/wp-json\/wp\/v2\/posts\/18966"}],"collection":[{"href":"https:\/\/sinprofaz.org.br\/2024\/wp-json\/wp\/v2\/posts"}],"about":[{"href":"https:\/\/sinprofaz.org.br\/2024\/wp-json\/wp\/v2\/types\/post"}],"author":[{"embeddable":true,"href":"https:\/\/sinprofaz.org.br\/2024\/wp-json\/wp\/v2\/users\/2"}],"replies":[{"embeddable":true,"href":"https:\/\/sinprofaz.org.br\/2024\/wp-json\/wp\/v2\/comments?post=18966"}],"version-history":[{"count":1,"href":"https:\/\/sinprofaz.org.br\/2024\/wp-json\/wp\/v2\/posts\/18966\/revisions"}],"predecessor-version":[{"id":18974,"href":"https:\/\/sinprofaz.org.br\/2024\/wp-json\/wp\/v2\/posts\/18966\/revisions\/18974"}],"wp:featuredmedia":[{"embeddable":true,"href":"https:\/\/sinprofaz.org.br\/2024\/wp-json\/wp\/v2\/media\/18967"}],"wp:attachment":[{"href":"https:\/\/sinprofaz.org.br\/2024\/wp-json\/wp\/v2\/media?parent=18966"}],"wp:term":[{"taxonomy":"category","embeddable":true,"href":"https:\/\/sinprofaz.org.br\/2024\/wp-json\/wp\/v2\/categories?post=18966"},{"taxonomy":"post_tag","embeddable":true,"href":"https:\/\/sinprofaz.org.br\/2024\/wp-json\/wp\/v2\/tags?post=18966"}],"curies":[{"name":"wp","href":"https:\/\/api.w.org\/{rel}","templated":true}]}}