{"id":1895,"date":"2014-09-04T12:19:16","date_gmt":"2014-09-04T12:19:16","guid":{"rendered":""},"modified":"-0001-11-30T00:00:00","modified_gmt":"-0001-11-30T03:00:00","slug":"ats-sinprofaz-com-presidente-do-senado","status":"publish","type":"post","link":"https:\/\/sinprofaz.org.br\/2024\/noticias\/ats-sinprofaz-com-presidente-do-senado\/","title":{"rendered":"ATS: SINPROFAZ com presidente do Senado"},"content":{"rendered":"<p><img loading=\"lazy\" decoding=\"async\" style=\"margin-right: 10px; margin-bottom: 5px; float: left;\" alt=\"foto01\" src=\"images\/noticias\/sinprofaz-presidente-senado-09-2014\/foto01.jpg\" height=\"156\" width=\"200\" \/>Presidente Her\u00e1clio Camargo e demais representantes da Advocacia P\u00fablica foram recebidos pelo presidente do Senado. Em pauta a extens\u00e3o do ATS \u00e0s Carreiras da AGU.<\/p>\n<p>Nesta quarta-feira, 3\/9, as entidades sindicais e associativas da Advocacia P\u00fablica Federal e de outros segmentos do servi\u00e7o p\u00fablico conversaram com o presidente do Senado, senador Renan Calheiros (PMDB-AL), e com o senador Paulo Paim (PT-RS) sobre a inadequa\u00e7\u00e3o de garantir o benef\u00edcio do Adicional por Tempo de Servi\u00e7o (ATS) apenas a duas carreiras, no caso aos membros da Magistratura e do Minist\u00e9rio P\u00fablico.<\/p>\n<p>Isso \u00e9 o que prev\u00ea o relat\u00f3rio aprovado na Comiss\u00e3o de Constitui\u00e7\u00e3o e Justi\u00e7a do Senado \u00e0 PEC 63\/2013.<\/p>\n<p>Na reuni\u00e3o de ontem, o presidente do SINPROFAZ reiterou a irresigna\u00e7\u00e3o das categorias essenciais e exclusivas de Estado, que restaram relegadas na concess\u00e3o de Adicional por Tempo de Servi\u00e7o.<\/p>\n<p>O SINPROFAZ ponderou que a aprova\u00e7\u00e3o do ATS apenas para duas carreiras jur\u00eddicas provocar\u00e1 uma conflagra\u00e7\u00e3o das demais Carreiras P\u00fablicas sem precedentes e com consequ\u00eancias desastrosas para o Estado brasileiro.<\/p>\n<p>O presidente do Senado Federal comprometeu-se em reunir as lideran\u00e7as do Senado e as lideran\u00e7as das Carreiras P\u00fablicas, ap\u00f3s as elei\u00e7\u00f5es, mas antes da vota\u00e7\u00e3o da inaceit\u00e1vel PEC 63, que trata desigualmente Carreiras sim\u00e9tricas e tem o potencial de causar uma conflagra\u00e7\u00e3o no Servi\u00e7o P\u00fablico Federal.<\/p>\n<div style=\"text-align: center;\">\n<p><img loading=\"lazy\" decoding=\"async\" style=\"margin-right: 5px;\" alt=\"foto02\" src=\"images\/noticias\/sinprofaz-presidente-senado-09-2014\/foto02.jpg\" height=\"121\" width=\"160\" \/><img loading=\"lazy\" decoding=\"async\" style=\"margin-right: 5px;\" alt=\"foto03\" src=\"images\/noticias\/sinprofaz-presidente-senado-09-2014\/foto03.jpg\" height=\"121\" width=\"161\" \/><img loading=\"lazy\" decoding=\"async\" alt=\"foto04\" src=\"images\/noticias\/sinprofaz-presidente-senado-09-2014\/foto04.jpg\" height=\"121\" width=\"186\" \/><\/p>\n<p><img loading=\"lazy\" decoding=\"async\" style=\"margin-right: 5px;\" alt=\"foto05\" src=\"images\/noticias\/sinprofaz-presidente-senado-09-2014\/foto05.jpg\" height=\"121\" width=\"188\" \/><img loading=\"lazy\" decoding=\"async\" alt=\"foto06\" src=\"images\/noticias\/sinprofaz-presidente-senado-09-2014\/foto06.jpg\" height=\"121\" width=\"154\" \/><\/p>\n<\/div>\n","protected":false},"excerpt":{"rendered":"<p>Presidente Her\u00e1clio Camargo e demais representantes da Advocacia P\u00fablica foram recebidos pelo presidente do Senado. Em pauta a extens\u00e3o do ATS \u00e0s Carreiras da AGU.<\/p>\n","protected":false},"author":1,"featured_media":0,"comment_status":"closed","ping_status":"open","sticky":false,"template":"","format":"standard","meta":{"footnotes":""},"categories":[8],"tags":[],"featured_image_url":"https:\/\/dummyimage.com\/720x400","character_count":718,"formatted_date":"04\/09\/2014 - 12:19","contentNovo":"\r\n<p>Presidente Her\u00e1clio Camargo e demais representantes da Advocacia P\u00fablica foram recebidos pelo presidente do Senado. Em pauta a extens\u00e3o do ATS \u00e0s Carreiras da AGU.<\/p>\r\n<p>Nesta quarta-feira, 3\/9, as entidades sindicais e associativas da Advocacia P\u00fablica Federal e de outros segmentos do servi\u00e7o p\u00fablico conversaram com o presidente do Senado, senador Renan Calheiros (PMDB-AL), e com o senador Paulo Paim (PT-RS) sobre a inadequa\u00e7\u00e3o de garantir o benef\u00edcio do Adicional por Tempo de Servi\u00e7o (ATS) apenas a duas carreiras, no caso aos membros da Magistratura e do Minist\u00e9rio P\u00fablico.<\/p>\r\n<p>Isso \u00e9 o que prev\u00ea o relat\u00f3rio aprovado na Comiss\u00e3o de Constitui\u00e7\u00e3o e Justi\u00e7a do Senado \u00e0 PEC 63\/2013.<\/p>\r\n<p>Na reuni\u00e3o de ontem, o presidente do SINPROFAZ reiterou a irresigna\u00e7\u00e3o das categorias essenciais e exclusivas de Estado, que restaram relegadas na concess\u00e3o de Adicional por Tempo de Servi\u00e7o.<\/p>\r\n<p>O SINPROFAZ ponderou que a aprova\u00e7\u00e3o do ATS apenas para duas carreiras jur\u00eddicas provocar\u00e1 uma conflagra\u00e7\u00e3o das demais Carreiras P\u00fablicas sem precedentes e com consequ\u00eancias desastrosas para o Estado brasileiro.<\/p>\r\n<p>O presidente do Senado Federal comprometeu-se em reunir as lideran\u00e7as do Senado e as lideran\u00e7as das Carreiras P\u00fablicas, ap\u00f3s as elei\u00e7\u00f5es, mas antes da vota\u00e7\u00e3o da inaceit\u00e1vel PEC 63, que trata desigualmente Carreiras sim\u00e9tricas e tem o potencial de causar uma conflagra\u00e7\u00e3o no Servi\u00e7o P\u00fablico Federal.<\/p>\r\n\r\n<p><\/p>\r\n<p><\/p>\r\n","_links":{"self":[{"href":"https:\/\/sinprofaz.org.br\/2024\/wp-json\/wp\/v2\/posts\/1895"}],"collection":[{"href":"https:\/\/sinprofaz.org.br\/2024\/wp-json\/wp\/v2\/posts"}],"about":[{"href":"https:\/\/sinprofaz.org.br\/2024\/wp-json\/wp\/v2\/types\/post"}],"author":[{"embeddable":true,"href":"https:\/\/sinprofaz.org.br\/2024\/wp-json\/wp\/v2\/users\/1"}],"replies":[{"embeddable":true,"href":"https:\/\/sinprofaz.org.br\/2024\/wp-json\/wp\/v2\/comments?post=1895"}],"version-history":[{"count":0,"href":"https:\/\/sinprofaz.org.br\/2024\/wp-json\/wp\/v2\/posts\/1895\/revisions"}],"wp:attachment":[{"href":"https:\/\/sinprofaz.org.br\/2024\/wp-json\/wp\/v2\/media?parent=1895"}],"wp:term":[{"taxonomy":"category","embeddable":true,"href":"https:\/\/sinprofaz.org.br\/2024\/wp-json\/wp\/v2\/categories?post=1895"},{"taxonomy":"post_tag","embeddable":true,"href":"https:\/\/sinprofaz.org.br\/2024\/wp-json\/wp\/v2\/tags?post=1895"}],"curies":[{"name":"wp","href":"https:\/\/api.w.org\/{rel}","templated":true}]}}