{"id":18912,"date":"2024-10-16T15:48:07","date_gmt":"2024-10-16T18:48:07","guid":{"rendered":"https:\/\/sinprofaz.org.br\/2024\/?p=18912"},"modified":"2024-10-17T14:59:22","modified_gmt":"2024-10-17T17:59:22","slug":"sinprofaz-participa-do-18o-encontro-nacional-dos-servidores-aposentados-e-pensionistas","status":"publish","type":"post","link":"https:\/\/sinprofaz.org.br\/2024\/noticias\/sinprofaz-participa-do-18o-encontro-nacional-dos-servidores-aposentados-e-pensionistas\/","title":{"rendered":"SINPROFAZ PARTICIPA DO 18\u00ba ENCONTRO NACIONAL DOS SERVIDORES APOSENTADOS E PENSIONISTAS"},"content":{"rendered":"<p>O SINPROFAZ, representado pelo diretor Roberto Rodrigues, compareceu nesta quarta-feira (16) ao 18\u00ba Encontro Nacional dos Servidores P\u00fablicos Aposentados e Pensionistas. Realizado no\u00a0Audit\u00f3rio Nereu Ramos, na C\u00e2mara dos Deputados, o evento foi prestigiado por parlamentares como Cl\u00e9ber Verde (MDB\/MA), subscritor da\u00a0PEC 6\/2024, e\u00a0Gisela Simona (Uni\u00e3o\/MT), apoiadora da causa. A proposta de emenda em quest\u00e3o, conhecida por PEC Social, prev\u00ea a gradativa redu\u00e7\u00e3o da contribui\u00e7\u00e3o previdenci\u00e1ria de servidores p\u00fablicos aposentados e pensionistas e representa uma importante bandeira do Sindicato.<\/p>\n<p>A PEC aguarda despacho do presidente da C\u00e2mara. Em conversa com o diretor Roberto Rodrigues, o deputado Cl\u00e9ber Verde expressou confian\u00e7a com rela\u00e7\u00e3o \u00e0 tramita\u00e7\u00e3o da PEC, que agora deve avan\u00e7ar na Casa. &#8220;No momento em que conseguirmos aprovar essa mat\u00e9ria,\u00a0garantiremos\u00a0mais recursos para os aposentados, devolvendo a eles o que lhes \u00e9 de direito e movimentando a economia do pa\u00eds a partir da aquisi\u00e7\u00e3o de bens e servi\u00e7os essenciais. Por isso estamos trabalhando diariamente para o apensamento da PEC 6 \u00e0 PEC 555\/2006, que j\u00e1 est\u00e1 pronta para vota\u00e7\u00e3o em Plen\u00e1rio&#8221;, afirmou o parlamentar.<\/p>\n<p>O 18\u00ba Encontro Nacional dos Servidores P\u00fablicos Aposentados e Pensionistas contou com o apoio do SINPROFAZ e das demais entidades integrantes do\u00a0Movimento Nacional dos Servidores P\u00fablicos Aposentados e Pensionistas &#8211; Instituto MOSAP. Na pessoa do presidente do Instituto,\u00a0Edison Haubert, o SINPROFAZ parabeniza pela iniciativa do Encontro e reitera a disposi\u00e7\u00e3o para a luta conjunta em prol dos temas priorit\u00e1rios para aposentados e pensionistas, com destaque para as pautas de maior interesse de filiadas e filiados. O trabalho pelo apensamento das PECs segue firme no Congresso e nas bases!<\/p>\n\n\t\t<style type=\"text\/css\">\n\t\t\t#gallery-1 {\n\t\t\t\tmargin: auto;\n\t\t\t}\n\t\t\t#gallery-1 .gallery-item {\n\t\t\t\tfloat: left;\n\t\t\t\tmargin-top: 10px;\n\t\t\t\ttext-align: center;\n\t\t\t\twidth: 33%;\n\t\t\t}\n\t\t\t#gallery-1 img {\n\t\t\t\tborder: 2px solid #cfcfcf;\n\t\t\t}\n\t\t\t#gallery-1 .gallery-caption {\n\t\t\t\tmargin-left: 0;\n\t\t\t}\n\t\t\t\/* see gallery_shortcode() in wp-includes\/media.php *\/\n\t\t<\/style>\n\t\t<div id='gallery-1' class='gallery galleryid-18912 gallery-columns-3 gallery-size-thumbnail'><dl class='gallery-item'>\n\t\t\t<dt class='gallery-icon landscape'>\n\t\t\t\t<a href='https:\/\/sinprofaz.org.br\/2024\/wp-content\/uploads\/2024\/10\/2-1.png'><img loading=\"lazy\" decoding=\"async\" width=\"150\" height=\"150\" src=\"https:\/\/sinprofaz.org.br\/2024\/wp-content\/uploads\/2024\/10\/2-1-150x150.png\" class=\"attachment-thumbnail size-thumbnail\" alt=\"\" \/><\/a>\n\t\t\t<\/dt><\/dl><dl class='gallery-item'>\n\t\t\t<dt class='gallery-icon landscape'>\n\t\t\t\t<a href='https:\/\/sinprofaz.org.br\/2024\/wp-content\/uploads\/2024\/10\/3-1.png'><img loading=\"lazy\" decoding=\"async\" width=\"150\" height=\"150\" src=\"https:\/\/sinprofaz.org.br\/2024\/wp-content\/uploads\/2024\/10\/3-1-150x150.png\" class=\"attachment-thumbnail size-thumbnail\" alt=\"\" \/><\/a>\n\t\t\t<\/dt><\/dl>\n\t\t\t<br style='clear: both' \/>\n\t\t<\/div>\n\n","protected":false},"excerpt":{"rendered":"<p>O diretor Roberto Rodrigues compareceu ao 18\u00ba Encontro Nacional dos Servidores P\u00fablicos Aposentados e Pensionistas. Realizado na C\u00e2mara dos Deputados, o evento foi prestigiado por parlamentares como Cl\u00e9ber Verde (MDB\/MA).<\/p>\n","protected":false},"author":2,"featured_media":18913,"comment_status":"open","ping_status":"open","sticky":false,"template":"","format":"standard","meta":{"footnotes":""},"categories":[8],"tags":[209,219,25],"featured_image_url":"https:\/\/sinprofaz.org.br\/2024\/wp-content\/uploads\/2024\/10\/1-3.png","character_count":1104,"formatted_date":"16\/10\/2024 - 15:48","contentNovo":"O SINPROFAZ, representado pelo diretor Roberto Rodrigues, compareceu nesta quarta-feira (16) ao 18\u00ba Encontro Nacional dos Servidores P\u00fablicos Aposentados e Pensionistas. Realizado no\u00a0Audit\u00f3rio Nereu Ramos, na C\u00e2mara dos Deputados, o evento foi prestigiado por parlamentares como Cl\u00e9ber Verde (MDB\/MA), subscritor da\u00a0PEC 6\/2024, e\u00a0Gisela Simona (Uni\u00e3o\/MT), apoiadora da causa. A proposta de emenda em quest\u00e3o, conhecida por PEC Social, prev\u00ea a gradativa redu\u00e7\u00e3o da contribui\u00e7\u00e3o previdenci\u00e1ria de servidores p\u00fablicos aposentados e pensionistas e representa uma importante bandeira do Sindicato.\r\n\r\nA PEC aguarda despacho do presidente da C\u00e2mara. Em conversa com o diretor Roberto Rodrigues, o deputado Cl\u00e9ber Verde expressou confian\u00e7a com rela\u00e7\u00e3o \u00e0 tramita\u00e7\u00e3o da PEC, que agora deve avan\u00e7ar na Casa. \"No momento em que conseguirmos aprovar essa mat\u00e9ria,\u00a0garantiremos\u00a0mais recursos para os aposentados, devolvendo a eles o que lhes \u00e9 de direito e movimentando a economia do pa\u00eds a partir da aquisi\u00e7\u00e3o de bens e servi\u00e7os essenciais. Por isso estamos trabalhando diariamente para o apensamento da PEC 6 \u00e0 PEC 555\/2006, que j\u00e1 est\u00e1 pronta para vota\u00e7\u00e3o em Plen\u00e1rio\", afirmou o parlamentar.\r\n\r\nO 18\u00ba Encontro Nacional dos Servidores P\u00fablicos Aposentados e Pensionistas contou com o apoio do SINPROFAZ e das demais entidades integrantes do\u00a0Movimento Nacional dos Servidores P\u00fablicos Aposentados e Pensionistas - Instituto MOSAP. Na pessoa do presidente do Instituto,\u00a0Edison Haubert, o SINPROFAZ parabeniza pela iniciativa do Encontro e reitera a disposi\u00e7\u00e3o para a luta conjunta em prol dos temas priorit\u00e1rios para aposentados e pensionistas, com destaque para as pautas de maior interesse de filiadas e filiados. O trabalho pelo apensamento das PECs segue firme no Congresso e nas bases!\r\n\r\n[gallery link=\"file\" ids=\"18914,18915\"]","_links":{"self":[{"href":"https:\/\/sinprofaz.org.br\/2024\/wp-json\/wp\/v2\/posts\/18912"}],"collection":[{"href":"https:\/\/sinprofaz.org.br\/2024\/wp-json\/wp\/v2\/posts"}],"about":[{"href":"https:\/\/sinprofaz.org.br\/2024\/wp-json\/wp\/v2\/types\/post"}],"author":[{"embeddable":true,"href":"https:\/\/sinprofaz.org.br\/2024\/wp-json\/wp\/v2\/users\/2"}],"replies":[{"embeddable":true,"href":"https:\/\/sinprofaz.org.br\/2024\/wp-json\/wp\/v2\/comments?post=18912"}],"version-history":[{"count":2,"href":"https:\/\/sinprofaz.org.br\/2024\/wp-json\/wp\/v2\/posts\/18912\/revisions"}],"predecessor-version":[{"id":18920,"href":"https:\/\/sinprofaz.org.br\/2024\/wp-json\/wp\/v2\/posts\/18912\/revisions\/18920"}],"wp:featuredmedia":[{"embeddable":true,"href":"https:\/\/sinprofaz.org.br\/2024\/wp-json\/wp\/v2\/media\/18913"}],"wp:attachment":[{"href":"https:\/\/sinprofaz.org.br\/2024\/wp-json\/wp\/v2\/media?parent=18912"}],"wp:term":[{"taxonomy":"category","embeddable":true,"href":"https:\/\/sinprofaz.org.br\/2024\/wp-json\/wp\/v2\/categories?post=18912"},{"taxonomy":"post_tag","embeddable":true,"href":"https:\/\/sinprofaz.org.br\/2024\/wp-json\/wp\/v2\/tags?post=18912"}],"curies":[{"name":"wp","href":"https:\/\/api.w.org\/{rel}","templated":true}]}}