{"id":1891,"date":"2014-09-01T18:12:35","date_gmt":"2014-09-01T18:12:35","guid":{"rendered":""},"modified":"-0001-11-30T00:00:00","modified_gmt":"-0001-11-30T03:00:00","slug":"honorarios-materia-esta-na-pauta-da-cft","status":"publish","type":"post","link":"https:\/\/sinprofaz.org.br\/2024\/noticias\/honorarios-materia-esta-na-pauta-da-cft\/","title":{"rendered":"Honor\u00e1rios: mat\u00e9ria est\u00e1 na pauta da CFT"},"content":{"rendered":"<p>A Comiss\u00e3o de Finan\u00e7as e Tributa\u00e7\u00e3o da C\u00e2mara vai se reunir na pr\u00f3xima quarta-feira, 3\/9, \u00e0s 10h15. Entre os itens em pauta est\u00e1 o Projeto de Lei 2.279\/2011, que obriga o pagamento de honor\u00e1rios de sucumb\u00eancia aos advogados p\u00fablicos, alterando a Lei n\u00ba 8.906, de 4 de julho de 1994, est\u00e1 na pauta da pr\u00f3xima reuni\u00e3o da Comiss\u00e3o de Finan\u00e7as e Tributa\u00e7\u00e3o da C\u00e2mara.<\/p>\n<p>Na reuni\u00e3o, os deputados podem votar o parecer do relator, deputado Andr\u00e9 Figueiredo (PDT-CE), que se posicionou pela aprova\u00e7\u00e3o do projeto.<\/p>\n","protected":false},"excerpt":{"rendered":"<p>Em semana de esfor\u00e7o concentrado, projeto de honor\u00e1rios de sucumb\u00eancia de advogados p\u00fablicos est\u00e1 na pauta da reuni\u00e3o da Comiss\u00e3o de Finan\u00e7as e Tributa\u00e7\u00e3o da C\u00e2mara.<\/p>\n","protected":false},"author":1,"featured_media":0,"comment_status":"closed","ping_status":"open","sticky":false,"template":"","format":"standard","meta":{"footnotes":""},"categories":[8],"tags":[],"featured_image_url":"https:\/\/dummyimage.com\/720x400","character_count":264,"formatted_date":"01\/09\/2014 - 18:12","contentNovo":"\r\n<p>A Comiss\u00e3o de Finan\u00e7as e Tributa\u00e7\u00e3o da C\u00e2mara vai se reunir na pr\u00f3xima quarta-feira, 3\/9, \u00e0s 10h15. Entre os itens em pauta est\u00e1 o Projeto de Lei 2.279\/2011, que obriga o pagamento de honor\u00e1rios de sucumb\u00eancia aos advogados p\u00fablicos, alterando a Lei n\u00ba 8.906, de 4 de julho de 1994, est\u00e1 na pauta da pr\u00f3xima reuni\u00e3o da Comiss\u00e3o de Finan\u00e7as e Tributa\u00e7\u00e3o da C\u00e2mara.<\/p>\r\n<p>Na reuni\u00e3o, os deputados podem votar o parecer do relator, deputado Andr\u00e9 Figueiredo (PDT-CE), que se posicionou pela aprova\u00e7\u00e3o do projeto.<\/p>","_links":{"self":[{"href":"https:\/\/sinprofaz.org.br\/2024\/wp-json\/wp\/v2\/posts\/1891"}],"collection":[{"href":"https:\/\/sinprofaz.org.br\/2024\/wp-json\/wp\/v2\/posts"}],"about":[{"href":"https:\/\/sinprofaz.org.br\/2024\/wp-json\/wp\/v2\/types\/post"}],"author":[{"embeddable":true,"href":"https:\/\/sinprofaz.org.br\/2024\/wp-json\/wp\/v2\/users\/1"}],"replies":[{"embeddable":true,"href":"https:\/\/sinprofaz.org.br\/2024\/wp-json\/wp\/v2\/comments?post=1891"}],"version-history":[{"count":0,"href":"https:\/\/sinprofaz.org.br\/2024\/wp-json\/wp\/v2\/posts\/1891\/revisions"}],"wp:attachment":[{"href":"https:\/\/sinprofaz.org.br\/2024\/wp-json\/wp\/v2\/media?parent=1891"}],"wp:term":[{"taxonomy":"category","embeddable":true,"href":"https:\/\/sinprofaz.org.br\/2024\/wp-json\/wp\/v2\/categories?post=1891"},{"taxonomy":"post_tag","embeddable":true,"href":"https:\/\/sinprofaz.org.br\/2024\/wp-json\/wp\/v2\/tags?post=1891"}],"curies":[{"name":"wp","href":"https:\/\/api.w.org\/{rel}","templated":true}]}}