{"id":18908,"date":"2024-10-15T10:31:28","date_gmt":"2024-10-15T13:31:28","guid":{"rendered":"https:\/\/sinprofaz.org.br\/2024\/?p=18908"},"modified":"2024-10-15T10:32:19","modified_gmt":"2024-10-15T13:32:19","slug":"eleitos-os-novos-integrantes-das-delegacias-sindicais-e-da-comissao-de-atuacao-parlamentar","status":"publish","type":"post","link":"https:\/\/sinprofaz.org.br\/2024\/noticias\/eleitos-os-novos-integrantes-das-delegacias-sindicais-e-da-comissao-de-atuacao-parlamentar\/","title":{"rendered":"ELEITOS OS NOVOS INTEGRANTES DAS DELEGACIAS SINDICAIS E DA COMISS\u00c3O DE ATUA\u00c7\u00c3O PARLAMENTAR"},"content":{"rendered":"<p>O SINPROFAZ torna p\u00fablicos os nomes das Filiadas e dos Filiados que, a partir de agora, integram as Delegacias Sindicais e a\u00a0Comiss\u00e3o Permanente de Atua\u00e7\u00e3o Parlamentar (CPAP).<\/p>\n<p>Nem todos os estados receberam inscri\u00e7\u00f5es para Delegados Sindicais. Da mesma forma, apesar de o\u00a0SINPROFAZ ter promovido o relan\u00e7amento do Edital e estendido o prazo para a manifesta\u00e7\u00e3o dos Colegas, nem todas as regi\u00f5es tiveram PFNs interessados em compor a Comiss\u00e3o de Atua\u00e7\u00e3o Parlamentar.<\/p>\n<p>O Sindicato lembra que, al\u00e9m de contar com os Colegas abaixo nomeados, a Comiss\u00e3o tamb\u00e9m ser\u00e1 formada pelos Delegados Sindicais, sempre sob a coordena\u00e7\u00e3o da Presidente do SINPROFAZ.<\/p>\n<p><strong>Confira, ent\u00e3o, os nomes dos Colegas que passam a integrar a CPAP:<\/strong><\/p>\n<p><strong>1\u00aa Regi\u00e3o<br \/>\n<\/strong>Jos\u00e9 P\u00e9ricles Pereira de Sousa (titular)<br \/>\nJo\u00e3o Gabriel Moreira Cavalleiro de Macedo Ribeiro (suplente)<\/p>\n<p><strong>3\u00aa Regi\u00e3o<br \/>\n<\/strong>Fernanda Gomes de Oliveira (titular)<\/p>\n<p><strong>4\u00aa Regi\u00e3o<br \/>\n<\/strong>Francisco Jos\u00e9 Tarso de Saboia (titular)<\/p>\n<p><strong>5\u00aa Regi\u00e3o<br \/>\n<\/strong>Yuri Excalibur de Ara\u00fajo Pereira (titular)<br \/>\nDanielle Mendes Pinheiro (suplente)<br \/>\nNelson Edson da Concei\u00e7\u00e3o J\u00fanior (titular)<br \/>\nPaulo Lins de Souza Times (suplente)<\/p>\n<p><strong>6\u00aa Regi\u00e3o<br \/>\n<\/strong>Daniel Giotti de Paula (titular)<\/p>\n<p><strong>Representantes dos Aposentados<br \/>\n<\/strong>Samuel da Silva Mattos (titular)<br \/>\nCarlos Alberto Scheidt (suplente)<\/p>\n<p><strong>Confira tamb\u00e9m os nomes dos novos Delegados Sindicais:<br \/>\n<\/strong><a href=\"https:\/\/sinprofaz.org.br\/2024\/institucional\/delegacias-sindicais\/\" target=\"_blank\" rel=\"noopener\">https:\/\/sinprofaz.org.br\/2024\/institucional\/delegacias-sindicais\/<\/a><\/p>\n<p>&nbsp;<\/p>\n<p><strong>O SINPROFAZ destaca, ainda, os nomes eleitos para a\u00a0Comiss\u00e3o Tempor\u00e1ria de Mobiliza\u00e7\u00e3o:<\/strong><\/p>\n<p><strong>TITULARES<br \/>\n<\/strong>Maria Aparecida Silva<br \/>\nPaulo Roberto Fernandes Gon\u00e7alves<br \/>\nRafael Carlos Cruz de Oliveira<br \/>\nRodrigo Oliveira Mellet<br \/>\nThaisa Juliana Sousa Ribeiro<br \/>\nVal\u00e9ria Gomes Ferreira<\/p>\n<p><strong>SUPLENTES<br \/>\n<\/strong>Carlos Alexandre Dias Torres<br \/>\nDaniella Fialho Saraiva Salgado<\/p>\n<p><!-- notionvc: 3d44de24-a3eb-42e6-af2d-3e0097467f62 --><\/p>\n","protected":false},"excerpt":{"rendered":"<p>O SINPROFAZ torna p\u00fablicos os nomes das Filiadas e dos Filiados que, a partir de agora, integram as Delegacias Sindicais e a Comiss\u00e3o Permanente de Atua\u00e7\u00e3o Parlamentar (CPAP). Acesse e confira!<\/p>\n","protected":false},"author":2,"featured_media":0,"comment_status":"open","ping_status":"open","sticky":false,"template":"","format":"standard","meta":{"footnotes":""},"categories":[8],"tags":[32,93,146,25],"featured_image_url":"https:\/\/dummyimage.com\/720x400","character_count":872,"formatted_date":"15\/10\/2024 - 10:31","contentNovo":"O SINPROFAZ torna p\u00fablicos os nomes das Filiadas e dos Filiados que, a partir de agora, integram as Delegacias Sindicais e a\u00a0Comiss\u00e3o Permanente de Atua\u00e7\u00e3o Parlamentar (CPAP).\r\n\r\nNem todos os estados receberam inscri\u00e7\u00f5es para Delegados Sindicais. Da mesma forma, apesar de o\u00a0SINPROFAZ ter promovido o relan\u00e7amento do Edital e estendido o prazo para a manifesta\u00e7\u00e3o dos Colegas, nem todas as regi\u00f5es tiveram PFNs interessados em compor a Comiss\u00e3o de Atua\u00e7\u00e3o Parlamentar.\r\n\r\nO Sindicato lembra que, al\u00e9m de contar com os Colegas abaixo nomeados, a Comiss\u00e3o tamb\u00e9m ser\u00e1 formada pelos Delegados Sindicais, sempre sob a coordena\u00e7\u00e3o da Presidente do SINPROFAZ.\r\n\r\n<strong>Confira, ent\u00e3o, os nomes dos Colegas que passam a integrar a CPAP:<\/strong>\r\n\r\n<strong>1\u00aa Regi\u00e3o\r\n<\/strong>Jos\u00e9 P\u00e9ricles Pereira de Sousa (titular)\r\nJo\u00e3o Gabriel Moreira Cavalleiro de Macedo Ribeiro (suplente)\r\n\r\n<strong>3\u00aa Regi\u00e3o\r\n<\/strong>Fernanda Gomes de Oliveira (titular)\r\n\r\n<strong>4\u00aa Regi\u00e3o\r\n<\/strong>Francisco Jos\u00e9 Tarso de Saboia (titular)\r\n\r\n<strong>5\u00aa Regi\u00e3o\r\n<\/strong>Yuri Excalibur de Ara\u00fajo Pereira (titular)\r\nDanielle Mendes Pinheiro (suplente)\r\nNelson Edson da Concei\u00e7\u00e3o J\u00fanior (titular)\r\nPaulo Lins de Souza Times (suplente)\r\n\r\n<strong>6\u00aa Regi\u00e3o\r\n<\/strong>Daniel Giotti de Paula (titular)\r\n\r\n<strong>Representantes dos Aposentados\r\n<\/strong>Samuel da Silva Mattos (titular)\r\nCarlos Alberto Scheidt (suplente)\r\n\r\n<strong>Confira tamb\u00e9m os nomes dos novos Delegados Sindicais:\r\n<\/strong><a href=\"https:\/\/sinprofaz.org.br\/2024\/institucional\/delegacias-sindicais\/\" target=\"_blank\" rel=\"noopener\">https:\/\/sinprofaz.org.br\/2024\/institucional\/delegacias-sindicais\/<\/a>\r\n\r\n&nbsp;\r\n\r\n<strong>O SINPROFAZ destaca, ainda, os nomes eleitos para a\u00a0Comiss\u00e3o Tempor\u00e1ria de Mobiliza\u00e7\u00e3o:<\/strong>\r\n\r\n<strong>TITULARES\r\n<\/strong>Maria Aparecida Silva\r\nPaulo Roberto Fernandes Gon\u00e7alves\r\nRafael Carlos Cruz de Oliveira\r\nRodrigo Oliveira Mellet\r\nThaisa Juliana Sousa Ribeiro\r\nVal\u00e9ria Gomes Ferreira\r\n\r\n<strong>SUPLENTES\r\n<\/strong>Carlos Alexandre Dias Torres\r\nDaniella Fialho Saraiva Salgado\r\n\r\n","_links":{"self":[{"href":"https:\/\/sinprofaz.org.br\/2024\/wp-json\/wp\/v2\/posts\/18908"}],"collection":[{"href":"https:\/\/sinprofaz.org.br\/2024\/wp-json\/wp\/v2\/posts"}],"about":[{"href":"https:\/\/sinprofaz.org.br\/2024\/wp-json\/wp\/v2\/types\/post"}],"author":[{"embeddable":true,"href":"https:\/\/sinprofaz.org.br\/2024\/wp-json\/wp\/v2\/users\/2"}],"replies":[{"embeddable":true,"href":"https:\/\/sinprofaz.org.br\/2024\/wp-json\/wp\/v2\/comments?post=18908"}],"version-history":[{"count":2,"href":"https:\/\/sinprofaz.org.br\/2024\/wp-json\/wp\/v2\/posts\/18908\/revisions"}],"predecessor-version":[{"id":18910,"href":"https:\/\/sinprofaz.org.br\/2024\/wp-json\/wp\/v2\/posts\/18908\/revisions\/18910"}],"wp:attachment":[{"href":"https:\/\/sinprofaz.org.br\/2024\/wp-json\/wp\/v2\/media?parent=18908"}],"wp:term":[{"taxonomy":"category","embeddable":true,"href":"https:\/\/sinprofaz.org.br\/2024\/wp-json\/wp\/v2\/categories?post=18908"},{"taxonomy":"post_tag","embeddable":true,"href":"https:\/\/sinprofaz.org.br\/2024\/wp-json\/wp\/v2\/tags?post=18908"}],"curies":[{"name":"wp","href":"https:\/\/api.w.org\/{rel}","templated":true}]}}