{"id":18889,"date":"2024-10-08T10:02:56","date_gmt":"2024-10-08T13:02:56","guid":{"rendered":"https:\/\/sinprofaz.org.br\/2024\/?p=18889"},"modified":"2024-10-08T10:02:56","modified_gmt":"2024-10-08T13:02:56","slug":"sinprofaz-convoca-eleicoes-para-as-delegacias-sindicais","status":"publish","type":"post","link":"https:\/\/sinprofaz.org.br\/2024\/noticias\/sinprofaz-convoca-eleicoes-para-as-delegacias-sindicais\/","title":{"rendered":"SINPROFAZ CONVOCA ELEI\u00c7\u00d5ES PARA AS DELEGACIAS SINDICAIS"},"content":{"rendered":"<p>O SINPROFAZ torna p\u00fablico o Edital n.\u00ba 4 de 2024, por meio do qual convoca elei\u00e7\u00f5es gerais para as Delegacias Sindicais.<\/p>\n<p>As Delegadas e os Delegados atuar\u00e3o como representantes das respectivas bases junto \u00e0 Diretoria do SINPROFAZ. Conforme o Estatuto, compete aos Delegados promover o interc\u00e2mbio entre os filiados e os dirigentes do Sindicato, com o prop\u00f3sito de alinhar interesses e objetivos institucionais.<\/p>\n<p>O mandato dos Delegados Sindicais ser\u00e1 de um ano, sendo permitida a recondu\u00e7\u00e3o. As vagas dispon\u00edveis contemplar\u00e3o tanto os Estados quanto as Unidades Virtuais, para Delegados Sindicais titulares e suplentes. Ser\u00e3o eleitos, ainda, dois Delegados Sindicais (titular e suplente) representantes dos Aposentados. Para a elei\u00e7\u00e3o da dupla, apenas as filiadas e os filiados Aposentados estar\u00e3o aptos a votar.<\/p>\n<p><strong>As inscri\u00e7\u00f5es ocorrer\u00e3o no per\u00edodo de 8 a 14 de outubro de 2024 (terminando \u00e0s 18h do dia 14), mediante simples comunica\u00e7\u00e3o encaminhada ao e-mail\u00a0<a href=\"mailto:secretaria@sinprofaz.org.br\">secretaria@sinprofaz.org.br<\/a>\u00a0com o assunto \u201cDelegado Sindical\u201d. A mensagem via e-mail dever\u00e1 conter os nomes dos filiados interessados (titular e suplente) e o Estado\/Unidade Virtual a ser representado, ou, se for o caso, o desejo de concorrer \u00e0 vaga de representa\u00e7\u00e3o dos Aposentados.<\/strong><\/p>\n<p>Participe! Acesse o Edital e saiba mais:\u00a0<a href=\"https:\/\/bit.ly\/DelegaciasSindicais\" target=\"_blank\" rel=\"noopener\">https:\/\/bit.ly\/DelegaciasSindicais<\/a><\/p>\n<p><!-- notionvc: 39e08c33-563c-448f-82fd-93a585dee508 --><\/p>\n","protected":false},"excerpt":{"rendered":"<p>As Delegadas e os Delegados Sindicais atuar\u00e3o como representantes das respectivas bases junto \u00e0 Diretoria do SINPROFAZ. Conforme o Estatuto, compete aos Delegados promover o interc\u00e2mbio entre os filiados e os dirigentes do Sindicato, com o prop\u00f3sito de alinhar interesses e objetivos institucionais.<\/p>\n","protected":false},"author":2,"featured_media":0,"comment_status":"open","ping_status":"open","sticky":false,"template":"","format":"standard","meta":{"footnotes":""},"categories":[8],"tags":[32,93,146,25],"featured_image_url":"https:\/\/dummyimage.com\/720x400","character_count":677,"formatted_date":"08\/10\/2024 - 10:02","contentNovo":"O SINPROFAZ torna p\u00fablico o Edital n.\u00ba 4 de 2024, por meio do qual convoca elei\u00e7\u00f5es gerais para as Delegacias Sindicais.\r\n\r\nAs Delegadas e os Delegados atuar\u00e3o como representantes das respectivas bases junto \u00e0 Diretoria do SINPROFAZ. Conforme o Estatuto, compete aos Delegados promover o interc\u00e2mbio entre os filiados e os dirigentes do Sindicato, com o prop\u00f3sito de alinhar interesses e objetivos institucionais.\r\n\r\nO mandato dos Delegados Sindicais ser\u00e1 de um ano, sendo permitida a recondu\u00e7\u00e3o. As vagas dispon\u00edveis contemplar\u00e3o tanto os Estados quanto as Unidades Virtuais, para Delegados Sindicais titulares e suplentes. Ser\u00e3o eleitos, ainda, dois Delegados Sindicais (titular e suplente) representantes dos Aposentados. Para a elei\u00e7\u00e3o da dupla, apenas as filiadas e os filiados Aposentados estar\u00e3o aptos a votar.\r\n\r\n<strong>As inscri\u00e7\u00f5es ocorrer\u00e3o no per\u00edodo de 8 a 14 de outubro de 2024 (terminando \u00e0s 18h do dia 14), mediante simples comunica\u00e7\u00e3o encaminhada ao e-mail\u00a0<a href=\"mailto:secretaria@sinprofaz.org.br\">secretaria@sinprofaz.org.br<\/a>\u00a0com o assunto \u201cDelegado Sindical\u201d. A mensagem via e-mail dever\u00e1 conter os nomes dos filiados interessados (titular e suplente) e o Estado\/Unidade Virtual a ser representado, ou, se for o caso, o desejo de concorrer \u00e0 vaga de representa\u00e7\u00e3o dos Aposentados.<\/strong>\r\n\r\nParticipe! Acesse o Edital e saiba mais:\u00a0<a href=\"https:\/\/bit.ly\/DelegaciasSindicais\" target=\"_blank\" rel=\"noopener\">https:\/\/bit.ly\/DelegaciasSindicais<\/a>\r\n\r\n","_links":{"self":[{"href":"https:\/\/sinprofaz.org.br\/2024\/wp-json\/wp\/v2\/posts\/18889"}],"collection":[{"href":"https:\/\/sinprofaz.org.br\/2024\/wp-json\/wp\/v2\/posts"}],"about":[{"href":"https:\/\/sinprofaz.org.br\/2024\/wp-json\/wp\/v2\/types\/post"}],"author":[{"embeddable":true,"href":"https:\/\/sinprofaz.org.br\/2024\/wp-json\/wp\/v2\/users\/2"}],"replies":[{"embeddable":true,"href":"https:\/\/sinprofaz.org.br\/2024\/wp-json\/wp\/v2\/comments?post=18889"}],"version-history":[{"count":1,"href":"https:\/\/sinprofaz.org.br\/2024\/wp-json\/wp\/v2\/posts\/18889\/revisions"}],"predecessor-version":[{"id":18890,"href":"https:\/\/sinprofaz.org.br\/2024\/wp-json\/wp\/v2\/posts\/18889\/revisions\/18890"}],"wp:attachment":[{"href":"https:\/\/sinprofaz.org.br\/2024\/wp-json\/wp\/v2\/media?parent=18889"}],"wp:term":[{"taxonomy":"category","embeddable":true,"href":"https:\/\/sinprofaz.org.br\/2024\/wp-json\/wp\/v2\/categories?post=18889"},{"taxonomy":"post_tag","embeddable":true,"href":"https:\/\/sinprofaz.org.br\/2024\/wp-json\/wp\/v2\/tags?post=18889"}],"curies":[{"name":"wp","href":"https:\/\/api.w.org\/{rel}","templated":true}]}}