{"id":18880,"date":"2024-10-07T16:18:31","date_gmt":"2024-10-07T19:18:31","guid":{"rendered":"https:\/\/sinprofaz.org.br\/2024\/?p=18880"},"modified":"2024-10-08T10:55:46","modified_gmt":"2024-10-08T13:55:46","slug":"sinprofaz-conclui-campanha-vitoriosa-em-beneficio-dos-pfns","status":"publish","type":"post","link":"https:\/\/sinprofaz.org.br\/2024\/noticias\/sinprofaz-conclui-campanha-vitoriosa-em-beneficio-dos-pfns\/","title":{"rendered":"SINPROFAZ CONCLUI CAMPANHA VITORIOSA EM BENEF\u00cdCIO DOS PFNS"},"content":{"rendered":"<p>Esta segunda-feira, 7 de outubro, marca a\u00a0conclus\u00e3o da longa e exaustiva negocia\u00e7\u00e3o travada, com a media\u00e7\u00e3o da AGU, entre as entidades representativas e o Minist\u00e9rio da Gest\u00e3o e da Inova\u00e7\u00e3o em Servi\u00e7os P\u00fablicos (MGI). Apesar de demasiadamente demoradas, as tratativas tiveram um desfecho positivo: foi assinado hoje o acordo que garantiu o reajuste gradual, em duas etapas, para todos os Membros da Advocacia-Geral da Uni\u00e3o! A boa not\u00edcia simboliza, ent\u00e3o, o t\u00e9rmino da vitoriosa\u00a0campanha empreendida, com obstina\u00e7\u00e3o e altivez, pelos dirigentes do SINPROFAZ.<\/p>\n<p>Em alinhamento com a gest\u00e3o da Advocacia-Geral da Uni\u00e3o e da Procuradoria-Geral da Fazenda Nacional, o Sindicato construiu as pontes para que o reajuste fosse finalmente consolidado. As tratativas para a conquista tiveram in\u00edcio no come\u00e7o do atual Governo e n\u00e3o foram f\u00e1ceis.\u00a0Defini\u00e7\u00e3o de estrat\u00e9gias, compartilhamento de informa\u00e7\u00f5es, interlocu\u00e7\u00e3o pol\u00edtica e reuni\u00f5es com atores-chave fizeram e fazem parte do dia a dia do SINPROFAZ, que h\u00e1 anos vem liderando as mais importantes lutas da Advocacia P\u00fablica Federal. A serenidade e o di\u00e1logo foram, mais uma vez, decisivos para a vit\u00f3ria.<\/p>\n<p>&#8220;O Sindicato n\u00e3o descansou desde o in\u00edcio das negocia\u00e7\u00f5es. Muitas foram as reuni\u00f5es e trocas de mensagens que ditaram os rumos do debate. As entidades do F\u00f3rum Nacional da Advocacia P\u00fablica Federal &#8211; quais sejam, SINPROFAZ, ANAUNI, ANAJUR e ANPPREV &#8211; atuaram incansavelmente durante o \u00e1rduo processo e, por isso, saem dessa luta muito mais fortalecidas. A vit\u00f3ria de hoje se soma \u00e0s demais que, com independ\u00eancia, confian\u00e7a e dignidade, o SINPROFAZ teve a honra de conquistar ao longo dos mais de trinta anos de hist\u00f3ria&#8221;, afirmou a presidente Iolanda Guindani.<\/p>\n<p><strong>Enquete<br \/>\n<\/strong>Na \u00faltima sexta-feira (4), filiadas e filiados participaram de uma enquete convocada pelo SINPROFAZ. Na consulta, a Carreira votou pela ades\u00e3o \u00e0 proposta do MGI de recomposi\u00e7\u00e3o remunerat\u00f3ria: 65,3% dos PFNs manifestaram concord\u00e2ncia com o percentual de reajuste e as condi\u00e7\u00f5es apresentadas pelo Governo Federal. O acordo salarial assinado, portanto, reflete a vontade da maioria e vai ao encontro dos princ\u00edpios democr\u00e1tico e republicano que sempre orientaram a atua\u00e7\u00e3o sindical. Hoje, o sentimento da Diretoria \u00e9 de dever cumprido e de gratid\u00e3o aos Colegas pela confian\u00e7a depositada.<\/p>\n<p>A luta, entretanto, nunca cessa. Sigamos adiante, e unidos, rumo \u00e0s pr\u00f3ximas batalhas e aos futuros \u00eaxitos!<\/p>\n\n\t\t<style type=\"text\/css\">\n\t\t\t#gallery-1 {\n\t\t\t\tmargin: auto;\n\t\t\t}\n\t\t\t#gallery-1 .gallery-item {\n\t\t\t\tfloat: left;\n\t\t\t\tmargin-top: 10px;\n\t\t\t\ttext-align: center;\n\t\t\t\twidth: 33%;\n\t\t\t}\n\t\t\t#gallery-1 img {\n\t\t\t\tborder: 2px solid #cfcfcf;\n\t\t\t}\n\t\t\t#gallery-1 .gallery-caption {\n\t\t\t\tmargin-left: 0;\n\t\t\t}\n\t\t\t\/* see gallery_shortcode() in wp-includes\/media.php *\/\n\t\t<\/style>\n\t\t<div id='gallery-1' class='gallery galleryid-18880 gallery-columns-3 gallery-size-thumbnail'><dl class='gallery-item'>\n\t\t\t<dt class='gallery-icon landscape'>\n\t\t\t\t<a href='https:\/\/sinprofaz.org.br\/2024\/wp-content\/uploads\/2024\/10\/2.png'><img loading=\"lazy\" decoding=\"async\" width=\"150\" height=\"150\" src=\"https:\/\/sinprofaz.org.br\/2024\/wp-content\/uploads\/2024\/10\/2-150x150.png\" class=\"attachment-thumbnail size-thumbnail\" alt=\"\" \/><\/a>\n\t\t\t<\/dt><\/dl><dl class='gallery-item'>\n\t\t\t<dt class='gallery-icon landscape'>\n\t\t\t\t<a href='https:\/\/sinprofaz.org.br\/2024\/wp-content\/uploads\/2024\/10\/3.png'><img loading=\"lazy\" decoding=\"async\" width=\"150\" height=\"150\" src=\"https:\/\/sinprofaz.org.br\/2024\/wp-content\/uploads\/2024\/10\/3-150x150.png\" class=\"attachment-thumbnail size-thumbnail\" alt=\"\" \/><\/a>\n\t\t\t<\/dt><\/dl><dl class='gallery-item'>\n\t\t\t<dt class='gallery-icon landscape'>\n\t\t\t\t<a href='https:\/\/sinprofaz.org.br\/2024\/wp-content\/uploads\/2024\/10\/4.png'><img loading=\"lazy\" decoding=\"async\" width=\"150\" height=\"150\" src=\"https:\/\/sinprofaz.org.br\/2024\/wp-content\/uploads\/2024\/10\/4-150x150.png\" class=\"attachment-thumbnail size-thumbnail\" alt=\"\" \/><\/a>\n\t\t\t<\/dt><\/dl><br style=\"clear: both\" \/><dl class='gallery-item'>\n\t\t\t<dt class='gallery-icon landscape'>\n\t\t\t\t<a href='https:\/\/sinprofaz.org.br\/2024\/wp-content\/uploads\/2024\/10\/5.png'><img loading=\"lazy\" decoding=\"async\" width=\"150\" height=\"150\" src=\"https:\/\/sinprofaz.org.br\/2024\/wp-content\/uploads\/2024\/10\/5-150x150.png\" class=\"attachment-thumbnail size-thumbnail\" alt=\"\" \/><\/a>\n\t\t\t<\/dt><\/dl><dl class='gallery-item'>\n\t\t\t<dt class='gallery-icon landscape'>\n\t\t\t\t<a href='https:\/\/sinprofaz.org.br\/2024\/wp-content\/uploads\/2024\/10\/6.png'><img loading=\"lazy\" decoding=\"async\" width=\"150\" height=\"150\" src=\"https:\/\/sinprofaz.org.br\/2024\/wp-content\/uploads\/2024\/10\/6-150x150.png\" class=\"attachment-thumbnail size-thumbnail\" alt=\"\" \/><\/a>\n\t\t\t<\/dt><\/dl>\n\t\t\t<br style='clear: both' \/>\n\t\t<\/div>\n\n<p><!-- notionvc: b23cef66-51ce-4117-acb1-6679722ddace --><\/p>\n","protected":false},"excerpt":{"rendered":"<p>Esta segunda-feira, 7 de outubro, marca a conclus\u00e3o da longa e exaustiva negocia\u00e7\u00e3o travada, com a media\u00e7\u00e3o da Advocacia-Geral da Uni\u00e3o, entre as entidades representativas e o Minist\u00e9rio da Gest\u00e3o e da Inova\u00e7\u00e3o em Servi\u00e7os P\u00fablicos (MGI). Apesar de demasiadamente demoradas, as tratativas tiveram um desfecho positivo.<\/p>\n","protected":false},"author":2,"featured_media":18881,"comment_status":"open","ping_status":"open","sticky":false,"template":"","format":"standard","meta":{"footnotes":""},"categories":[8],"tags":[43,220,25],"featured_image_url":"https:\/\/sinprofaz.org.br\/2024\/wp-content\/uploads\/2024\/10\/1.png","character_count":1457,"formatted_date":"07\/10\/2024 - 16:18","contentNovo":"Esta segunda-feira, 7 de outubro, marca a\u00a0conclus\u00e3o da longa e exaustiva negocia\u00e7\u00e3o travada, com a media\u00e7\u00e3o da AGU, entre as entidades representativas e o Minist\u00e9rio da Gest\u00e3o e da Inova\u00e7\u00e3o em Servi\u00e7os P\u00fablicos (MGI). Apesar de demasiadamente demoradas, as tratativas tiveram um desfecho positivo: foi assinado hoje o acordo que garantiu o reajuste gradual, em duas etapas, para todos os Membros da Advocacia-Geral da Uni\u00e3o! A boa not\u00edcia simboliza, ent\u00e3o, o t\u00e9rmino da vitoriosa\u00a0campanha empreendida, com obstina\u00e7\u00e3o e altivez, pelos dirigentes do SINPROFAZ.\r\n\r\nEm alinhamento com a gest\u00e3o da Advocacia-Geral da Uni\u00e3o e da Procuradoria-Geral da Fazenda Nacional, o Sindicato construiu as pontes para que o reajuste fosse finalmente consolidado. As tratativas para a conquista tiveram in\u00edcio no come\u00e7o do atual Governo e n\u00e3o foram f\u00e1ceis.\u00a0Defini\u00e7\u00e3o de estrat\u00e9gias, compartilhamento de informa\u00e7\u00f5es, interlocu\u00e7\u00e3o pol\u00edtica e reuni\u00f5es com atores-chave fizeram e fazem parte do dia a dia do SINPROFAZ, que h\u00e1 anos vem liderando as mais importantes lutas da Advocacia P\u00fablica Federal. A serenidade e o di\u00e1logo foram, mais uma vez, decisivos para a vit\u00f3ria.\r\n\r\n\"O Sindicato n\u00e3o descansou desde o in\u00edcio das negocia\u00e7\u00f5es. Muitas foram as reuni\u00f5es e trocas de mensagens que ditaram os rumos do debate. As entidades do F\u00f3rum Nacional da Advocacia P\u00fablica Federal - quais sejam, SINPROFAZ, ANAUNI, ANAJUR e ANPPREV - atuaram incansavelmente durante o \u00e1rduo processo e, por isso, saem dessa luta muito mais fortalecidas. A vit\u00f3ria de hoje se soma \u00e0s demais que, com independ\u00eancia, confian\u00e7a e dignidade, o SINPROFAZ teve a honra de conquistar ao longo dos mais de trinta anos de hist\u00f3ria\", afirmou a presidente Iolanda Guindani.\r\n\r\n<strong>Enquete\r\n<\/strong>Na \u00faltima sexta-feira (4), filiadas e filiados participaram de uma enquete convocada pelo SINPROFAZ. Na consulta, a Carreira votou pela ades\u00e3o \u00e0 proposta do MGI de recomposi\u00e7\u00e3o remunerat\u00f3ria: 65,3% dos PFNs manifestaram concord\u00e2ncia com o percentual de reajuste e as condi\u00e7\u00f5es apresentadas pelo Governo Federal. O acordo salarial assinado, portanto, reflete a vontade da maioria e vai ao encontro dos princ\u00edpios democr\u00e1tico e republicano que sempre orientaram a atua\u00e7\u00e3o sindical. Hoje, o sentimento da Diretoria \u00e9 de dever cumprido e de gratid\u00e3o aos Colegas pela confian\u00e7a depositada.\r\n\r\nA luta, entretanto, nunca cessa. Sigamos adiante, e unidos, rumo \u00e0s pr\u00f3ximas batalhas e aos futuros \u00eaxitos!\r\n\r\n[gallery link=\"file\" ids=\"18882,18883,18884,18885,18886\"]\r\n\r\n","_links":{"self":[{"href":"https:\/\/sinprofaz.org.br\/2024\/wp-json\/wp\/v2\/posts\/18880"}],"collection":[{"href":"https:\/\/sinprofaz.org.br\/2024\/wp-json\/wp\/v2\/posts"}],"about":[{"href":"https:\/\/sinprofaz.org.br\/2024\/wp-json\/wp\/v2\/types\/post"}],"author":[{"embeddable":true,"href":"https:\/\/sinprofaz.org.br\/2024\/wp-json\/wp\/v2\/users\/2"}],"replies":[{"embeddable":true,"href":"https:\/\/sinprofaz.org.br\/2024\/wp-json\/wp\/v2\/comments?post=18880"}],"version-history":[{"count":2,"href":"https:\/\/sinprofaz.org.br\/2024\/wp-json\/wp\/v2\/posts\/18880\/revisions"}],"predecessor-version":[{"id":18892,"href":"https:\/\/sinprofaz.org.br\/2024\/wp-json\/wp\/v2\/posts\/18880\/revisions\/18892"}],"wp:featuredmedia":[{"embeddable":true,"href":"https:\/\/sinprofaz.org.br\/2024\/wp-json\/wp\/v2\/media\/18881"}],"wp:attachment":[{"href":"https:\/\/sinprofaz.org.br\/2024\/wp-json\/wp\/v2\/media?parent=18880"}],"wp:term":[{"taxonomy":"category","embeddable":true,"href":"https:\/\/sinprofaz.org.br\/2024\/wp-json\/wp\/v2\/categories?post=18880"},{"taxonomy":"post_tag","embeddable":true,"href":"https:\/\/sinprofaz.org.br\/2024\/wp-json\/wp\/v2\/tags?post=18880"}],"curies":[{"name":"wp","href":"https:\/\/api.w.org\/{rel}","templated":true}]}}