{"id":1888,"date":"2014-08-27T18:38:08","date_gmt":"2014-08-27T18:38:08","guid":{"rendered":""},"modified":"-0001-11-30T00:00:00","modified_gmt":"-0001-11-30T03:00:00","slug":"movimento-nacional-pela-advocacia-publica-presta-homenagem-ao-deputado-lelo-coimbra","status":"publish","type":"post","link":"https:\/\/sinprofaz.org.br\/2024\/noticias\/movimento-nacional-pela-advocacia-publica-presta-homenagem-ao-deputado-lelo-coimbra\/","title":{"rendered":"Movimento Nacional pela Advocacia P\u00fablica presta homenagem ao deputado Lelo Coimbra"},"content":{"rendered":"<p><img loading=\"lazy\" decoding=\"async\" style=\"margin-right: 10px; margin-bottom: 5px; float: left;\" alt=\"foto01\" src=\"images\/noticias\/movimento-nacional-pela-adv-publica-presta-homenagem-deputado-lelo-coimbra-082014\/foto01.jpg\" height=\"150\" width=\"200\" \/>Parlamentar cuja atua\u00e7\u00e3o prioriza as bandeiras da Advocacia P\u00fablica do Brasil, Lelo Coimbra foi o relator da PEC da Probidade na Comiss\u00e3o Especial da C\u00e2mara.<\/p>\n<p>O SINPROFAZ foi representado na solenidade pelo presidente Her\u00e1clio Camargo e pelo diretor&nbsp;Ernane&nbsp;Brito. O evento contou com a presen\u00e7a de entidades nacionais representativas da advocacia p\u00fablica federal, estadual e municipal.<\/p>\n<p><img loading=\"lazy\" decoding=\"async\" style=\"margin-left: 10px; margin-bottom: 5px; margin-top: 5px; float: right;\" alt=\"foto04\" src=\"images\/noticias\/movimento-nacional-pela-adv-publica-presta-homenagem-deputado-lelo-coimbra-082014\/foto04.jpg\" height=\"200\" width=\"200\" \/>O deputado Lelo Coimbra (PMDB-ES) \u00e9 um grande aliado da Advocacia P\u00fablica no Congresso Nacional. Foi decisiva a atua\u00e7\u00e3o do parlamentar, por exemplo, na relatoria da Comiss\u00e3o Especial da PEC 82\/2007. Al\u00e9m de emitir parecer favor\u00e1vel \u00e0 mat\u00e9ria, ele colaborou muito na articula\u00e7\u00e3o do acordo para aprova\u00e7\u00e3o do relat\u00f3rio no colegiado.<\/p>\n<p>Os deputados federais Paulo Foletto (PSB-ES) e C\u00e9sar Colnago (PSDB-ES), que apoiaram a PEC 82 na Comiss\u00e3o Especial, tamb\u00e9m foram justamente homenageados.<\/p>\n<p>A Colega Santuzza da Costa Pereira, ins\u00edgne diretora da ANAPE, liderou a organiza\u00e7\u00e3o do frutuoso encontro.<\/p>\n<p>A homenagem dos representantes sindicais e associativos traduz o reconhecimento pela atua\u00e7\u00e3o permanente de Lelo Coimbra com vistas \u00e0 estrutura\u00e7\u00e3o da Advocacia P\u00fablica, dotada de independ\u00eancia t\u00e9cnica e autonomia dimensionada para o fortalecimento do Estado Brasileiro.<\/p>\n<p style=\"text-align: center;\"><img loading=\"lazy\" decoding=\"async\" style=\"margin-left: 10px; margin-right: 5px;\" alt=\"foto02\" src=\"images\/noticias\/movimento-nacional-pela-adv-publica-presta-homenagem-deputado-lelo-coimbra-082014\/foto02.jpg\" height=\"150\" width=\"200\" \/><img loading=\"lazy\" decoding=\"async\" alt=\"foto03\" src=\"images\/noticias\/movimento-nacional-pela-adv-publica-presta-homenagem-deputado-lelo-coimbra-082014\/foto03.jpg\" height=\"150\" width=\"200\" \/><\/p>\n","protected":false},"excerpt":{"rendered":"<p>Parlamentar cuja atua\u00e7\u00e3o prioriza as bandeiras da Advocacia P\u00fablica do Brasil, Lelo Coimbra foi o relator da PEC da Probidade na Comiss\u00e3o Especial da C\u00e2mara.<\/p>\n","protected":false},"author":1,"featured_media":0,"comment_status":"closed","ping_status":"open","sticky":false,"template":"","format":"standard","meta":{"footnotes":""},"categories":[8],"tags":[],"featured_image_url":"https:\/\/dummyimage.com\/720x400","character_count":646,"formatted_date":"27\/08\/2014 - 18:38","contentNovo":"\r\n<p>Parlamentar cuja atua\u00e7\u00e3o prioriza as bandeiras da Advocacia P\u00fablica do Brasil, Lelo Coimbra foi o relator da PEC da Probidade na Comiss\u00e3o Especial da C\u00e2mara.<\/p>\r\n<p>O SINPROFAZ foi representado na solenidade pelo presidente Her\u00e1clio Camargo e pelo diretor&nbsp;Ernane&nbsp;Brito. O evento contou com a presen\u00e7a de entidades nacionais representativas da advocacia p\u00fablica federal, estadual e municipal.<\/p>\r\n<p>O deputado Lelo Coimbra (PMDB-ES) \u00e9 um grande aliado da Advocacia P\u00fablica no Congresso Nacional. Foi decisiva a atua\u00e7\u00e3o do parlamentar, por exemplo, na relatoria da Comiss\u00e3o Especial da PEC 82\/2007. Al\u00e9m de emitir parecer favor\u00e1vel \u00e0 mat\u00e9ria, ele colaborou muito na articula\u00e7\u00e3o do acordo para aprova\u00e7\u00e3o do relat\u00f3rio no colegiado.<\/p>\r\n<p>Os deputados federais Paulo Foletto (PSB-ES) e C\u00e9sar Colnago (PSDB-ES), que apoiaram a PEC 82 na Comiss\u00e3o Especial, tamb\u00e9m foram justamente homenageados.<\/p>\r\n<p>A Colega Santuzza da Costa Pereira, ins\u00edgne diretora da ANAPE, liderou a organiza\u00e7\u00e3o do frutuoso encontro.<\/p>\r\n<p>A homenagem dos representantes sindicais e associativos traduz o reconhecimento pela atua\u00e7\u00e3o permanente de Lelo Coimbra com vistas \u00e0 estrutura\u00e7\u00e3o da Advocacia P\u00fablica, dotada de independ\u00eancia t\u00e9cnica e autonomia dimensionada para o fortalecimento do Estado Brasileiro.<\/p>\r\n<p style=\"text-align: center;\"><\/p>","_links":{"self":[{"href":"https:\/\/sinprofaz.org.br\/2024\/wp-json\/wp\/v2\/posts\/1888"}],"collection":[{"href":"https:\/\/sinprofaz.org.br\/2024\/wp-json\/wp\/v2\/posts"}],"about":[{"href":"https:\/\/sinprofaz.org.br\/2024\/wp-json\/wp\/v2\/types\/post"}],"author":[{"embeddable":true,"href":"https:\/\/sinprofaz.org.br\/2024\/wp-json\/wp\/v2\/users\/1"}],"replies":[{"embeddable":true,"href":"https:\/\/sinprofaz.org.br\/2024\/wp-json\/wp\/v2\/comments?post=1888"}],"version-history":[{"count":0,"href":"https:\/\/sinprofaz.org.br\/2024\/wp-json\/wp\/v2\/posts\/1888\/revisions"}],"wp:attachment":[{"href":"https:\/\/sinprofaz.org.br\/2024\/wp-json\/wp\/v2\/media?parent=1888"}],"wp:term":[{"taxonomy":"category","embeddable":true,"href":"https:\/\/sinprofaz.org.br\/2024\/wp-json\/wp\/v2\/categories?post=1888"},{"taxonomy":"post_tag","embeddable":true,"href":"https:\/\/sinprofaz.org.br\/2024\/wp-json\/wp\/v2\/tags?post=1888"}],"curies":[{"name":"wp","href":"https:\/\/api.w.org\/{rel}","templated":true}]}}