{"id":18877,"date":"2024-10-07T10:28:04","date_gmt":"2024-10-07T13:28:04","guid":{"rendered":"https:\/\/sinprofaz.org.br\/2024\/?p=18877"},"modified":"2024-10-07T16:47:17","modified_gmt":"2024-10-07T19:47:17","slug":"sinprofaz-relanca-edital-para-eleicao-da-comissao-permanente-de-atuacao-parlamentar","status":"publish","type":"post","link":"https:\/\/sinprofaz.org.br\/2024\/noticias\/sinprofaz-relanca-edital-para-eleicao-da-comissao-permanente-de-atuacao-parlamentar\/","title":{"rendered":"SINPROFAZ RELAN\u00c7A EDITAL PARA ELEI\u00c7\u00c3O DA COMISS\u00c3O PERMANENTE DE ATUA\u00c7\u00c3O PARLAMENTAR"},"content":{"rendered":"<p>Diante da necessidade de atua\u00e7\u00e3o proativa da Carreira no Congresso Nacional, o Sindicato RELAN\u00c7A hoje o Edital n\u00ba 3\/2024, que institui a <strong>Comiss\u00e3o Permanente de Atua\u00e7\u00e3o Parlamentar &#8211; CPAP<\/strong>.<\/p>\n<p>A Comiss\u00e3o, coordenada pela Presidente do SINPROFAZ, ser\u00e1 composta por:<\/p>\n<p>&#8211; Delegados Sindicais;<br \/>\n&#8211; Dois (2) Procuradores da Fazenda Nacional (titular e suplente) representantes de cada uma das regi\u00f5es;<br \/>\n&#8211; Dois (2) Procuradores da Fazenda Nacional (titular e suplente) representantes dos colegas Aposentados.<\/p>\n<p><strong>As inscri\u00e7\u00f5es ocorrem no per\u00edodo de 7 a 14 de outubro<\/strong>\u00a0(com encerramento \u00e0s 18h do dia 14), mediante simples comunica\u00e7\u00e3o encaminhada ao e-mail\u00a0<a href=\"mailto:secretaria@sinprofaz.org.br\">secretaria@sinprofaz.org.br<\/a>\u00a0com o assunto &#8220;Atividade Parlamentar&#8221;. A mensagem via e-mail dever\u00e1 conter os nomes dos filiados interessados (titular e suplente) e a regi\u00e3o a ser representada, ou, se for o caso, o desejo de concorrer \u00e0 representa\u00e7\u00e3o dos colegas Aposentados. Aquelas e aqueles que j\u00e1 se inscreveram para concorrer \u00e0 elei\u00e7\u00e3o n\u00e3o precisam se inscrever novamente.<\/p>\n<p>Acesse o Edital e saiba mais sobre as atribui\u00e7\u00f5es da Comiss\u00e3o:\u00a0<a href=\"https:\/\/bit.ly\/EditalCPAP\" target=\"_blank\" rel=\"noopener\">https:\/\/bit.ly\/EditalCPAP<\/a><\/p>\n<p><!-- notionvc: 20233ced-9be8-43c0-804b-307e10182f45 --><\/p>\n","protected":false},"excerpt":{"rendered":"<p>As inscri\u00e7\u00f5es ocorrem no per\u00edodo de 7 a 14 de outubro (com encerramento \u00e0s 18h do dia 14), mediante simples comunica\u00e7\u00e3o encaminhada ao e-mail secretaria@sinprofaz.org.br com o assunto &#8220;Atividade Parlamentar&#8221;. Acesse o Edital e saiba mais!<\/p>\n","protected":false},"author":2,"featured_media":0,"comment_status":"open","ping_status":"open","sticky":false,"template":"","format":"standard","meta":{"footnotes":""},"categories":[8],"tags":[32,73,146,25],"featured_image_url":"https:\/\/dummyimage.com\/720x400","character_count":584,"formatted_date":"07\/10\/2024 - 10:28","contentNovo":"Diante da necessidade de atua\u00e7\u00e3o proativa da Carreira no Congresso Nacional, o Sindicato RELAN\u00c7A hoje o Edital n\u00ba 3\/2024, que institui a <strong>Comiss\u00e3o Permanente de Atua\u00e7\u00e3o Parlamentar - CPAP<\/strong>.\r\n\r\nA Comiss\u00e3o, coordenada pela Presidente do SINPROFAZ, ser\u00e1 composta por:\r\n\r\n- Delegados Sindicais;\r\n- Dois (2) Procuradores da Fazenda Nacional (titular e suplente) representantes de cada uma das regi\u00f5es;\r\n- Dois (2) Procuradores da Fazenda Nacional (titular e suplente) representantes dos colegas Aposentados.\r\n\r\n<strong>As inscri\u00e7\u00f5es ocorrem no per\u00edodo de 7 a 14 de outubro<\/strong>\u00a0(com encerramento \u00e0s 18h do dia 14), mediante simples comunica\u00e7\u00e3o encaminhada ao e-mail\u00a0<a href=\"mailto:secretaria@sinprofaz.org.br\">secretaria@sinprofaz.org.br<\/a>\u00a0com o assunto \"Atividade Parlamentar\". A mensagem via e-mail dever\u00e1 conter os nomes dos filiados interessados (titular e suplente) e a regi\u00e3o a ser representada, ou, se for o caso, o desejo de concorrer \u00e0 representa\u00e7\u00e3o dos colegas Aposentados. Aquelas e aqueles que j\u00e1 se inscreveram para concorrer \u00e0 elei\u00e7\u00e3o n\u00e3o precisam se inscrever novamente.\r\n\r\nAcesse o Edital e saiba mais sobre as atribui\u00e7\u00f5es da Comiss\u00e3o:\u00a0<a href=\"https:\/\/bit.ly\/EditalCPAP\" target=\"_blank\" rel=\"noopener\">https:\/\/bit.ly\/EditalCPAP<\/a>\r\n\r\n","_links":{"self":[{"href":"https:\/\/sinprofaz.org.br\/2024\/wp-json\/wp\/v2\/posts\/18877"}],"collection":[{"href":"https:\/\/sinprofaz.org.br\/2024\/wp-json\/wp\/v2\/posts"}],"about":[{"href":"https:\/\/sinprofaz.org.br\/2024\/wp-json\/wp\/v2\/types\/post"}],"author":[{"embeddable":true,"href":"https:\/\/sinprofaz.org.br\/2024\/wp-json\/wp\/v2\/users\/2"}],"replies":[{"embeddable":true,"href":"https:\/\/sinprofaz.org.br\/2024\/wp-json\/wp\/v2\/comments?post=18877"}],"version-history":[{"count":2,"href":"https:\/\/sinprofaz.org.br\/2024\/wp-json\/wp\/v2\/posts\/18877\/revisions"}],"predecessor-version":[{"id":18888,"href":"https:\/\/sinprofaz.org.br\/2024\/wp-json\/wp\/v2\/posts\/18877\/revisions\/18888"}],"wp:attachment":[{"href":"https:\/\/sinprofaz.org.br\/2024\/wp-json\/wp\/v2\/media?parent=18877"}],"wp:term":[{"taxonomy":"category","embeddable":true,"href":"https:\/\/sinprofaz.org.br\/2024\/wp-json\/wp\/v2\/categories?post=18877"},{"taxonomy":"post_tag","embeddable":true,"href":"https:\/\/sinprofaz.org.br\/2024\/wp-json\/wp\/v2\/tags?post=18877"}],"curies":[{"name":"wp","href":"https:\/\/api.w.org\/{rel}","templated":true}]}}