{"id":18873,"date":"2024-09-25T13:43:17","date_gmt":"2024-09-25T16:43:17","guid":{"rendered":"https:\/\/sinprofaz.org.br\/2024\/?p=18873"},"modified":"2024-10-07T11:31:29","modified_gmt":"2024-10-07T14:31:29","slug":"sinfrofaz-lanca-edital-para-eleicao-de-comissao-permanente-de-atuacao-parlamentar","status":"publish","type":"post","link":"https:\/\/sinprofaz.org.br\/2024\/noticias\/sinfrofaz-lanca-edital-para-eleicao-de-comissao-permanente-de-atuacao-parlamentar\/","title":{"rendered":"SINPROFAZ LAN\u00c7A EDITAL PARA ELEI\u00c7\u00c3O DE COMISS\u00c3O PERMANENTE DE ATUA\u00c7\u00c3O PARLAMENTAR"},"content":{"rendered":"<p>Diante da necessidade de atua\u00e7\u00e3o proativa no Congresso Nacional em pautas priorit\u00e1rias das carreiras e em momentos de crise, o SINPROFAZ torna p\u00fablico o Edital n\u00ba 2\/2024, que institui a COMISS\u00c3O PERMANENTE DE ATUA\u00c7\u00c3O PARLAMENTAR (CPAP).<\/p>\n<p>A Comiss\u00e3o ser\u00e1 coordenada pela Presidente do SINPROFAZ e composta por Delegados Sindicais; <strong>dois<\/strong> Procuradores da Fazenda Nacional representantes de cada uma das regi\u00f5es \u2013 <strong>um titular e um suplente<\/strong> \u2013, a serem eleitos dentre os colegas lotados em cada regional; e <strong>dois<\/strong> Procuradores da Fazenda Nacional \u2013 <strong>um titular e um suplente<\/strong> \u2013 <strong>representantes dos Aposentados, a serem eleitos pelos PFNs aposentados de todas as regi\u00f5es.<\/strong><\/p>\n<p>As inscri\u00e7\u00f5es para compor a Comiss\u00e3o ocorrer\u00e3o no per\u00edodo de\u00a0<strong>25 de setembro de 2024 a 29 de setembro de 2024 (terminando \u00e0s 18h do dia 29\/09), mediante simples comunica\u00e7\u00e3o encaminhada ao e-mail\u00a0<a href=\"mailto:secretaria@sinprofaz.org.br\">secretaria@sinprofaz.org.br<\/a>\u00a0com o assunto \u201cAtividade Parlamentar\u201d<\/strong>. A mensagem via e-mail dever\u00e1 conter os nomes dos filiados interessados (titular e suplente) e a regi\u00e3o a ser representada, ou, se for o caso, o desejo de concorrer \u00e0 representa\u00e7\u00e3o dos colegas Aposentados.<\/p>\n<p><strong>As elei\u00e7\u00f5es regionais ter\u00e3o in\u00edcio \u00e0s 12h do dia 01 de Outubro de 2024, com encerramento \u00e0s 23h59 do dia 01 de Outubro de 2024.<\/strong><\/p>\n<p>Acesse o Edital e saiba mais sobre as atribui\u00e7\u00f5es e os pr\u00e9-requisitos da Comiss\u00e3o Permanente de Atua\u00e7\u00e3o Parlamentar (CPAP): <a href=\"https:\/\/sinprofaz.org.br\/2024\/wp-content\/uploads\/2024\/09\/Edital-SINPROFAZ-n.-2-de-2024.pdf\" target=\"_blank\" rel=\"noopener\">https:\/\/sinprofaz.org.br\/2024\/wp-content\/uploads\/2024\/09\/Edital-SINPROFAZ-n.-2-de-2024.pdf<\/a><\/p>\n<p><!-- notionvc: 4ce9b654-459c-43fc-a5ce-83df06087635 --><\/p>\n","protected":false},"excerpt":{"rendered":"<p>As inscri\u00e7\u00f5es para compor a Comiss\u00e3o ocorrer\u00e3o no per\u00edodo de 25 de setembro de 2024 a 29 de setembro de 2024 (terminando \u00e0s 18h do dia 29\/09), mediante simples comunica\u00e7\u00e3o encaminhada ao e-mail secretaria@sinprofaz.org.br.<\/p>\n","protected":false},"author":2,"featured_media":0,"comment_status":"open","ping_status":"open","sticky":false,"template":"","format":"standard","meta":{"footnotes":""},"categories":[8],"tags":[43,32,73,122,146,44,53,25],"featured_image_url":"https:\/\/dummyimage.com\/720x400","character_count":760,"formatted_date":"25\/09\/2024 - 13:43","contentNovo":"Diante da necessidade de atua\u00e7\u00e3o proativa no Congresso Nacional em pautas priorit\u00e1rias das carreiras e em momentos de crise, o SINPROFAZ torna p\u00fablico o Edital n\u00ba 2\/2024, que institui a COMISS\u00c3O PERMANENTE DE ATUA\u00c7\u00c3O PARLAMENTAR (CPAP).\r\n\r\nA Comiss\u00e3o ser\u00e1 coordenada pela Presidente do SINPROFAZ e composta por Delegados Sindicais; <strong>dois<\/strong> Procuradores da Fazenda Nacional representantes de cada uma das regi\u00f5es \u2013 <strong>um titular e um suplente<\/strong> \u2013, a serem eleitos dentre os colegas lotados em cada regional; e <strong>dois<\/strong> Procuradores da Fazenda Nacional \u2013 <strong>um titular e um suplente<\/strong> \u2013 <strong>representantes dos Aposentados, a serem eleitos pelos PFNs aposentados de todas as regi\u00f5es.<\/strong>\r\n\r\nAs inscri\u00e7\u00f5es para compor a Comiss\u00e3o ocorrer\u00e3o no per\u00edodo de\u00a0<strong>25 de setembro de 2024 a 29 de setembro de 2024 (terminando \u00e0s 18h do dia 29\/09), mediante simples comunica\u00e7\u00e3o encaminhada ao e-mail\u00a0<a href=\"mailto:secretaria@sinprofaz.org.br\">secretaria@sinprofaz.org.br<\/a>\u00a0com o assunto \u201cAtividade Parlamentar\u201d<\/strong>. A mensagem via e-mail dever\u00e1 conter os nomes dos filiados interessados (titular e suplente) e a regi\u00e3o a ser representada, ou, se for o caso, o desejo de concorrer \u00e0 representa\u00e7\u00e3o dos colegas Aposentados.\r\n\r\n<strong>As elei\u00e7\u00f5es regionais ter\u00e3o in\u00edcio \u00e0s 12h do dia 01 de Outubro de 2024, com encerramento \u00e0s 23h59 do dia 01 de Outubro de 2024.<\/strong>\r\n\r\nAcesse o Edital e saiba mais sobre as atribui\u00e7\u00f5es e os pr\u00e9-requisitos da Comiss\u00e3o Permanente de Atua\u00e7\u00e3o Parlamentar (CPAP): <a href=\"https:\/\/sinprofaz.org.br\/2024\/wp-content\/uploads\/2024\/09\/Edital-SINPROFAZ-n.-2-de-2024.pdf\" target=\"_blank\" rel=\"noopener\">https:\/\/sinprofaz.org.br\/2024\/wp-content\/uploads\/2024\/09\/Edital-SINPROFAZ-n.-2-de-2024.pdf<\/a>\r\n\r\n","_links":{"self":[{"href":"https:\/\/sinprofaz.org.br\/2024\/wp-json\/wp\/v2\/posts\/18873"}],"collection":[{"href":"https:\/\/sinprofaz.org.br\/2024\/wp-json\/wp\/v2\/posts"}],"about":[{"href":"https:\/\/sinprofaz.org.br\/2024\/wp-json\/wp\/v2\/types\/post"}],"author":[{"embeddable":true,"href":"https:\/\/sinprofaz.org.br\/2024\/wp-json\/wp\/v2\/users\/2"}],"replies":[{"embeddable":true,"href":"https:\/\/sinprofaz.org.br\/2024\/wp-json\/wp\/v2\/comments?post=18873"}],"version-history":[{"count":3,"href":"https:\/\/sinprofaz.org.br\/2024\/wp-json\/wp\/v2\/posts\/18873\/revisions"}],"predecessor-version":[{"id":18879,"href":"https:\/\/sinprofaz.org.br\/2024\/wp-json\/wp\/v2\/posts\/18873\/revisions\/18879"}],"wp:attachment":[{"href":"https:\/\/sinprofaz.org.br\/2024\/wp-json\/wp\/v2\/media?parent=18873"}],"wp:term":[{"taxonomy":"category","embeddable":true,"href":"https:\/\/sinprofaz.org.br\/2024\/wp-json\/wp\/v2\/categories?post=18873"},{"taxonomy":"post_tag","embeddable":true,"href":"https:\/\/sinprofaz.org.br\/2024\/wp-json\/wp\/v2\/tags?post=18873"}],"curies":[{"name":"wp","href":"https:\/\/api.w.org\/{rel}","templated":true}]}}