{"id":1887,"date":"2014-08-27T17:23:01","date_gmt":"2014-08-27T17:23:01","guid":{"rendered":""},"modified":"-0001-11-30T00:00:00","modified_gmt":"-0001-11-30T03:00:00","slug":"diario-do-comercio-ressalta-as-acoes-da-campanha-nacional-da-justica-fiscal","status":"publish","type":"post","link":"https:\/\/sinprofaz.org.br\/2024\/noticias\/diario-do-comercio-ressalta-as-acoes-da-campanha-nacional-da-justica-fiscal\/","title":{"rendered":"Di\u00e1rio do Com\u00e9rcio ressalta as a\u00e7\u00f5es da Campanha Nacional da Justi\u00e7a Fiscal"},"content":{"rendered":"<p>A reportagem tamb\u00e9m chama aten\u00e7\u00e3o para os tr\u00eas mecanismos principais para combater a sonega\u00e7\u00e3o no pa\u00eds, revelados pela diretora do SINPROFAZ, a Procuradora da Fazenda Nacional Regina Hirose. O primeiro seria uma reforma tribut\u00e1ria com simplifica\u00e7\u00e3o da cobran\u00e7a de impostos. O segundo, a exig\u00eancia de notas fiscais por parte dos consumidores. E, por \u00faltimo, a implementa\u00e7\u00e3o da educa\u00e7\u00e3o fiscal no ensino b\u00e1sico como forma de conscientizar as crian\u00e7as sobre a import\u00e2ncia de pagar em dia os impostos e o impacto da sonega\u00e7\u00e3o na sociedade.<\/p>\n<p>Leia a \u00edntegra do texto:<\/p>\n<p><a href=\"http:\/\/www.diariodocomercio.com.br\/noticia.php?tit=sonegacao_no_pais_deve_atingir_marca_de_r_500_bilhoes_neste_ano&amp;id=140000\" target=\"_blank\">http:\/\/www.diariodocomercio.com.br\/noticia.php?tit=sonegacao_no_pais_deve_atingir_marca_de_r_500_bilhoes_neste_ano&amp;id=140000<\/a><\/p>\n","protected":false},"excerpt":{"rendered":"<p>Mat\u00e9ria publicada no ve\u00edculo mineiro destaca que a Campanha do SINPROFAZ conscientiza a popula\u00e7\u00e3o sobre a import\u00e2ncia de combater a sonega\u00e7\u00e3o e a corrup\u00e7\u00e3o.<\/p>\n","protected":false},"author":1,"featured_media":0,"comment_status":"closed","ping_status":"open","sticky":false,"template":"","format":"standard","meta":{"footnotes":""},"categories":[8],"tags":[],"featured_image_url":"https:\/\/dummyimage.com\/720x400","character_count":357,"formatted_date":"27\/08\/2014 - 17:23","contentNovo":"\r\n<p>A reportagem tamb\u00e9m chama aten\u00e7\u00e3o para os tr\u00eas mecanismos principais para combater a sonega\u00e7\u00e3o no pa\u00eds, revelados pela diretora do SINPROFAZ, a Procuradora da Fazenda Nacional Regina Hirose. O primeiro seria uma reforma tribut\u00e1ria com simplifica\u00e7\u00e3o da cobran\u00e7a de impostos. O segundo, a exig\u00eancia de notas fiscais por parte dos consumidores. E, por \u00faltimo, a implementa\u00e7\u00e3o da educa\u00e7\u00e3o fiscal no ensino b\u00e1sico como forma de conscientizar as crian\u00e7as sobre a import\u00e2ncia de pagar em dia os impostos e o impacto da sonega\u00e7\u00e3o na sociedade.<\/p>\r\n<p>Leia a \u00edntegra do texto:<\/p>\r\n<p><a href=\"http:\/\/www.diariodocomercio.com.br\/noticia.php?tit=sonegacao_no_pais_deve_atingir_marca_de_r_500_bilhoes_neste_ano&amp;id=140000\" target=\"_blank\">http:\/\/www.diariodocomercio.com.br\/noticia.php?tit=sonegacao_no_pais_deve_atingir_marca_de_r_500_bilhoes_neste_ano&amp;id=140000<\/a><\/p>","_links":{"self":[{"href":"https:\/\/sinprofaz.org.br\/2024\/wp-json\/wp\/v2\/posts\/1887"}],"collection":[{"href":"https:\/\/sinprofaz.org.br\/2024\/wp-json\/wp\/v2\/posts"}],"about":[{"href":"https:\/\/sinprofaz.org.br\/2024\/wp-json\/wp\/v2\/types\/post"}],"author":[{"embeddable":true,"href":"https:\/\/sinprofaz.org.br\/2024\/wp-json\/wp\/v2\/users\/1"}],"replies":[{"embeddable":true,"href":"https:\/\/sinprofaz.org.br\/2024\/wp-json\/wp\/v2\/comments?post=1887"}],"version-history":[{"count":0,"href":"https:\/\/sinprofaz.org.br\/2024\/wp-json\/wp\/v2\/posts\/1887\/revisions"}],"wp:attachment":[{"href":"https:\/\/sinprofaz.org.br\/2024\/wp-json\/wp\/v2\/media?parent=1887"}],"wp:term":[{"taxonomy":"category","embeddable":true,"href":"https:\/\/sinprofaz.org.br\/2024\/wp-json\/wp\/v2\/categories?post=1887"},{"taxonomy":"post_tag","embeddable":true,"href":"https:\/\/sinprofaz.org.br\/2024\/wp-json\/wp\/v2\/tags?post=1887"}],"curies":[{"name":"wp","href":"https:\/\/api.w.org\/{rel}","templated":true}]}}