{"id":18858,"date":"2024-09-18T10:36:57","date_gmt":"2024-09-18T13:36:57","guid":{"rendered":"https:\/\/sinprofaz.org.br\/2024\/?p=18858"},"modified":"2024-09-18T10:36:57","modified_gmt":"2024-09-18T13:36:57","slug":"publicado-o-edital-para-eleicao-da-comissao-temporaria-de-mobilizacao","status":"publish","type":"post","link":"https:\/\/sinprofaz.org.br\/2024\/noticias\/publicado-o-edital-para-eleicao-da-comissao-temporaria-de-mobilizacao\/","title":{"rendered":"PUBLICADO O EDITAL PARA ELEI\u00c7\u00c3O DA COMISS\u00c3O TEMPOR\u00c1RIA DE MOBILIZA\u00c7\u00c3O"},"content":{"rendered":"<p>O SINPROFAZ torna p\u00fablico o Edital n\u00ba 1\/2024, que regulamenta a elei\u00e7\u00e3o da\u00a0<strong>Comiss\u00e3o Tempor\u00e1ria de Mobiliza\u00e7\u00e3o<\/strong>.<\/p>\n<p>A Comiss\u00e3o ser\u00e1 coordenada pela Presidente do SINPROFAZ, que supervisionar\u00e1 as atividades a fim de assegurar o alinhamento com as diretrizes do Sindicato.\u00a0A Comiss\u00e3o ser\u00e1 composta pelos Delegados Sindicais e pela Diretoria, al\u00e9m de\u00a0<strong>quatro PFNs (dois titulares e dois suplentes) representantes de cada uma das regi\u00f5es e eleitos pelos Colegas das respectivas regionais.<\/strong><\/p>\n<p>As inscri\u00e7\u00f5es para compor a Comiss\u00e3o ocorrer\u00e3o no per\u00edodo de\u00a0<strong>18 a 20 de setembro de 2024 (terminando \u00e0s 18h do dia 20), mediante simples comunica\u00e7\u00e3o encaminhada ao e-mail\u00a0<a href=\"mailto:secretaria@sinprofaz.org.br\">secretaria@sinprofaz.org.br<\/a>\u00a0com o assunto &#8220;Mobiliza\u00e7\u00e3o&#8221;<\/strong>. A mensagem via e-mail dever\u00e1 conter os nomes dos filiados interessados (titular e suplente) e a regi\u00e3o a ser representada.<\/p>\n<p><strong>As elei\u00e7\u00f5es regionais ter\u00e3o in\u00edcio \u00e0s 12h do dia 23 de setembro de 2024, com encerramento \u00e0s 23h59 do dia 24, e ocorrer\u00e3o de modo eletr\u00f4nico.<\/strong><\/p>\n<p>Acesse o Edital e saiba mais sobre as atribui\u00e7\u00f5es e os pr\u00e9-requisitos da Comiss\u00e3o Tempor\u00e1ria de Mobiliza\u00e7\u00e3o:\u00a0<a href=\"https:\/\/bit.ly\/Comiss%C3%A3odeMobiliza%C3%A7%C3%A3o\" target=\"_blank\" rel=\"noopener\">https:\/\/bit.ly\/Comiss\u00e3odeMobiliza\u00e7\u00e3o<\/a><\/p>\n<p><!-- notionvc: 110e6935-272d-45d1-a16c-fee4f3682448 --><\/p>\n","protected":false},"excerpt":{"rendered":"<p>As inscri\u00e7\u00f5es para compor a Comiss\u00e3o ocorrer\u00e3o no per\u00edodo de 18 a 20 de setembro de 2024 (terminando \u00e0s 18h do dia 20), mediante simples comunica\u00e7\u00e3o encaminhada ao e-mail secretaria@sinprofaz.org.br com o assunto &#8220;Mobiliza\u00e7\u00e3o&#8221;. Acesse o Edital 1\/2024 e saiba mais!<\/p>\n","protected":false},"author":2,"featured_media":17269,"comment_status":"open","ping_status":"open","sticky":false,"template":"","format":"standard","meta":{"footnotes":""},"categories":[8],"tags":[32,148,146,25],"featured_image_url":"https:\/\/sinprofaz.org.br\/2024\/wp-content\/uploads\/2023\/12\/1-1-1.png","character_count":592,"formatted_date":"18\/09\/2024 - 10:36","contentNovo":"O SINPROFAZ torna p\u00fablico o Edital n\u00ba 1\/2024, que regulamenta a elei\u00e7\u00e3o da\u00a0<strong>Comiss\u00e3o Tempor\u00e1ria de Mobiliza\u00e7\u00e3o<\/strong>.\r\n\r\nA Comiss\u00e3o ser\u00e1 coordenada pela Presidente do SINPROFAZ, que supervisionar\u00e1 as atividades a fim de assegurar o alinhamento com as diretrizes do Sindicato.\u00a0A Comiss\u00e3o ser\u00e1 composta pelos Delegados Sindicais e pela Diretoria, al\u00e9m de\u00a0<strong>quatro PFNs (dois titulares e dois suplentes) representantes de cada uma das regi\u00f5es e eleitos pelos Colegas das respectivas regionais.<\/strong>\r\n\r\nAs inscri\u00e7\u00f5es para compor a Comiss\u00e3o ocorrer\u00e3o no per\u00edodo de\u00a0<strong>18 a 20 de setembro de 2024 (terminando \u00e0s 18h do dia 20), mediante simples comunica\u00e7\u00e3o encaminhada ao e-mail\u00a0<a href=\"mailto:secretaria@sinprofaz.org.br\">secretaria@sinprofaz.org.br<\/a>\u00a0com o assunto \"Mobiliza\u00e7\u00e3o\"<\/strong>. A mensagem via e-mail dever\u00e1 conter os nomes dos filiados interessados (titular e suplente) e a regi\u00e3o a ser representada.\r\n\r\n<strong>As elei\u00e7\u00f5es regionais ter\u00e3o in\u00edcio \u00e0s 12h do dia 23 de setembro de 2024, com encerramento \u00e0s 23h59 do dia 24, e ocorrer\u00e3o de modo eletr\u00f4nico.<\/strong>\r\n\r\nAcesse o Edital e saiba mais sobre as atribui\u00e7\u00f5es e os pr\u00e9-requisitos da Comiss\u00e3o Tempor\u00e1ria de Mobiliza\u00e7\u00e3o:\u00a0<a href=\"https:\/\/bit.ly\/Comiss%C3%A3odeMobiliza%C3%A7%C3%A3o\" target=\"_blank\" rel=\"noopener\">https:\/\/bit.ly\/Comiss\u00e3odeMobiliza\u00e7\u00e3o<\/a>\r\n\r\n","_links":{"self":[{"href":"https:\/\/sinprofaz.org.br\/2024\/wp-json\/wp\/v2\/posts\/18858"}],"collection":[{"href":"https:\/\/sinprofaz.org.br\/2024\/wp-json\/wp\/v2\/posts"}],"about":[{"href":"https:\/\/sinprofaz.org.br\/2024\/wp-json\/wp\/v2\/types\/post"}],"author":[{"embeddable":true,"href":"https:\/\/sinprofaz.org.br\/2024\/wp-json\/wp\/v2\/users\/2"}],"replies":[{"embeddable":true,"href":"https:\/\/sinprofaz.org.br\/2024\/wp-json\/wp\/v2\/comments?post=18858"}],"version-history":[{"count":1,"href":"https:\/\/sinprofaz.org.br\/2024\/wp-json\/wp\/v2\/posts\/18858\/revisions"}],"predecessor-version":[{"id":18859,"href":"https:\/\/sinprofaz.org.br\/2024\/wp-json\/wp\/v2\/posts\/18858\/revisions\/18859"}],"wp:featuredmedia":[{"embeddable":true,"href":"https:\/\/sinprofaz.org.br\/2024\/wp-json\/wp\/v2\/media\/17269"}],"wp:attachment":[{"href":"https:\/\/sinprofaz.org.br\/2024\/wp-json\/wp\/v2\/media?parent=18858"}],"wp:term":[{"taxonomy":"category","embeddable":true,"href":"https:\/\/sinprofaz.org.br\/2024\/wp-json\/wp\/v2\/categories?post=18858"},{"taxonomy":"post_tag","embeddable":true,"href":"https:\/\/sinprofaz.org.br\/2024\/wp-json\/wp\/v2\/tags?post=18858"}],"curies":[{"name":"wp","href":"https:\/\/api.w.org\/{rel}","templated":true}]}}