{"id":18851,"date":"2024-09-17T11:19:25","date_gmt":"2024-09-17T14:19:25","guid":{"rendered":"https:\/\/sinprofaz.org.br\/2024\/?p=18851"},"modified":"2024-09-17T13:37:03","modified_gmt":"2024-09-17T16:37:03","slug":"sinprofaz-comparece-a-xxii-congresso-de-direito-tributario-em-questao","status":"publish","type":"post","link":"https:\/\/sinprofaz.org.br\/2024\/noticias\/sinprofaz-comparece-a-xxii-congresso-de-direito-tributario-em-questao\/","title":{"rendered":"SINPROFAZ COMPARECE A XXII CONGRESSO DE DIREITO TRIBUT\u00c1RIO EM QUEST\u00c3O"},"content":{"rendered":"<p>O SINPROFAZ, representado pela presidente Iolanda Guindani, compareceu ao XXII Congresso de Direito Tribut\u00e1rio em Quest\u00e3o. Realizado de 13 a 15 de setembro em Gramado\/RS, o evento promoveu debates sobre assuntos pertinentes \u00e0 Carreira, a exemplo do novo processo tribut\u00e1rio &#8211; em face das altera\u00e7\u00f5es promovidas pela reforma &#8211; e dos\u00a0potenciais usos da Intelig\u00eancia Artificial pelos operadores do Direito Tribut\u00e1rio.<\/p>\n<p>Realizado pela Funda\u00e7\u00e3o Escola Superior de Direito Tribut\u00e1rio &#8211; FESDT, o Congresso contou com a presen\u00e7a de dezenas de procuradoras e procuradores da Fazenda Nacional, dentre os quais o filiado Ricardo Stifelman e as filiadas Dionne Felipe, Anelize Ruas, Lana Borges,\u00a0Simone\u00a0Anacleto, Andrea Barreto e Sara Mendes Carcar\u00e1, que participaram como expositores. Al\u00e9m dos debates, o XXII Congresso proporcionou o contato com Colegas do Rio Grande do Sul e a an\u00e1lise de quest\u00f5es particulares da PRFN 4\u00aa Regi\u00e3o.<\/p>\n\n\t\t<style type=\"text\/css\">\n\t\t\t#gallery-1 {\n\t\t\t\tmargin: auto;\n\t\t\t}\n\t\t\t#gallery-1 .gallery-item {\n\t\t\t\tfloat: left;\n\t\t\t\tmargin-top: 10px;\n\t\t\t\ttext-align: center;\n\t\t\t\twidth: 33%;\n\t\t\t}\n\t\t\t#gallery-1 img {\n\t\t\t\tborder: 2px solid #cfcfcf;\n\t\t\t}\n\t\t\t#gallery-1 .gallery-caption {\n\t\t\t\tmargin-left: 0;\n\t\t\t}\n\t\t\t\/* see gallery_shortcode() in wp-includes\/media.php *\/\n\t\t<\/style>\n\t\t<div id='gallery-1' class='gallery galleryid-18851 gallery-columns-3 gallery-size-thumbnail'><dl class='gallery-item'>\n\t\t\t<dt class='gallery-icon landscape'>\n\t\t\t\t<a href='https:\/\/sinprofaz.org.br\/2024\/wp-content\/uploads\/2024\/09\/2-3.png'><img loading=\"lazy\" decoding=\"async\" width=\"150\" height=\"150\" src=\"https:\/\/sinprofaz.org.br\/2024\/wp-content\/uploads\/2024\/09\/2-3-150x150.png\" class=\"attachment-thumbnail size-thumbnail\" alt=\"\" aria-describedby=\"gallery-1-18853\" \/><\/a>\n\t\t\t<\/dt>\n\t\t\t\t<dd class='wp-caption-text gallery-caption' id='gallery-1-18853'>\n\t\t\t\tFabiana Bartz, Procuradora do Estado do Rio Grande do Sul e primeira mulher, advogada p\u00fablica, nomeada para o TJ pelo quinto constitucional; Iolanda Guindani; Roberto Levy; Simone Anacleto e Gra\u00e7a Hahn\n\t\t\t\t<\/dd><\/dl><dl class='gallery-item'>\n\t\t\t<dt class='gallery-icon landscape'>\n\t\t\t\t<a href='https:\/\/sinprofaz.org.br\/2024\/wp-content\/uploads\/2024\/09\/3-3.png'><img loading=\"lazy\" decoding=\"async\" width=\"150\" height=\"150\" src=\"https:\/\/sinprofaz.org.br\/2024\/wp-content\/uploads\/2024\/09\/3-3-150x150.png\" class=\"attachment-thumbnail size-thumbnail\" alt=\"\" aria-describedby=\"gallery-1-18854\" \/><\/a>\n\t\t\t<\/dt>\n\t\t\t\t<dd class='wp-caption-text gallery-caption' id='gallery-1-18854'>\n\t\t\t\tGra\u00e7a Hahn, Simone Anacleto e Iolanda Guindani\n\t\t\t\t<\/dd><\/dl><dl class='gallery-item'>\n\t\t\t<dt class='gallery-icon landscape'>\n\t\t\t\t<a href='https:\/\/sinprofaz.org.br\/2024\/wp-content\/uploads\/2024\/09\/4-3.png'><img loading=\"lazy\" decoding=\"async\" width=\"150\" height=\"150\" src=\"https:\/\/sinprofaz.org.br\/2024\/wp-content\/uploads\/2024\/09\/4-3-150x150.png\" class=\"attachment-thumbnail size-thumbnail\" alt=\"\" aria-describedby=\"gallery-1-18855\" \/><\/a>\n\t\t\t<\/dt>\n\t\t\t\t<dd class='wp-caption-text gallery-caption' id='gallery-1-18855'>\n\t\t\t\tDionne Felipe e Lana Borges estiveram entre as palestrantes\n\t\t\t\t<\/dd><\/dl><br style=\"clear: both\" \/><dl class='gallery-item'>\n\t\t\t<dt class='gallery-icon landscape'>\n\t\t\t\t<a href='https:\/\/sinprofaz.org.br\/2024\/wp-content\/uploads\/2024\/09\/5-1.png'><img loading=\"lazy\" decoding=\"async\" width=\"150\" height=\"150\" src=\"https:\/\/sinprofaz.org.br\/2024\/wp-content\/uploads\/2024\/09\/5-1-150x150.png\" class=\"attachment-thumbnail size-thumbnail\" alt=\"\" aria-describedby=\"gallery-1-18856\" \/><\/a>\n\t\t\t<\/dt>\n\t\t\t\t<dd class='wp-caption-text gallery-caption' id='gallery-1-18856'>\n\t\t\t\tAnelize Ruas marcou presen\u00e7a no Congresso\n\t\t\t\t<\/dd><\/dl>\n\t\t\t<br style='clear: both' \/>\n\t\t<\/div>\n\n","protected":false},"excerpt":{"rendered":"<p>O SINPROFAZ, representado pela presidente Iolanda Guindani, compareceu ao XXII Congresso de Direito Tribut\u00e1rio em Quest\u00e3o. Realizado de 13 a 15 de setembro em Gramado\/RS, o evento promoveu debates sobre assuntos pertinentes \u00e0 Carreira, a exemplo do novo processo tribut\u00e1rio alterado com a reforma.<\/p>\n","protected":false},"author":2,"featured_media":18852,"comment_status":"open","ping_status":"open","sticky":false,"template":"","format":"standard","meta":{"footnotes":""},"categories":[8],"tags":[29,128,25],"featured_image_url":"https:\/\/sinprofaz.org.br\/2024\/wp-content\/uploads\/2024\/09\/1-2.png","character_count":882,"formatted_date":"17\/09\/2024 - 11:19","contentNovo":"O SINPROFAZ, representado pela presidente Iolanda Guindani, compareceu ao XXII Congresso de Direito Tribut\u00e1rio em Quest\u00e3o. Realizado de 13 a 15 de setembro em Gramado\/RS, o evento promoveu debates sobre assuntos pertinentes \u00e0 Carreira, a exemplo do novo processo tribut\u00e1rio - em face das altera\u00e7\u00f5es promovidas pela reforma - e dos\u00a0potenciais usos da Intelig\u00eancia Artificial pelos operadores do Direito Tribut\u00e1rio.\r\n\r\nRealizado pela Funda\u00e7\u00e3o Escola Superior de Direito Tribut\u00e1rio - FESDT, o Congresso contou com a presen\u00e7a de dezenas de procuradoras e procuradores da Fazenda Nacional, dentre os quais o filiado Ricardo Stifelman e as filiadas Dionne Felipe, Anelize Ruas, Lana Borges,\u00a0Simone\u00a0Anacleto, Andrea Barreto e Sara Mendes Carcar\u00e1, que participaram como expositores. Al\u00e9m dos debates, o XXII Congresso proporcionou o contato com Colegas do Rio Grande do Sul e a an\u00e1lise de quest\u00f5es particulares da PRFN 4\u00aa Regi\u00e3o.\r\n\r\n[gallery link=\"file\" ids=\"18853,18854,18855,18856\"]","_links":{"self":[{"href":"https:\/\/sinprofaz.org.br\/2024\/wp-json\/wp\/v2\/posts\/18851"}],"collection":[{"href":"https:\/\/sinprofaz.org.br\/2024\/wp-json\/wp\/v2\/posts"}],"about":[{"href":"https:\/\/sinprofaz.org.br\/2024\/wp-json\/wp\/v2\/types\/post"}],"author":[{"embeddable":true,"href":"https:\/\/sinprofaz.org.br\/2024\/wp-json\/wp\/v2\/users\/2"}],"replies":[{"embeddable":true,"href":"https:\/\/sinprofaz.org.br\/2024\/wp-json\/wp\/v2\/comments?post=18851"}],"version-history":[{"count":1,"href":"https:\/\/sinprofaz.org.br\/2024\/wp-json\/wp\/v2\/posts\/18851\/revisions"}],"predecessor-version":[{"id":18857,"href":"https:\/\/sinprofaz.org.br\/2024\/wp-json\/wp\/v2\/posts\/18851\/revisions\/18857"}],"wp:featuredmedia":[{"embeddable":true,"href":"https:\/\/sinprofaz.org.br\/2024\/wp-json\/wp\/v2\/media\/18852"}],"wp:attachment":[{"href":"https:\/\/sinprofaz.org.br\/2024\/wp-json\/wp\/v2\/media?parent=18851"}],"wp:term":[{"taxonomy":"category","embeddable":true,"href":"https:\/\/sinprofaz.org.br\/2024\/wp-json\/wp\/v2\/categories?post=18851"},{"taxonomy":"post_tag","embeddable":true,"href":"https:\/\/sinprofaz.org.br\/2024\/wp-json\/wp\/v2\/tags?post=18851"}],"curies":[{"name":"wp","href":"https:\/\/api.w.org\/{rel}","templated":true}]}}