{"id":18815,"date":"2024-09-11T09:15:03","date_gmt":"2024-09-11T12:15:03","guid":{"rendered":"https:\/\/sinprofaz.org.br\/2024\/?p=18815"},"modified":"2024-09-11T08:35:05","modified_gmt":"2024-09-11T11:35:05","slug":"entidades-representativas-alinham-estrategias-para-atuacao-conjunta","status":"publish","type":"post","link":"https:\/\/sinprofaz.org.br\/2024\/noticias\/entidades-representativas-alinham-estrategias-para-atuacao-conjunta\/","title":{"rendered":"ENTIDADES REPRESENTATIVAS ALINHAM ESTRAT\u00c9GIAS PARA ATUA\u00c7\u00c3O CONJUNTA"},"content":{"rendered":"<p>As entidades representativas da Advocacia P\u00fablica Federal &#8211; quais sejam, SINPROFAZ, ANAUNI, ANAFE, ANPPREV, ANAJUR e APAFERJ &#8211; estiveram reunidas na ter\u00e7a-feira (10). Ao longo dos debates, os dirigentes sindicais\u00a0e associativos realizaram uma profunda avalia\u00e7\u00e3o das tratativas junto ao MGI e tra\u00e7aram estrat\u00e9gias a serem implementadas de forma conjunta.<\/p>\n<p>A defesa firme e intransigente dos Membros da AGU segue norteando o trabalho respons\u00e1vel do Sindicato e das Associa\u00e7\u00f5es, que n\u00e3o medem esfor\u00e7os para que a negocia\u00e7\u00e3o salarial seja conclu\u00edda com \u00eaxito &#8211; em sintonia com as expectativas de Filiadas e Filiados &#8211; e resguarde as prerrogativas conquistadas, com tanta luta, pelos Advogados P\u00fablicos Federais.<\/p>\n\n\t\t<style type=\"text\/css\">\n\t\t\t#gallery-1 {\n\t\t\t\tmargin: auto;\n\t\t\t}\n\t\t\t#gallery-1 .gallery-item {\n\t\t\t\tfloat: left;\n\t\t\t\tmargin-top: 10px;\n\t\t\t\ttext-align: center;\n\t\t\t\twidth: 33%;\n\t\t\t}\n\t\t\t#gallery-1 img {\n\t\t\t\tborder: 2px solid #cfcfcf;\n\t\t\t}\n\t\t\t#gallery-1 .gallery-caption {\n\t\t\t\tmargin-left: 0;\n\t\t\t}\n\t\t\t\/* see gallery_shortcode() in wp-includes\/media.php *\/\n\t\t<\/style>\n\t\t<div id='gallery-1' class='gallery galleryid-18815 gallery-columns-3 gallery-size-thumbnail'><dl class='gallery-item'>\n\t\t\t<dt class='gallery-icon landscape'>\n\t\t\t\t<a href='https:\/\/sinprofaz.org.br\/2024\/wp-content\/uploads\/2024\/09\/Entidades-2.png'><img loading=\"lazy\" decoding=\"async\" width=\"150\" height=\"150\" src=\"https:\/\/sinprofaz.org.br\/2024\/wp-content\/uploads\/2024\/09\/Entidades-2-150x150.png\" class=\"attachment-thumbnail size-thumbnail\" alt=\"\" \/><\/a>\n\t\t\t<\/dt><\/dl>\n\t\t\t<br style='clear: both' \/>\n\t\t<\/div>\n\n","protected":false},"excerpt":{"rendered":"<p>As entidades representativas da Advocacia P\u00fablica Federal estiveram reunidas na ter\u00e7a-feira (10). Ao longo dos debates, os dirigentes sindicais e associativos realizaram uma profunda avalia\u00e7\u00e3o das tratativas junto ao MGI e tra\u00e7aram estrat\u00e9gias a serem implementadas de forma conjunta.<\/p>\n","protected":false},"author":2,"featured_media":18816,"comment_status":"open","ping_status":"open","sticky":false,"template":"","format":"standard","meta":{"footnotes":""},"categories":[8],"tags":[66,23,220],"featured_image_url":"https:\/\/sinprofaz.org.br\/2024\/wp-content\/uploads\/2024\/09\/Entidades-1.png","character_count":552,"formatted_date":"11\/09\/2024 - 09:15","contentNovo":"As entidades representativas da Advocacia P\u00fablica Federal - quais sejam, SINPROFAZ, ANAUNI, ANAFE, ANPPREV, ANAJUR e APAFERJ - estiveram reunidas na ter\u00e7a-feira (10). Ao longo dos debates, os dirigentes sindicais\u00a0e associativos realizaram uma profunda avalia\u00e7\u00e3o das tratativas junto ao MGI e tra\u00e7aram estrat\u00e9gias a serem implementadas de forma conjunta.\r\n\r\nA defesa firme e intransigente dos Membros da AGU segue norteando o trabalho respons\u00e1vel do Sindicato e das Associa\u00e7\u00f5es, que n\u00e3o medem esfor\u00e7os para que a negocia\u00e7\u00e3o salarial seja conclu\u00edda com \u00eaxito - em sintonia com as expectativas de Filiadas e Filiados - e resguarde as prerrogativas conquistadas, com tanta luta, pelos Advogados P\u00fablicos Federais.\r\n\r\n[gallery link=\"file\" ids=\"18817\"]","_links":{"self":[{"href":"https:\/\/sinprofaz.org.br\/2024\/wp-json\/wp\/v2\/posts\/18815"}],"collection":[{"href":"https:\/\/sinprofaz.org.br\/2024\/wp-json\/wp\/v2\/posts"}],"about":[{"href":"https:\/\/sinprofaz.org.br\/2024\/wp-json\/wp\/v2\/types\/post"}],"author":[{"embeddable":true,"href":"https:\/\/sinprofaz.org.br\/2024\/wp-json\/wp\/v2\/users\/2"}],"replies":[{"embeddable":true,"href":"https:\/\/sinprofaz.org.br\/2024\/wp-json\/wp\/v2\/comments?post=18815"}],"version-history":[{"count":1,"href":"https:\/\/sinprofaz.org.br\/2024\/wp-json\/wp\/v2\/posts\/18815\/revisions"}],"predecessor-version":[{"id":18818,"href":"https:\/\/sinprofaz.org.br\/2024\/wp-json\/wp\/v2\/posts\/18815\/revisions\/18818"}],"wp:featuredmedia":[{"embeddable":true,"href":"https:\/\/sinprofaz.org.br\/2024\/wp-json\/wp\/v2\/media\/18816"}],"wp:attachment":[{"href":"https:\/\/sinprofaz.org.br\/2024\/wp-json\/wp\/v2\/media?parent=18815"}],"wp:term":[{"taxonomy":"category","embeddable":true,"href":"https:\/\/sinprofaz.org.br\/2024\/wp-json\/wp\/v2\/categories?post=18815"},{"taxonomy":"post_tag","embeddable":true,"href":"https:\/\/sinprofaz.org.br\/2024\/wp-json\/wp\/v2\/tags?post=18815"}],"curies":[{"name":"wp","href":"https:\/\/api.w.org\/{rel}","templated":true}]}}