{"id":18810,"date":"2024-09-11T08:31:30","date_gmt":"2024-09-11T11:31:30","guid":{"rendered":"https:\/\/sinprofaz.org.br\/2024\/?p=18810"},"modified":"2024-09-11T08:31:30","modified_gmt":"2024-09-11T11:31:30","slug":"audiencia-publica-na-camara-dos-deputados-debate-divida-publica-e-pec-6","status":"publish","type":"post","link":"https:\/\/sinprofaz.org.br\/2024\/noticias\/audiencia-publica-na-camara-dos-deputados-debate-divida-publica-e-pec-6\/","title":{"rendered":"AUDI\u00caNCIA P\u00daBLICA NA C\u00c2MARA DOS DEPUTADOS DEBATE D\u00cdVIDA P\u00daBLICA E PEC 6"},"content":{"rendered":"<p>O SINPROFAZ, representado pela presidente Iolanda Guindani, compareceu na ter\u00e7a-feira (10) \u00e0 audi\u00eancia p\u00fablica sobre o tema &#8220;D\u00edvida P\u00fablica, Arcabou\u00e7o Fiscal, Pol\u00edtica Monet\u00e1ria e a\u00a0subtra\u00e7\u00e3o\u00a0de Direitos Sociais&#8221;. Promovida pela Comiss\u00e3o de Legisla\u00e7\u00e3o Participativa da C\u00e2mara dos Deputados, a audi\u00eancia foi requerida pelo deputado Glauber Braga (Psol\/RJ), a pedido da Auditoria Cidad\u00e3 da D\u00edvida. A deputada S\u00e2mia Bomfim (Psol\/SP) tamb\u00e9m esteve presente na oportunidade da reuni\u00e3o.<\/p>\n<p>A audi\u00eancia contou com tr\u00eas expositores: Maria Lucia Fattorelli, coordenadora nacional da Auditoria Cidad\u00e3 da D\u00edvida; Fabiano dos Santos, representante da Campanha Nacional por Direitos Sociais; e Viviane Peres, representante da Federa\u00e7\u00e3o Nacional de Sindicatos de Trabalhadores em Sa\u00fade, Trabalho, Previd\u00eancia e Assist\u00eancia Social &#8211; FENASPS. Ao longo da audi\u00eancia, os debatedores pautaram temas como o funcionamento do sistema da d\u00edvida, a necessidade de limita\u00e7\u00e3o dos juros no Brasil e os riscos da Lei Complementar 208\/2024, que legalizou o esquema da securitiza\u00e7\u00e3o de cr\u00e9ditos p\u00fablicos.<\/p>\n<p><strong>PEC Social<br \/>\n<\/strong>A PEC 6\/2024, defendida pelo SINPROFAZ, tamb\u00e9m foi discutida. De acordo com o Instituto Mosap, a proposta de emenda, que prev\u00ea a gradual extin\u00e7\u00e3o da contribui\u00e7\u00e3o previdenci\u00e1ria de aposentados e pensionistas, teria impacto de R$ 6 bilh\u00f5es no primeiro ano &#8211; valor que n\u00e3o se compara aos R$ 500 bilh\u00f5es que o governo federal deixar\u00e1 de arrecadar em 2024 devido \u00e0s isen\u00e7\u00f5es fiscais para os setores empresariais. Hoje, o trabalho em torno da proposta \u00e9 voltado para o apensamento da PEC 6 \u00e0 PEC 555\/2006 &#8211; medida capaz de dar celeridade \u00e0 tramita\u00e7\u00e3o da primeira.<\/p>\n\n\t\t<style type=\"text\/css\">\n\t\t\t#gallery-1 {\n\t\t\t\tmargin: auto;\n\t\t\t}\n\t\t\t#gallery-1 .gallery-item {\n\t\t\t\tfloat: left;\n\t\t\t\tmargin-top: 10px;\n\t\t\t\ttext-align: center;\n\t\t\t\twidth: 33%;\n\t\t\t}\n\t\t\t#gallery-1 img {\n\t\t\t\tborder: 2px solid #cfcfcf;\n\t\t\t}\n\t\t\t#gallery-1 .gallery-caption {\n\t\t\t\tmargin-left: 0;\n\t\t\t}\n\t\t\t\/* see gallery_shortcode() in wp-includes\/media.php *\/\n\t\t<\/style>\n\t\t<div id='gallery-1' class='gallery galleryid-18810 gallery-columns-3 gallery-size-thumbnail'><dl class='gallery-item'>\n\t\t\t<dt class='gallery-icon landscape'>\n\t\t\t\t<a href='https:\/\/sinprofaz.org.br\/2024\/wp-content\/uploads\/2024\/09\/3-1.png'><img loading=\"lazy\" decoding=\"async\" width=\"150\" height=\"150\" src=\"https:\/\/sinprofaz.org.br\/2024\/wp-content\/uploads\/2024\/09\/3-1-150x150.png\" class=\"attachment-thumbnail size-thumbnail\" alt=\"\" \/><\/a>\n\t\t\t<\/dt><\/dl><dl class='gallery-item'>\n\t\t\t<dt class='gallery-icon landscape'>\n\t\t\t\t<a href='https:\/\/sinprofaz.org.br\/2024\/wp-content\/uploads\/2024\/09\/4-1.png'><img loading=\"lazy\" decoding=\"async\" width=\"150\" height=\"150\" src=\"https:\/\/sinprofaz.org.br\/2024\/wp-content\/uploads\/2024\/09\/4-1-150x150.png\" class=\"attachment-thumbnail size-thumbnail\" alt=\"\" \/><\/a>\n\t\t\t<\/dt><\/dl>\n\t\t\t<br style='clear: both' \/>\n\t\t<\/div>\n\n<p><!-- notionvc: 523f768d-dd0b-49d7-9aa4-e172385d326d --><\/p>\n","protected":false},"excerpt":{"rendered":"<p>Promovida ontem (10) pela Comiss\u00e3o de Legisla\u00e7\u00e3o Participativa da C\u00e2mara dos Deputados, a audi\u00eancia foi requerida pelo deputado Glauber Braga (Psol\/RJ), a pedido da Auditoria Cidad\u00e3 da D\u00edvida. A deputada S\u00e2mia Bomfim (Psol\/SP) tamb\u00e9m esteve presente na oportunidade da reuni\u00e3o.<\/p>\n","protected":false},"author":2,"featured_media":18811,"comment_status":"open","ping_status":"open","sticky":false,"template":"","format":"standard","meta":{"footnotes":""},"categories":[8],"tags":[129,48,219],"featured_image_url":"https:\/\/sinprofaz.org.br\/2024\/wp-content\/uploads\/2024\/09\/2-1.png","character_count":1050,"formatted_date":"11\/09\/2024 - 08:31","contentNovo":"O SINPROFAZ, representado pela presidente Iolanda Guindani, compareceu na ter\u00e7a-feira (10) \u00e0 audi\u00eancia p\u00fablica sobre o tema \"D\u00edvida P\u00fablica, Arcabou\u00e7o Fiscal, Pol\u00edtica Monet\u00e1ria e a\u00a0subtra\u00e7\u00e3o\u00a0de Direitos Sociais\". Promovida pela Comiss\u00e3o de Legisla\u00e7\u00e3o Participativa da C\u00e2mara dos Deputados, a audi\u00eancia foi requerida pelo deputado Glauber Braga (Psol\/RJ), a pedido da Auditoria Cidad\u00e3 da D\u00edvida. A deputada S\u00e2mia Bomfim (Psol\/SP) tamb\u00e9m esteve presente na oportunidade da reuni\u00e3o.\r\n\r\nA audi\u00eancia contou com tr\u00eas expositores: Maria Lucia Fattorelli, coordenadora nacional da Auditoria Cidad\u00e3 da D\u00edvida; Fabiano dos Santos, representante da Campanha Nacional por Direitos Sociais; e Viviane Peres, representante da Federa\u00e7\u00e3o Nacional de Sindicatos de Trabalhadores em Sa\u00fade, Trabalho, Previd\u00eancia e Assist\u00eancia Social - FENASPS. Ao longo da audi\u00eancia, os debatedores pautaram temas como o funcionamento do sistema da d\u00edvida, a necessidade de limita\u00e7\u00e3o dos juros no Brasil e os riscos da Lei Complementar 208\/2024, que legalizou o esquema da securitiza\u00e7\u00e3o de cr\u00e9ditos p\u00fablicos.\r\n\r\n<strong>PEC Social\r\n<\/strong>A PEC 6\/2024, defendida pelo SINPROFAZ, tamb\u00e9m foi discutida. De acordo com o Instituto Mosap, a proposta de emenda, que prev\u00ea a gradual extin\u00e7\u00e3o da contribui\u00e7\u00e3o previdenci\u00e1ria de aposentados e pensionistas, teria impacto de R$ 6 bilh\u00f5es no primeiro ano - valor que n\u00e3o se compara aos R$ 500 bilh\u00f5es que o governo federal deixar\u00e1 de arrecadar em 2024 devido \u00e0s isen\u00e7\u00f5es fiscais para os setores empresariais. Hoje, o trabalho em torno da proposta \u00e9 voltado para o apensamento da PEC 6 \u00e0 PEC 555\/2006 - medida capaz de dar celeridade \u00e0 tramita\u00e7\u00e3o da primeira.\r\n\r\n[gallery link=\"file\" ids=\"18812,18813\"]\r\n\r\n","_links":{"self":[{"href":"https:\/\/sinprofaz.org.br\/2024\/wp-json\/wp\/v2\/posts\/18810"}],"collection":[{"href":"https:\/\/sinprofaz.org.br\/2024\/wp-json\/wp\/v2\/posts"}],"about":[{"href":"https:\/\/sinprofaz.org.br\/2024\/wp-json\/wp\/v2\/types\/post"}],"author":[{"embeddable":true,"href":"https:\/\/sinprofaz.org.br\/2024\/wp-json\/wp\/v2\/users\/2"}],"replies":[{"embeddable":true,"href":"https:\/\/sinprofaz.org.br\/2024\/wp-json\/wp\/v2\/comments?post=18810"}],"version-history":[{"count":1,"href":"https:\/\/sinprofaz.org.br\/2024\/wp-json\/wp\/v2\/posts\/18810\/revisions"}],"predecessor-version":[{"id":18814,"href":"https:\/\/sinprofaz.org.br\/2024\/wp-json\/wp\/v2\/posts\/18810\/revisions\/18814"}],"wp:featuredmedia":[{"embeddable":true,"href":"https:\/\/sinprofaz.org.br\/2024\/wp-json\/wp\/v2\/media\/18811"}],"wp:attachment":[{"href":"https:\/\/sinprofaz.org.br\/2024\/wp-json\/wp\/v2\/media?parent=18810"}],"wp:term":[{"taxonomy":"category","embeddable":true,"href":"https:\/\/sinprofaz.org.br\/2024\/wp-json\/wp\/v2\/categories?post=18810"},{"taxonomy":"post_tag","embeddable":true,"href":"https:\/\/sinprofaz.org.br\/2024\/wp-json\/wp\/v2\/tags?post=18810"}],"curies":[{"name":"wp","href":"https:\/\/api.w.org\/{rel}","templated":true}]}}