{"id":1877,"date":"2014-08-13T17:50:55","date_gmt":"2014-08-13T17:50:55","guid":{"rendered":""},"modified":"-0001-11-30T00:00:00","modified_gmt":"-0001-11-30T03:00:00","slug":"leia-mais-noticias-sobre-o-sonegometro-e-a-campanha-nacional-da-justica-fiscal","status":"publish","type":"post","link":"https:\/\/sinprofaz.org.br\/2024\/noticias\/leia-mais-noticias-sobre-o-sonegometro-e-a-campanha-nacional-da-justica-fiscal\/","title":{"rendered":"Leia mais not\u00edcias sobre o Soneg\u00f4metro e a Campanha Nacional da Justi\u00e7a Fiscal"},"content":{"rendered":"<p><a href=\"http:\/\/www.em.com.br\/app\/noticia\/economia\/2014\/08\/06\/internas_economia,555761\/brasil-toma-goleada-em-sonegacao-de-tributos-aponta-sinprofaz.shtml\" target=\"_blank\">Estado de Minas<\/a><\/p>\n<p><a href=\"http:\/\/agenciabrasil.ebc.com.br\/geral\/foto\/2014-08\/sonegometro-volta-brasilia\" target=\"_blank\"> Ag\u00eancia Brasil<\/a><\/p>\n<p><a href=\"http:\/\/comexdobrasil.com\/sonegometro-brasil-toma-goleada-em-sonegacao-de-tributos-aponta-sinprofaz\/?lang=it\" target=\"_blank\">Comex do Brasil<\/a><\/p>\n<p><a href=\"http:\/\/m.zerohora.com.br\/noticia\/4569002\/sonegometro-aponta-perda-de-r-300-bi-em-arrecadacao\" target=\"_blank\">Zero Hora<\/a><\/p>\n<p><a href=\"https:\/\/br.financas.yahoo.com\/noticias\/soneg-metro-aponta-perda-r-300-bi-arrecada-153600263--finance.html\" target=\"_blank\">Yahoo! Finan\u00e7as<\/a><\/p>\n<p><a href=\"http:\/\/www.hojeemdia.com.br\/noticias\/economia-e-negocios\/sonegometro-aponta-perda-de-cerca-de-r-300-bilh-es-em-arrecadac-o-1.259572\" target=\"_blank\">Hoje em dia<\/a><\/p>\n<p><a href=\"http:\/\/www.mancheteonline.com.br\/sonegometro-aponta-perda-de-r-300-bi-em-arrecadacao\/\" target=\"_blank\">Manchete Online<\/a><\/p>\n<p><a href=\"http:\/\/www.folhavitoria.com.br\/economia\/noticia\/2014\/08\/sonegometro-aponta-perda-de-r-300-bi-em-arrecadacao.html\" target=\"_blank\">Folha Vit\u00f3ria<\/a><\/p>\n<p><a href=\"http:\/\/fotospublicas.com\/sonegometro-volta-brasilia\/\" target=\"_blank\">Fotos P\u00fablicas<\/a><\/p>\n<p><a href=\"http:\/\/costaricanews.com.br\/exibe.php?id=3237#.U-J71PldVe8\" target=\"_blank\">Costa Rica News<\/a><\/p>\n<p><a href=\"http:\/\/www.tnonline.com.br\/noticias\/economia\/5,282577,01,01,sonegometro-aponta-perda-de-r-300-bi-em-arrecadacao\" target=\"_blank\">TNOnline<\/a><\/p>\n<p><a href=\"http:\/\/anoticia.clicrbs.com.br\/sc\/noticia\/2014\/08\/sonegometro-aponta-perda-de-r-300-bilhoes-em-arrecadacao-4569002.html\" target=\"_blank\">A Not\u00edcia<\/a><\/p>\n<p><a href=\"http:\/\/www.jcom.com.br\/colunas\/146146\/De_soneg%C3%B4metro_impost%C3%B4metro_baf%C3%B4metro___cia_dedo-duro\" target=\"_Blank\">Jornal do Commercio<\/a><\/p>\n<p><a href=\"http:\/\/www.parana-online.com.br\/editoria\/economia\/news\/819139\/?noticia=SONEGOMETRO+APONTA+PERDA+DE+R+300+BI+EM+ARRECADACAO\" target=\"_blank\">Paran\u00e1 Online<\/a><\/p>\n<p><a href=\"http:\/\/www.cruzeirodosul.inf.br\/materia\/562789\/sonegometro-aponta-perda-de-r-300-bi-em-arrecadacao\" target=\"_blank\">Cruzeiro do Sul<\/a><\/p>\n<p><a href=\"http:\/\/tablet.opovo.com.br\/app\/opovo\/canais\/economia\/2014\/08\/06\/4753619\/sonegometro-aponta-perda-de-r-300-bi-em-arrecadacao.shtml\" target=\"_blank\">O POVO online<\/a><\/p>\n<p><a href=\"http:\/\/www.em.com.br\/app\/noticia\/economia\/2014\/08\/06\/internas_economia,555761\/brasil-toma-goleada-em-sonegacao-de-tributos-aponta-sinprofaz.shtml\" target=\"_blank\">Em.com.br<\/a><\/p>\n<p><a href=\"http:\/\/www.opopular.com.br\/editorias\/economia\/soneg%C3%B4metro-aponta-perda-de-r-300-bi-em-arrecada%C3%A7%C3%A3o-1.626702\" target=\"_blank\">O Popular<\/a><\/p>\n<p><a href=\"http:\/\/www.diariodepernambuco.com.br\/app\/noticia\/economia\/2014\/08\/06\/internas_economia,520847\/sonegometro-aponta-perda-de-r-300-bilhoes-em-arrecadacao.shtml\" target=\"_blank\">Di\u00e1rio de Pernambuco<\/a><\/p>\n<p><a href=\"http:\/\/www.paraibaonline.com.br\/noticia\/931467-sonegometro--brasil-toma--goleada--em-sonegacao-de-tributos--aponta-sinprofaz.html\" target=\"_blank\">Para\u00edba Online<\/a><\/p>\n<p><a href=\"http:\/\/jcrs.uol.com.br\/site\/noticia.php?codn=169147\" target=\"_blank\">Jornal do Com\u00e9rcio<\/a><\/p>\n<p><a href=\"http:\/\/www.diarioweb.com.br\/novoportal\/Noticias\/Economia\/200493,,Sonegometro+aponta+perda+de+R$+300+bi+em+arrecadacao.aspx\" target=\"_blank\">Di\u00e1rio Web<\/a><\/p>\n<p><a href=\"http:\/\/pioneiro.clicrbs.com.br\/rs\/economia\/noticia\/2014\/08\/sonegometro-aponta-perda-de-r-300-bilhoes-em-arrecadacao-4569002.html\" target=\"_blank\">Pioneiro<\/a><\/p>\n","protected":false},"excerpt":{"rendered":"<p>A exemplo de a\u00e7\u00f5es anteriores, a atividade do \u00faltimo dia 6 de agosto da Campanha do SINPROFAZ conquistou espa\u00e7o relevante na imprensa. Os mais de R$ 300 bilh\u00f5es sonegados no Brasil foram assunto at\u00e9 o final da semana.<\/p>\n","protected":false},"author":1,"featured_media":0,"comment_status":"closed","ping_status":"open","sticky":false,"template":"","format":"standard","meta":{"footnotes":""},"categories":[8],"tags":[],"featured_image_url":"https:\/\/dummyimage.com\/720x400","character_count":168,"formatted_date":"13\/08\/2014 - 17:50","contentNovo":"\r\n<p><a href=\"http:\/\/www.em.com.br\/app\/noticia\/economia\/2014\/08\/06\/internas_economia,555761\/brasil-toma-goleada-em-sonegacao-de-tributos-aponta-sinprofaz.shtml\" target=\"_blank\">Estado de Minas<\/a><\/p>\r\n<p><a href=\"http:\/\/agenciabrasil.ebc.com.br\/geral\/foto\/2014-08\/sonegometro-volta-brasilia\" target=\"_blank\"> Ag\u00eancia Brasil<\/a><\/p>\r\n<p><a href=\"http:\/\/comexdobrasil.com\/sonegometro-brasil-toma-goleada-em-sonegacao-de-tributos-aponta-sinprofaz\/?lang=it\" target=\"_blank\">Comex do Brasil<\/a><\/p>\r\n<p><a href=\"http:\/\/m.zerohora.com.br\/noticia\/4569002\/sonegometro-aponta-perda-de-r-300-bi-em-arrecadacao\" target=\"_blank\">Zero Hora<\/a><\/p>\r\n<p><a href=\"https:\/\/br.financas.yahoo.com\/noticias\/soneg-metro-aponta-perda-r-300-bi-arrecada-153600263--finance.html\" target=\"_blank\">Yahoo! Finan\u00e7as<\/a><\/p>\r\n<p><a href=\"http:\/\/www.hojeemdia.com.br\/noticias\/economia-e-negocios\/sonegometro-aponta-perda-de-cerca-de-r-300-bilh-es-em-arrecadac-o-1.259572\" target=\"_blank\">Hoje em dia<\/a><\/p>\r\n<p><a href=\"http:\/\/www.mancheteonline.com.br\/sonegometro-aponta-perda-de-r-300-bi-em-arrecadacao\/\" target=\"_blank\">Manchete Online<\/a><\/p>\r\n<p><a href=\"http:\/\/www.folhavitoria.com.br\/economia\/noticia\/2014\/08\/sonegometro-aponta-perda-de-r-300-bi-em-arrecadacao.html\" target=\"_blank\">Folha Vit\u00f3ria<\/a><\/p>\r\n<p><a href=\"http:\/\/fotospublicas.com\/sonegometro-volta-brasilia\/\" target=\"_blank\">Fotos P\u00fablicas<\/a><\/p>\r\n<p><a href=\"http:\/\/costaricanews.com.br\/exibe.php?id=3237#.U-J71PldVe8\" target=\"_blank\">Costa Rica News<\/a><\/p>\r\n<p><a href=\"http:\/\/www.tnonline.com.br\/noticias\/economia\/5,282577,01,01,sonegometro-aponta-perda-de-r-300-bi-em-arrecadacao\" target=\"_blank\">TNOnline<\/a><\/p>\r\n<p><a href=\"http:\/\/anoticia.clicrbs.com.br\/sc\/noticia\/2014\/08\/sonegometro-aponta-perda-de-r-300-bilhoes-em-arrecadacao-4569002.html\" target=\"_blank\">A Not\u00edcia<\/a><\/p>\r\n<p><a href=\"http:\/\/www.jcom.com.br\/colunas\/146146\/De_soneg%C3%B4metro_impost%C3%B4metro_baf%C3%B4metro___cia_dedo-duro\" target=\"_Blank\">Jornal do Commercio<\/a><\/p>\r\n<p><a href=\"http:\/\/www.parana-online.com.br\/editoria\/economia\/news\/819139\/?noticia=SONEGOMETRO+APONTA+PERDA+DE+R+300+BI+EM+ARRECADACAO\" target=\"_blank\">Paran\u00e1 Online<\/a><\/p>\r\n<p><a href=\"http:\/\/www.cruzeirodosul.inf.br\/materia\/562789\/sonegometro-aponta-perda-de-r-300-bi-em-arrecadacao\" target=\"_blank\">Cruzeiro do Sul<\/a><\/p>\r\n<p><a href=\"http:\/\/tablet.opovo.com.br\/app\/opovo\/canais\/economia\/2014\/08\/06\/4753619\/sonegometro-aponta-perda-de-r-300-bi-em-arrecadacao.shtml\" target=\"_blank\">O POVO online<\/a><\/p>\r\n<p><a href=\"http:\/\/www.em.com.br\/app\/noticia\/economia\/2014\/08\/06\/internas_economia,555761\/brasil-toma-goleada-em-sonegacao-de-tributos-aponta-sinprofaz.shtml\" target=\"_blank\">Em.com.br<\/a><\/p>\r\n<p><a href=\"http:\/\/www.opopular.com.br\/editorias\/economia\/soneg%C3%B4metro-aponta-perda-de-r-300-bi-em-arrecada%C3%A7%C3%A3o-1.626702\" target=\"_blank\">O Popular<\/a><\/p>\r\n<p><a href=\"http:\/\/www.diariodepernambuco.com.br\/app\/noticia\/economia\/2014\/08\/06\/internas_economia,520847\/sonegometro-aponta-perda-de-r-300-bilhoes-em-arrecadacao.shtml\" target=\"_blank\">Di\u00e1rio de Pernambuco<\/a><\/p>\r\n<p><a href=\"http:\/\/www.paraibaonline.com.br\/noticia\/931467-sonegometro--brasil-toma--goleada--em-sonegacao-de-tributos--aponta-sinprofaz.html\" target=\"_blank\">Para\u00edba Online<\/a><\/p>\r\n<p><a href=\"http:\/\/jcrs.uol.com.br\/site\/noticia.php?codn=169147\" target=\"_blank\">Jornal do Com\u00e9rcio<\/a><\/p>\r\n<p><a href=\"http:\/\/www.diarioweb.com.br\/novoportal\/Noticias\/Economia\/200493,,Sonegometro+aponta+perda+de+R$+300+bi+em+arrecadacao.aspx\" target=\"_blank\">Di\u00e1rio Web<\/a><\/p>\r\n<p><a href=\"http:\/\/pioneiro.clicrbs.com.br\/rs\/economia\/noticia\/2014\/08\/sonegometro-aponta-perda-de-r-300-bilhoes-em-arrecadacao-4569002.html\" target=\"_blank\">Pioneiro<\/a><\/p>","_links":{"self":[{"href":"https:\/\/sinprofaz.org.br\/2024\/wp-json\/wp\/v2\/posts\/1877"}],"collection":[{"href":"https:\/\/sinprofaz.org.br\/2024\/wp-json\/wp\/v2\/posts"}],"about":[{"href":"https:\/\/sinprofaz.org.br\/2024\/wp-json\/wp\/v2\/types\/post"}],"author":[{"embeddable":true,"href":"https:\/\/sinprofaz.org.br\/2024\/wp-json\/wp\/v2\/users\/1"}],"replies":[{"embeddable":true,"href":"https:\/\/sinprofaz.org.br\/2024\/wp-json\/wp\/v2\/comments?post=1877"}],"version-history":[{"count":0,"href":"https:\/\/sinprofaz.org.br\/2024\/wp-json\/wp\/v2\/posts\/1877\/revisions"}],"wp:attachment":[{"href":"https:\/\/sinprofaz.org.br\/2024\/wp-json\/wp\/v2\/media?parent=1877"}],"wp:term":[{"taxonomy":"category","embeddable":true,"href":"https:\/\/sinprofaz.org.br\/2024\/wp-json\/wp\/v2\/categories?post=1877"},{"taxonomy":"post_tag","embeddable":true,"href":"https:\/\/sinprofaz.org.br\/2024\/wp-json\/wp\/v2\/tags?post=1877"}],"curies":[{"name":"wp","href":"https:\/\/api.w.org\/{rel}","templated":true}]}}