{"id":18764,"date":"2024-08-29T10:34:47","date_gmt":"2024-08-29T13:34:47","guid":{"rendered":"https:\/\/sinprofaz.org.br\/2024\/?p=18764"},"modified":"2024-08-29T17:24:05","modified_gmt":"2024-08-29T20:24:05","slug":"sinprofaz-marca-presenca-no-evento-movimento-unidos-pelo-combustivel-legal","status":"publish","type":"post","link":"https:\/\/sinprofaz.org.br\/2024\/noticias\/sinprofaz-marca-presenca-no-evento-movimento-unidos-pelo-combustivel-legal\/","title":{"rendered":"SINPROFAZ MARCA PRESEN\u00c7A NO EVENTO &#8220;MOVIMENTO UNIDOS PELO COMBUST\u00cdVEL LEGAL&#8221;"},"content":{"rendered":"<p>A presidente Iolanda Guindani compareceu ontem (28), em Bras\u00edlia\/DF, ao evento\u00a0<strong>Movimento Unidos pelo Combust\u00edvel Legal<\/strong>. Promovido pelo Instituto Combust\u00edvel Legal (ICL) e pela Federa\u00e7\u00e3o Nacional do Com\u00e9rcio de Combust\u00edveis e de Lubrificantes (Fecombust\u00edveis), o Movimento visa ao debate de assuntos priorit\u00e1rios para o SINPROFAZ, a exemplo da caracteriza\u00e7\u00e3o do devedor contumaz e do combate \u00e0 sonega\u00e7\u00e3o no setor de combust\u00edveis. O convite para a participa\u00e7\u00e3o do Sindicato partiu do anfitri\u00e3o do evento e presidente do ICL, Emerson Kapaz.<\/p>\n<p>O Movimento Unidos pelo Combust\u00edvel Legal tamb\u00e9m conta com os apoios de Carlos Sampaio, deputado federal pelo PSD\/SP, e Guido Rogerio Macedo Silveira Filho,\u00a0vice-presidente Jur\u00eddico e de Rela\u00e7\u00f5es Institucionais da Ipiranga, membro do Conselho de Administra\u00e7\u00e3o do Sindicato Nacional das Empresas Distribuidoras de Combust\u00edveis e de Lubrificantes (Sindicom) e presidente do Conselho de Administra\u00e7\u00e3o do ICL. O SINPROFAZ tem enorme orgulho da parceria firmada junto ao Sindicom e ao ICL &#8211; institui\u00e7\u00f5es nacionalmente\u00a0reconhecidas pela seriedade e relev\u00e2ncia do trabalho desempenhado.<\/p>\n<p><!-- notionvc: 8830ce0f-9605-40f0-9dac-f95d05d9df7d --><\/p>\n\n\t\t<style type=\"text\/css\">\n\t\t\t#gallery-1 {\n\t\t\t\tmargin: auto;\n\t\t\t}\n\t\t\t#gallery-1 .gallery-item {\n\t\t\t\tfloat: left;\n\t\t\t\tmargin-top: 10px;\n\t\t\t\ttext-align: center;\n\t\t\t\twidth: 33%;\n\t\t\t}\n\t\t\t#gallery-1 img {\n\t\t\t\tborder: 2px solid #cfcfcf;\n\t\t\t}\n\t\t\t#gallery-1 .gallery-caption {\n\t\t\t\tmargin-left: 0;\n\t\t\t}\n\t\t\t\/* see gallery_shortcode() in wp-includes\/media.php *\/\n\t\t<\/style>\n\t\t<div id='gallery-1' class='gallery galleryid-18764 gallery-columns-3 gallery-size-thumbnail'><dl class='gallery-item'>\n\t\t\t<dt class='gallery-icon landscape'>\n\t\t\t\t<a href='https:\/\/sinprofaz.org.br\/2024\/wp-content\/uploads\/2024\/08\/2-7.png'><img loading=\"lazy\" decoding=\"async\" width=\"150\" height=\"150\" src=\"https:\/\/sinprofaz.org.br\/2024\/wp-content\/uploads\/2024\/08\/2-7-150x150.png\" class=\"attachment-thumbnail size-thumbnail\" alt=\"\" \/><\/a>\n\t\t\t<\/dt><\/dl>\n\t\t\t<br style='clear: both' \/>\n\t\t<\/div>\n\n","protected":false},"excerpt":{"rendered":"<p>O Movimento visa ao debate de assuntos priorit\u00e1rios para o SINPROFAZ, a exemplo da caracteriza\u00e7\u00e3o do devedor contumaz e do combate \u00e0 sonega\u00e7\u00e3o no setor de combust\u00edveis. O convite para a participa\u00e7\u00e3o do Sindicato partiu do presidente do ICL, Emerson Kapaz.<\/p>\n","protected":false},"author":2,"featured_media":18765,"comment_status":"open","ping_status":"open","sticky":false,"template":"","format":"standard","meta":{"footnotes":""},"categories":[8],"tags":[23,29,80],"featured_image_url":"https:\/\/sinprofaz.org.br\/2024\/wp-content\/uploads\/2024\/08\/1-12.png","character_count":758,"formatted_date":"29\/08\/2024 - 10:34","contentNovo":"A presidente Iolanda Guindani compareceu ontem (28), em Bras\u00edlia\/DF, ao evento\u00a0<strong>Movimento Unidos pelo Combust\u00edvel Legal<\/strong>. Promovido pelo Instituto Combust\u00edvel Legal (ICL) e pela Federa\u00e7\u00e3o Nacional do Com\u00e9rcio de Combust\u00edveis e de Lubrificantes (Fecombust\u00edveis), o Movimento visa ao debate de assuntos priorit\u00e1rios para o SINPROFAZ, a exemplo da caracteriza\u00e7\u00e3o do devedor contumaz e do combate \u00e0 sonega\u00e7\u00e3o no setor de combust\u00edveis. O convite para a participa\u00e7\u00e3o do Sindicato partiu do anfitri\u00e3o do evento e presidente do ICL, Emerson Kapaz.\r\n\r\nO Movimento Unidos pelo Combust\u00edvel Legal tamb\u00e9m conta com os apoios de Carlos Sampaio, deputado federal pelo PSD\/SP, e Guido Rogerio Macedo Silveira Filho,\u00a0vice-presidente Jur\u00eddico e de Rela\u00e7\u00f5es Institucionais da Ipiranga, membro do Conselho de Administra\u00e7\u00e3o do Sindicato Nacional das Empresas Distribuidoras de Combust\u00edveis e de Lubrificantes (Sindicom) e presidente do Conselho de Administra\u00e7\u00e3o do ICL. O SINPROFAZ tem enorme orgulho da parceria firmada junto ao Sindicom e ao ICL - institui\u00e7\u00f5es nacionalmente\u00a0reconhecidas pela seriedade e relev\u00e2ncia do trabalho desempenhado.\r\n\r\n\r\n\r\n[gallery link=\"file\" ids=\"18766\"]","_links":{"self":[{"href":"https:\/\/sinprofaz.org.br\/2024\/wp-json\/wp\/v2\/posts\/18764"}],"collection":[{"href":"https:\/\/sinprofaz.org.br\/2024\/wp-json\/wp\/v2\/posts"}],"about":[{"href":"https:\/\/sinprofaz.org.br\/2024\/wp-json\/wp\/v2\/types\/post"}],"author":[{"embeddable":true,"href":"https:\/\/sinprofaz.org.br\/2024\/wp-json\/wp\/v2\/users\/2"}],"replies":[{"embeddable":true,"href":"https:\/\/sinprofaz.org.br\/2024\/wp-json\/wp\/v2\/comments?post=18764"}],"version-history":[{"count":2,"href":"https:\/\/sinprofaz.org.br\/2024\/wp-json\/wp\/v2\/posts\/18764\/revisions"}],"predecessor-version":[{"id":18771,"href":"https:\/\/sinprofaz.org.br\/2024\/wp-json\/wp\/v2\/posts\/18764\/revisions\/18771"}],"wp:featuredmedia":[{"embeddable":true,"href":"https:\/\/sinprofaz.org.br\/2024\/wp-json\/wp\/v2\/media\/18765"}],"wp:attachment":[{"href":"https:\/\/sinprofaz.org.br\/2024\/wp-json\/wp\/v2\/media?parent=18764"}],"wp:term":[{"taxonomy":"category","embeddable":true,"href":"https:\/\/sinprofaz.org.br\/2024\/wp-json\/wp\/v2\/categories?post=18764"},{"taxonomy":"post_tag","embeddable":true,"href":"https:\/\/sinprofaz.org.br\/2024\/wp-json\/wp\/v2\/tags?post=18764"}],"curies":[{"name":"wp","href":"https:\/\/api.w.org\/{rel}","templated":true}]}}