{"id":18753,"date":"2024-08-28T17:00:43","date_gmt":"2024-08-28T20:00:43","guid":{"rendered":"https:\/\/sinprofaz.org.br\/2024\/?p=18753"},"modified":"2024-08-28T14:43:50","modified_gmt":"2024-08-28T17:43:50","slug":"sinprofaz-comparece-a-solenidade-de-abertura-do-xxiii-conpprev","status":"publish","type":"post","link":"https:\/\/sinprofaz.org.br\/2024\/noticias\/sinprofaz-comparece-a-solenidade-de-abertura-do-xxiii-conpprev\/","title":{"rendered":"SINPROFAZ COMPARECE \u00c0 SOLENIDADE DE ABERTURA DO XXIII CONPPREV"},"content":{"rendered":"<p>O SINPROFAZ, representado por Iolanda Guindani, compareceu na segunda-feira (26) \u00e0 cerim\u00f4nia de abertura do XXIII Congresso Nacional da ANPPREV, o CONPPREV. Em virtude da parceria hist\u00f3rica entre Sindicato e Associa\u00e7\u00e3o, a presidente do SINPROFAZ foi convidada a gravar um v\u00eddeo para transmiss\u00e3o durante a solenidade. Na grava\u00e7\u00e3o, Iolanda Guindani enalteceu o tema escolhido para o Congresso:\u00a0<span class=\"notion-enable-hover\" data-token-index=\"1\">O papel do Procurador Federal na efetiva\u00e7\u00e3o das Pol\u00edticas P\u00fablicas em prol da Sociedade<\/span>. &#8220;\u00c9 fundamental, especialmente neste momento decisivo que\u00a0estamos vivendo, chamar a aten\u00e7\u00e3o para a Fun\u00e7\u00e3o Essencial desempenhada pelos Advogados P\u00fablicos Federais.&#8221;\u00a0 <!-- --> <!-- notionvc: fa6f5723-acc9-4c9d-aa2d-0c563c4077bc --><\/p>\n<p>Promovida em Bras\u00edlia\/DF, a solenidade contou com a participa\u00e7\u00e3o de autoridades do Executivo e do Legislativo federal. Entre os presentes, destacaram-se as procuradoras da Fazenda Nacional e filiadas Claudia Trindade, assessora especial de Diversidade e Inclus\u00e3o da AGU; Adriana Rocha, diretora de Gest\u00e3o Corporativa da PGFN; e Maria Dionne de Ara\u00fajo, presidente da Comiss\u00e3o Nacional de Advocacia P\u00fablica da Ordem dos Advogados do Brasil. Para ministrar a palestra magna da cerim\u00f4nia de abertura, o convidado da ANPPREV foi o deputado federal Lafayette de Andrada (Republicanos\/MG), presidente da Frente Parlamentar Mista em Defesa da Advocacia P\u00fablica.<\/p>\n\n\t\t<style type=\"text\/css\">\n\t\t\t#gallery-1 {\n\t\t\t\tmargin: auto;\n\t\t\t}\n\t\t\t#gallery-1 .gallery-item {\n\t\t\t\tfloat: left;\n\t\t\t\tmargin-top: 10px;\n\t\t\t\ttext-align: center;\n\t\t\t\twidth: 33%;\n\t\t\t}\n\t\t\t#gallery-1 img {\n\t\t\t\tborder: 2px solid #cfcfcf;\n\t\t\t}\n\t\t\t#gallery-1 .gallery-caption {\n\t\t\t\tmargin-left: 0;\n\t\t\t}\n\t\t\t\/* see gallery_shortcode() in wp-includes\/media.php *\/\n\t\t<\/style>\n\t\t<div id='gallery-1' class='gallery galleryid-18753 gallery-columns-3 gallery-size-thumbnail'><dl class='gallery-item'>\n\t\t\t<dt class='gallery-icon landscape'>\n\t\t\t\t<a href='https:\/\/sinprofaz.org.br\/2024\/wp-content\/uploads\/2024\/08\/2-6.png'><img loading=\"lazy\" decoding=\"async\" width=\"150\" height=\"150\" src=\"https:\/\/sinprofaz.org.br\/2024\/wp-content\/uploads\/2024\/08\/2-6-150x150.png\" class=\"attachment-thumbnail size-thumbnail\" alt=\"\" \/><\/a>\n\t\t\t<\/dt><\/dl><dl class='gallery-item'>\n\t\t\t<dt class='gallery-icon landscape'>\n\t\t\t\t<a href='https:\/\/sinprofaz.org.br\/2024\/wp-content\/uploads\/2024\/08\/3-5.png'><img loading=\"lazy\" decoding=\"async\" width=\"150\" height=\"150\" src=\"https:\/\/sinprofaz.org.br\/2024\/wp-content\/uploads\/2024\/08\/3-5-150x150.png\" class=\"attachment-thumbnail size-thumbnail\" alt=\"\" \/><\/a>\n\t\t\t<\/dt><\/dl><dl class='gallery-item'>\n\t\t\t<dt class='gallery-icon landscape'>\n\t\t\t\t<a href='https:\/\/sinprofaz.org.br\/2024\/wp-content\/uploads\/2024\/08\/4-4.png'><img loading=\"lazy\" decoding=\"async\" width=\"150\" height=\"150\" src=\"https:\/\/sinprofaz.org.br\/2024\/wp-content\/uploads\/2024\/08\/4-4-150x150.png\" class=\"attachment-thumbnail size-thumbnail\" alt=\"\" \/><\/a>\n\t\t\t<\/dt><\/dl><br style=\"clear: both\" \/><dl class='gallery-item'>\n\t\t\t<dt class='gallery-icon landscape'>\n\t\t\t\t<a href='https:\/\/sinprofaz.org.br\/2024\/wp-content\/uploads\/2024\/08\/5-3.png'><img loading=\"lazy\" decoding=\"async\" width=\"150\" height=\"150\" src=\"https:\/\/sinprofaz.org.br\/2024\/wp-content\/uploads\/2024\/08\/5-3-150x150.png\" class=\"attachment-thumbnail size-thumbnail\" alt=\"\" \/><\/a>\n\t\t\t<\/dt><\/dl><dl class='gallery-item'>\n\t\t\t<dt class='gallery-icon landscape'>\n\t\t\t\t<a href='https:\/\/sinprofaz.org.br\/2024\/wp-content\/uploads\/2024\/08\/6-2.png'><img loading=\"lazy\" decoding=\"async\" width=\"150\" height=\"150\" src=\"https:\/\/sinprofaz.org.br\/2024\/wp-content\/uploads\/2024\/08\/6-2-150x150.png\" class=\"attachment-thumbnail size-thumbnail\" alt=\"\" \/><\/a>\n\t\t\t<\/dt><\/dl><dl class='gallery-item'>\n\t\t\t<dt class='gallery-icon landscape'>\n\t\t\t\t<a href='https:\/\/sinprofaz.org.br\/2024\/wp-content\/uploads\/2024\/08\/7-2.png'><img loading=\"lazy\" decoding=\"async\" width=\"150\" height=\"150\" src=\"https:\/\/sinprofaz.org.br\/2024\/wp-content\/uploads\/2024\/08\/7-2-150x150.png\" class=\"attachment-thumbnail size-thumbnail\" alt=\"\" \/><\/a>\n\t\t\t<\/dt><\/dl><br style=\"clear: both\" \/><dl class='gallery-item'>\n\t\t\t<dt class='gallery-icon landscape'>\n\t\t\t\t<a href='https:\/\/sinprofaz.org.br\/2024\/wp-content\/uploads\/2024\/08\/8-2.png'><img loading=\"lazy\" decoding=\"async\" width=\"150\" height=\"150\" src=\"https:\/\/sinprofaz.org.br\/2024\/wp-content\/uploads\/2024\/08\/8-2-150x150.png\" class=\"attachment-thumbnail size-thumbnail\" alt=\"\" \/><\/a>\n\t\t\t<\/dt><\/dl>\n\t\t\t<br style='clear: both' \/>\n\t\t<\/div>\n\n","protected":false},"excerpt":{"rendered":"<p>Iolanda Guindani enalteceu o tema escolhido para o Congresso: O papel do Procurador Federal na efetiva\u00e7\u00e3o das Pol\u00edticas P\u00fablicas em prol da Sociedade. &#8220;\u00c9 fundamental, neste momento que vivemos, chamar a aten\u00e7\u00e3o para a Fun\u00e7\u00e3o Essencial desempenhada pelos Advogados P\u00fablicos Federais.&#8221; <\/p>\n","protected":false},"author":2,"featured_media":18754,"comment_status":"open","ping_status":"open","sticky":false,"template":"","format":"standard","meta":{"footnotes":""},"categories":[8],"tags":[66,23,29],"featured_image_url":"https:\/\/sinprofaz.org.br\/2024\/wp-content\/uploads\/2024\/08\/1-11.png","character_count":890,"formatted_date":"28\/08\/2024 - 17:00","contentNovo":"O SINPROFAZ, representado por Iolanda Guindani, compareceu na segunda-feira (26) \u00e0 cerim\u00f4nia de abertura do XXIII Congresso Nacional da ANPPREV, o CONPPREV. Em virtude da parceria hist\u00f3rica entre Sindicato e Associa\u00e7\u00e3o, a presidente do SINPROFAZ foi convidada a gravar um v\u00eddeo para transmiss\u00e3o durante a solenidade. Na grava\u00e7\u00e3o, Iolanda Guindani enalteceu o tema escolhido para o Congresso:\u00a0O papel do Procurador Federal na efetiva\u00e7\u00e3o das Pol\u00edticas P\u00fablicas em prol da Sociedade. \"\u00c9 fundamental, especialmente neste momento decisivo que\u00a0estamos vivendo, chamar a aten\u00e7\u00e3o para a Fun\u00e7\u00e3o Essencial desempenhada pelos Advogados P\u00fablicos Federais.\"\u00a0  \r\n\r\nPromovida em Bras\u00edlia\/DF, a solenidade contou com a participa\u00e7\u00e3o de autoridades do Executivo e do Legislativo federal. Entre os presentes, destacaram-se as procuradoras da Fazenda Nacional e filiadas Claudia Trindade, assessora especial de Diversidade e Inclus\u00e3o da AGU; Adriana Rocha, diretora de Gest\u00e3o Corporativa da PGFN; e Maria Dionne de Ara\u00fajo, presidente da Comiss\u00e3o Nacional de Advocacia P\u00fablica da Ordem dos Advogados do Brasil. Para ministrar a palestra magna da cerim\u00f4nia de abertura, o convidado da ANPPREV foi o deputado federal Lafayette de Andrada (Republicanos\/MG), presidente da Frente Parlamentar Mista em Defesa da Advocacia P\u00fablica.\r\n\r\n[gallery link=\"file\" ids=\"18755,18756,18757,18758,18759,18760,18761\"]","_links":{"self":[{"href":"https:\/\/sinprofaz.org.br\/2024\/wp-json\/wp\/v2\/posts\/18753"}],"collection":[{"href":"https:\/\/sinprofaz.org.br\/2024\/wp-json\/wp\/v2\/posts"}],"about":[{"href":"https:\/\/sinprofaz.org.br\/2024\/wp-json\/wp\/v2\/types\/post"}],"author":[{"embeddable":true,"href":"https:\/\/sinprofaz.org.br\/2024\/wp-json\/wp\/v2\/users\/2"}],"replies":[{"embeddable":true,"href":"https:\/\/sinprofaz.org.br\/2024\/wp-json\/wp\/v2\/comments?post=18753"}],"version-history":[{"count":1,"href":"https:\/\/sinprofaz.org.br\/2024\/wp-json\/wp\/v2\/posts\/18753\/revisions"}],"predecessor-version":[{"id":18762,"href":"https:\/\/sinprofaz.org.br\/2024\/wp-json\/wp\/v2\/posts\/18753\/revisions\/18762"}],"wp:featuredmedia":[{"embeddable":true,"href":"https:\/\/sinprofaz.org.br\/2024\/wp-json\/wp\/v2\/media\/18754"}],"wp:attachment":[{"href":"https:\/\/sinprofaz.org.br\/2024\/wp-json\/wp\/v2\/media?parent=18753"}],"wp:term":[{"taxonomy":"category","embeddable":true,"href":"https:\/\/sinprofaz.org.br\/2024\/wp-json\/wp\/v2\/categories?post=18753"},{"taxonomy":"post_tag","embeddable":true,"href":"https:\/\/sinprofaz.org.br\/2024\/wp-json\/wp\/v2\/tags?post=18753"}],"curies":[{"name":"wp","href":"https:\/\/api.w.org\/{rel}","templated":true}]}}