{"id":18706,"date":"2024-08-21T16:28:25","date_gmt":"2024-08-21T19:28:25","guid":{"rendered":"https:\/\/sinprofaz.org.br\/2024\/?p=18706"},"modified":"2024-08-21T16:28:25","modified_gmt":"2024-08-21T19:28:25","slug":"sinprofaz-ccha-e-entidades-promovem-reuniao-de-alinhamento","status":"publish","type":"post","link":"https:\/\/sinprofaz.org.br\/2024\/noticias\/sinprofaz-ccha-e-entidades-promovem-reuniao-de-alinhamento\/","title":{"rendered":"SINPROFAZ, CCHA E ENTIDADES PROMOVEM REUNI\u00c3O DE ALINHAMENTO"},"content":{"rendered":"<p>A presidente Iolanda Guindani representou o SINPROFAZ em reuni\u00e3o nesta quarta-feira (21), em Bras\u00edlia\/DF. Na ocasi\u00e3o, dirigentes sindicais, integrantes da atual gest\u00e3o do CCHA e membros eleitos para o Conselho se encontraram para debater os resultados alcan\u00e7ados com o trabalho conjunto e, especialmente, os avan\u00e7os esperados para os pr\u00f3ximos meses. Os conselheiros eleitos para o bi\u00eanio 2024\/2026 assumem o CCHA no dia 1\u00ba de setembro e t\u00eam o desafio de efetivar todas as prerrogativas n\u00e3o concretizadas pela gest\u00e3o anterior.<\/p>\n<p>Ao fazer uso da palavra durante a reuni\u00e3o, a presidente do SINPROFAZ deu as boas-vindas aos Colegas eleitos e manifestou o desejo pela atua\u00e7\u00e3o coordenada entre entidades, CCHA e AGU. Iolanda Guindani falou ainda sobre a expectativa da Carreira com rela\u00e7\u00e3o \u00e0s prioridades do Conselho e sobre a necessidade de di\u00e1logo permanente, de forma que procuradoras e procuradores da Fazenda Nacional estejam absolutamente informados a respeito de todos os progressos &#8211; principalmente daqueles que afetam as prerrogativas mais pr\u00f3ximas \u00e0 consolida\u00e7\u00e3o.<\/p>\n\n\t\t<style type=\"text\/css\">\n\t\t\t#gallery-1 {\n\t\t\t\tmargin: auto;\n\t\t\t}\n\t\t\t#gallery-1 .gallery-item {\n\t\t\t\tfloat: left;\n\t\t\t\tmargin-top: 10px;\n\t\t\t\ttext-align: center;\n\t\t\t\twidth: 33%;\n\t\t\t}\n\t\t\t#gallery-1 img {\n\t\t\t\tborder: 2px solid #cfcfcf;\n\t\t\t}\n\t\t\t#gallery-1 .gallery-caption {\n\t\t\t\tmargin-left: 0;\n\t\t\t}\n\t\t\t\/* see gallery_shortcode() in wp-includes\/media.php *\/\n\t\t<\/style>\n\t\t<div id='gallery-1' class='gallery galleryid-18706 gallery-columns-3 gallery-size-thumbnail'><dl class='gallery-item'>\n\t\t\t<dt class='gallery-icon landscape'>\n\t\t\t\t<a href='https:\/\/sinprofaz.org.br\/2024\/wp-content\/uploads\/2024\/08\/ANPPREV-2.png'><img loading=\"lazy\" decoding=\"async\" width=\"150\" height=\"150\" src=\"https:\/\/sinprofaz.org.br\/2024\/wp-content\/uploads\/2024\/08\/ANPPREV-2-150x150.png\" class=\"attachment-thumbnail size-thumbnail\" alt=\"\" \/><\/a>\n\t\t\t<\/dt><\/dl><dl class='gallery-item'>\n\t\t\t<dt class='gallery-icon landscape'>\n\t\t\t\t<a href='https:\/\/sinprofaz.org.br\/2024\/wp-content\/uploads\/2024\/08\/ANPPREV-3.png'><img loading=\"lazy\" decoding=\"async\" width=\"150\" height=\"150\" src=\"https:\/\/sinprofaz.org.br\/2024\/wp-content\/uploads\/2024\/08\/ANPPREV-3-150x150.png\" class=\"attachment-thumbnail size-thumbnail\" alt=\"\" \/><\/a>\n\t\t\t<\/dt><\/dl><dl class='gallery-item'>\n\t\t\t<dt class='gallery-icon landscape'>\n\t\t\t\t<a href='https:\/\/sinprofaz.org.br\/2024\/wp-content\/uploads\/2024\/08\/ANPPREV-4.png'><img loading=\"lazy\" decoding=\"async\" width=\"150\" height=\"150\" src=\"https:\/\/sinprofaz.org.br\/2024\/wp-content\/uploads\/2024\/08\/ANPPREV-4-150x150.png\" class=\"attachment-thumbnail size-thumbnail\" alt=\"\" \/><\/a>\n\t\t\t<\/dt><\/dl><br style=\"clear: both\" \/>\n\t\t<\/div>\n\n","protected":false},"excerpt":{"rendered":"<p>Ao fazer uso da palavra durante a reuni\u00e3o, a presidente do SINPROFAZ deu as boas-vindas aos Colegas eleitos e manifestou o desejo pela atua\u00e7\u00e3o coordenada entre as entidades, o CCHA e a AGU. Iolanda Guindani falou ainda sobre a expectativa da Carreira com rela\u00e7\u00e3o \u00e0s prioridades do Conselho. Confira!<\/p>\n","protected":false},"author":2,"featured_media":18707,"comment_status":"open","ping_status":"open","sticky":false,"template":"","format":"standard","meta":{"footnotes":""},"categories":[8],"tags":[66,71,25],"featured_image_url":"https:\/\/sinprofaz.org.br\/2024\/wp-content\/uploads\/2024\/08\/ANPPREV-1.png","character_count":737,"formatted_date":"21\/08\/2024 - 16:28","contentNovo":"A presidente Iolanda Guindani representou o SINPROFAZ em reuni\u00e3o nesta quarta-feira (21), em Bras\u00edlia\/DF. Na ocasi\u00e3o, dirigentes sindicais, integrantes da atual gest\u00e3o do CCHA e membros eleitos para o Conselho se encontraram para debater os resultados alcan\u00e7ados com o trabalho conjunto e, especialmente, os avan\u00e7os esperados para os pr\u00f3ximos meses. Os conselheiros eleitos para o bi\u00eanio 2024\/2026 assumem o CCHA no dia 1\u00ba de setembro e t\u00eam o desafio de efetivar todas as prerrogativas n\u00e3o concretizadas pela gest\u00e3o anterior.\r\n\r\nAo fazer uso da palavra durante a reuni\u00e3o, a presidente do SINPROFAZ deu as boas-vindas aos Colegas eleitos e manifestou o desejo pela atua\u00e7\u00e3o coordenada entre entidades, CCHA e AGU. Iolanda Guindani falou ainda sobre a expectativa da Carreira com rela\u00e7\u00e3o \u00e0s prioridades do Conselho e sobre a necessidade de di\u00e1logo permanente, de forma que procuradoras e procuradores da Fazenda Nacional estejam absolutamente informados a respeito de todos os progressos - principalmente daqueles que afetam as prerrogativas mais pr\u00f3ximas \u00e0 consolida\u00e7\u00e3o.\r\n\r\n[gallery link=\"file\" ids=\"18708,18709,18710\"]","_links":{"self":[{"href":"https:\/\/sinprofaz.org.br\/2024\/wp-json\/wp\/v2\/posts\/18706"}],"collection":[{"href":"https:\/\/sinprofaz.org.br\/2024\/wp-json\/wp\/v2\/posts"}],"about":[{"href":"https:\/\/sinprofaz.org.br\/2024\/wp-json\/wp\/v2\/types\/post"}],"author":[{"embeddable":true,"href":"https:\/\/sinprofaz.org.br\/2024\/wp-json\/wp\/v2\/users\/2"}],"replies":[{"embeddable":true,"href":"https:\/\/sinprofaz.org.br\/2024\/wp-json\/wp\/v2\/comments?post=18706"}],"version-history":[{"count":1,"href":"https:\/\/sinprofaz.org.br\/2024\/wp-json\/wp\/v2\/posts\/18706\/revisions"}],"predecessor-version":[{"id":18711,"href":"https:\/\/sinprofaz.org.br\/2024\/wp-json\/wp\/v2\/posts\/18706\/revisions\/18711"}],"wp:featuredmedia":[{"embeddable":true,"href":"https:\/\/sinprofaz.org.br\/2024\/wp-json\/wp\/v2\/media\/18707"}],"wp:attachment":[{"href":"https:\/\/sinprofaz.org.br\/2024\/wp-json\/wp\/v2\/media?parent=18706"}],"wp:term":[{"taxonomy":"category","embeddable":true,"href":"https:\/\/sinprofaz.org.br\/2024\/wp-json\/wp\/v2\/categories?post=18706"},{"taxonomy":"post_tag","embeddable":true,"href":"https:\/\/sinprofaz.org.br\/2024\/wp-json\/wp\/v2\/tags?post=18706"}],"curies":[{"name":"wp","href":"https:\/\/api.w.org\/{rel}","templated":true}]}}