{"id":18702,"date":"2024-08-20T11:44:11","date_gmt":"2024-08-20T14:44:11","guid":{"rendered":"https:\/\/sinprofaz.org.br\/2024\/?p=18702"},"modified":"2024-08-20T11:44:11","modified_gmt":"2024-08-20T14:44:11","slug":"pfns-convidam-para-dialogos-com-a-comissao-da-advocacia-publica-do-df-prerrogativas","status":"publish","type":"post","link":"https:\/\/sinprofaz.org.br\/2024\/noticias\/pfns-convidam-para-dialogos-com-a-comissao-da-advocacia-publica-do-df-prerrogativas\/","title":{"rendered":"PFNS CONVIDAM PARA &#8220;DI\u00c1LOGOS COM A COMISS\u00c3O DA ADVOCACIA P\u00daBLICA DO DF: PRERROGATIVAS&#8221;"},"content":{"rendered":"<p>Na pr\u00f3xima ter\u00e7a-feira, 27 de agosto, \u00e0s 19h, a Presidente da Comiss\u00e3o da Advocacia P\u00fablica Federal da OAB\/DF, Herta Rani Teles, e a Vice-Presidente da Comiss\u00e3o da Advocacia P\u00fablica Federal da OAB\/DF, Amanda de Souza Geracy, ambas PFNs, participam do evento &#8220;Di\u00e1logos com a Comiss\u00e3o da Advocacia P\u00fablica do DF: Prerrogativas&#8221;.<\/p>\n<p>A Comiss\u00e3o da Advocacia P\u00fablica Federal do DF intenciona debater sobre prerrogativas e sobre o papel da Ordem dos Advogados do Brasil enquanto parceira das a\u00e7\u00f5es em prol da Advocacia P\u00fablica. A Comiss\u00e3o tamb\u00e9m informa que as inscri\u00e7\u00f5es para ingresso est\u00e3o sempre abertas e que h\u00e1 muitas frentes a serem trabalhadas.<\/p>\n<p>O evento contar\u00e1 com as participa\u00e7\u00f5es de D\u00e9lio Lins e Silva J\u00fanior, Presidente da OAB\/DF, Newton Rubens de Oliveira, Diretor de Prerrogativas da OAB\/DF, e Nildete Santana de Oliveira, Presidente da Comiss\u00e3o da Mulher Advogada da OAB\/DF. A media\u00e7\u00e3o ficar\u00e1 a cargo de Amanda de Souza Geracy.<\/p>\n<p>A transmiss\u00e3o ao vivo ser\u00e1 realizada pelo canal oficial da OAB\/DF no YouTube: <a href=\"http:\/\/youtube.com\/@OABDFOficial\" target=\"_blank\" rel=\"noopener\">youtube.com\/@OABDFOficial<\/a>.<\/p>\n<p>Para mais informa\u00e7\u00f5es, entre em contato pelo e-mail:\u00a0<a href=\"mailto:eventos@oabdf.com\" target=\"_blank\" rel=\"noopener\">eventos@oabdf.com<\/a>.<\/p>\n<p>Prestigie!<\/p>\n<p><!-- notionvc: b98aead7-971b-4dfc-bdc7-c7773b880728 --><\/p>\n","protected":false},"excerpt":{"rendered":"<p>Na pr\u00f3xima ter\u00e7a-feira, 27 de agosto, \u00e0s 19h, a Presidente da Comiss\u00e3o da Advocacia P\u00fablica Federal da OAB\/DF, Herta Rani Teles, e a Vice-Presidente, Amanda de Souza Geracy, ambas PFNs, participam do evento &#8220;Di\u00e1logos com a Comiss\u00e3o da Advocacia P\u00fablica do DF: Prerrogativas&#8221;.<\/p>\n","protected":false},"author":2,"featured_media":18703,"comment_status":"open","ping_status":"open","sticky":false,"template":"","format":"standard","meta":{"footnotes":""},"categories":[8],"tags":[66,29,22],"featured_image_url":"https:\/\/sinprofaz.org.br\/2024\/wp-content\/uploads\/2024\/08\/1-7.png","character_count":585,"formatted_date":"20\/08\/2024 - 11:44","contentNovo":"Na pr\u00f3xima ter\u00e7a-feira, 27 de agosto, \u00e0s 19h, a Presidente da Comiss\u00e3o da Advocacia P\u00fablica Federal da OAB\/DF, Herta Rani Teles, e a Vice-Presidente da Comiss\u00e3o da Advocacia P\u00fablica Federal da OAB\/DF, Amanda de Souza Geracy, ambas PFNs, participam do evento \"Di\u00e1logos com a Comiss\u00e3o da Advocacia P\u00fablica do DF: Prerrogativas\".\r\n\r\nA Comiss\u00e3o da Advocacia P\u00fablica Federal do DF intenciona debater sobre prerrogativas e sobre o papel da Ordem dos Advogados do Brasil enquanto parceira das a\u00e7\u00f5es em prol da Advocacia P\u00fablica. A Comiss\u00e3o tamb\u00e9m informa que as inscri\u00e7\u00f5es para ingresso est\u00e3o sempre abertas e que h\u00e1 muitas frentes a serem trabalhadas.\r\n\r\nO evento contar\u00e1 com as participa\u00e7\u00f5es de D\u00e9lio Lins e Silva J\u00fanior, Presidente da OAB\/DF, Newton Rubens de Oliveira, Diretor de Prerrogativas da OAB\/DF, e Nildete Santana de Oliveira, Presidente da Comiss\u00e3o da Mulher Advogada da OAB\/DF. A media\u00e7\u00e3o ficar\u00e1 a cargo de Amanda de Souza Geracy.\r\n\r\nA transmiss\u00e3o ao vivo ser\u00e1 realizada pelo canal oficial da OAB\/DF no YouTube: <a href=\"http:\/\/youtube.com\/@OABDFOficial\" target=\"_blank\" rel=\"noopener\">youtube.com\/@OABDFOficial<\/a>.\r\n\r\nPara mais informa\u00e7\u00f5es, entre em contato pelo e-mail:\u00a0<a href=\"mailto:eventos@oabdf.com\" target=\"_blank\" rel=\"noopener\">eventos@oabdf.com<\/a>.\r\n\r\nPrestigie!\r\n\r\n","_links":{"self":[{"href":"https:\/\/sinprofaz.org.br\/2024\/wp-json\/wp\/v2\/posts\/18702"}],"collection":[{"href":"https:\/\/sinprofaz.org.br\/2024\/wp-json\/wp\/v2\/posts"}],"about":[{"href":"https:\/\/sinprofaz.org.br\/2024\/wp-json\/wp\/v2\/types\/post"}],"author":[{"embeddable":true,"href":"https:\/\/sinprofaz.org.br\/2024\/wp-json\/wp\/v2\/users\/2"}],"replies":[{"embeddable":true,"href":"https:\/\/sinprofaz.org.br\/2024\/wp-json\/wp\/v2\/comments?post=18702"}],"version-history":[{"count":1,"href":"https:\/\/sinprofaz.org.br\/2024\/wp-json\/wp\/v2\/posts\/18702\/revisions"}],"predecessor-version":[{"id":18704,"href":"https:\/\/sinprofaz.org.br\/2024\/wp-json\/wp\/v2\/posts\/18702\/revisions\/18704"}],"wp:featuredmedia":[{"embeddable":true,"href":"https:\/\/sinprofaz.org.br\/2024\/wp-json\/wp\/v2\/media\/18703"}],"wp:attachment":[{"href":"https:\/\/sinprofaz.org.br\/2024\/wp-json\/wp\/v2\/media?parent=18702"}],"wp:term":[{"taxonomy":"category","embeddable":true,"href":"https:\/\/sinprofaz.org.br\/2024\/wp-json\/wp\/v2\/categories?post=18702"},{"taxonomy":"post_tag","embeddable":true,"href":"https:\/\/sinprofaz.org.br\/2024\/wp-json\/wp\/v2\/tags?post=18702"}],"curies":[{"name":"wp","href":"https:\/\/api.w.org\/{rel}","templated":true}]}}