{"id":1869,"date":"2014-08-11T14:10:04","date_gmt":"2014-08-11T14:10:04","guid":{"rendered":""},"modified":"-0001-11-30T00:00:00","modified_gmt":"-0001-11-30T03:00:00","slug":"sonegacao-de-impostos-chega-a-r-300-bi-no-ano","status":"publish","type":"post","link":"https:\/\/sinprofaz.org.br\/2024\/noticias\/sonegacao-de-impostos-chega-a-r-300-bi-no-ano\/","title":{"rendered":"Sonega\u00e7\u00e3o de impostos chega a R$ 300 bi no ano"},"content":{"rendered":"<p>Na mat\u00e9ria, publicada em 7 de agosto, foi ressaltado que a estrutura sucateada de \u00f3rg\u00e3os p\u00fablicos de controle fiscal e de cobran\u00e7a jur\u00eddica, como a Procuradoria Geral da Fazenda Nacional (PGFN), e o sistema tribut\u00e1rio regressivo e confuso do Pa\u00eds, que aumenta a carga sobre os mais pobres e diminui sobre os mais ricos, s\u00e3o as causas para o problema.<\/p>\n<p>A reportagem chamou aten\u00e7\u00e3o para as den\u00fancias do presidente do SINPROFAZ acerca do caos na PGFN. \u201cS\u00e3o 300 vagas de procurador sem preenchimento e meio funcion\u00e1rio de apoio para cada procurador, o que faz com que n\u00e3o seja poss\u00edvel cobrar todos os devedores\u201d.<\/p>\n<p>O presidente Her\u00e1clio Camargo tamb\u00e9m comentou que s\u00e3o necess\u00e1rias reformas pol\u00edtica e fiscal no Pa\u00eds, para aperfei\u00e7oar quest\u00f5es como o financiamento de campanha e conter os gastos p\u00fablicos.<\/p>\n<p>Leia a \u00edntegra da mat\u00e9ria:<\/p>\n<p><a href=\"http:\/\/www.folhaweb.com.br\/?id_folha=2-1--717-20140807\" target=\"_blank\">folhaweb.com.br\/?id_folha=2-1&#8211;717-20140807<\/a><\/p>\n","protected":false},"excerpt":{"rendered":"<p>Sucateamento de \u00f3rg\u00e3os de fiscaliza\u00e7\u00e3o e falta de um sistema tribut\u00e1rio simplificado facilitam fraudes e prejudicam mais pobres, destacou mat\u00e9ria da Folha de Lodrina.<\/p>\n","protected":false},"author":1,"featured_media":0,"comment_status":"closed","ping_status":"open","sticky":false,"template":"","format":"standard","meta":{"footnotes":""},"categories":[8],"tags":[],"featured_image_url":"https:\/\/dummyimage.com\/720x400","character_count":453,"formatted_date":"11\/08\/2014 - 14:10","contentNovo":"\r\n<p>Na mat\u00e9ria, publicada em 7 de agosto, foi ressaltado que a estrutura sucateada de \u00f3rg\u00e3os p\u00fablicos de controle fiscal e de cobran\u00e7a jur\u00eddica, como a Procuradoria Geral da Fazenda Nacional (PGFN), e o sistema tribut\u00e1rio regressivo e confuso do Pa\u00eds, que aumenta a carga sobre os mais pobres e diminui sobre os mais ricos, s\u00e3o as causas para o problema.<\/p>\r\n<p>A reportagem chamou aten\u00e7\u00e3o para as den\u00fancias do presidente do SINPROFAZ acerca do caos na PGFN. \u201cS\u00e3o 300 vagas de procurador sem preenchimento e meio funcion\u00e1rio de apoio para cada procurador, o que faz com que n\u00e3o seja poss\u00edvel cobrar todos os devedores\u201d.<\/p>\r\n<p>O presidente Her\u00e1clio Camargo tamb\u00e9m comentou que s\u00e3o necess\u00e1rias reformas pol\u00edtica e fiscal no Pa\u00eds, para aperfei\u00e7oar quest\u00f5es como o financiamento de campanha e conter os gastos p\u00fablicos.<\/p>\r\n<p>Leia a \u00edntegra da mat\u00e9ria:<\/p>\r\n<p><a href=\"http:\/\/www.folhaweb.com.br\/?id_folha=2-1--717-20140807\" target=\"_blank\">folhaweb.com.br\/?id_folha=2-1--717-20140807<\/a><\/p>","_links":{"self":[{"href":"https:\/\/sinprofaz.org.br\/2024\/wp-json\/wp\/v2\/posts\/1869"}],"collection":[{"href":"https:\/\/sinprofaz.org.br\/2024\/wp-json\/wp\/v2\/posts"}],"about":[{"href":"https:\/\/sinprofaz.org.br\/2024\/wp-json\/wp\/v2\/types\/post"}],"author":[{"embeddable":true,"href":"https:\/\/sinprofaz.org.br\/2024\/wp-json\/wp\/v2\/users\/1"}],"replies":[{"embeddable":true,"href":"https:\/\/sinprofaz.org.br\/2024\/wp-json\/wp\/v2\/comments?post=1869"}],"version-history":[{"count":0,"href":"https:\/\/sinprofaz.org.br\/2024\/wp-json\/wp\/v2\/posts\/1869\/revisions"}],"wp:attachment":[{"href":"https:\/\/sinprofaz.org.br\/2024\/wp-json\/wp\/v2\/media?parent=1869"}],"wp:term":[{"taxonomy":"category","embeddable":true,"href":"https:\/\/sinprofaz.org.br\/2024\/wp-json\/wp\/v2\/categories?post=1869"},{"taxonomy":"post_tag","embeddable":true,"href":"https:\/\/sinprofaz.org.br\/2024\/wp-json\/wp\/v2\/tags?post=1869"}],"curies":[{"name":"wp","href":"https:\/\/api.w.org\/{rel}","templated":true}]}}