{"id":18680,"date":"2024-08-14T09:00:38","date_gmt":"2024-08-14T12:00:38","guid":{"rendered":"https:\/\/sinprofaz.org.br\/2024\/?p=18680"},"modified":"2024-08-16T15:12:18","modified_gmt":"2024-08-16T18:12:18","slug":"sinprofaz-participa-do-i-congresso-nacional-da-divida-ativa","status":"publish","type":"post","link":"https:\/\/sinprofaz.org.br\/2024\/noticias\/sinprofaz-participa-do-i-congresso-nacional-da-divida-ativa\/","title":{"rendered":"SINPROFAZ PARTICIPA DO I CONGRESSO NACIONAL DA D\u00cdVIDA ATIVA"},"content":{"rendered":"<p>O SINPROFAZ, nas pessoas da Dra. Iolanda Guindani e do Dr. Ricardo Queiroz, participou hoje do I Congresso Nacional da D\u00edvida Ativa, evento promovido pela PGFN que contou com o apoio do SINPROFAZ. O Congresso tem por\u00a0objetivo a discuss\u00e3o das principais quest\u00f5es relacionadas \u00e0 d\u00edvida ativa por meio do compartilhamento de conhecimentos e boas pr\u00e1ticas com especialistas, acad\u00eamicos e profissionais da \u00e1rea.<\/p>\n<p>A abertura do evento contou com a presen\u00e7a da Procuradora-Geral da Fazenda Nacional, Anelize de Almeida, da Ministra do Planejamento e Or\u00e7amento, Simone Tebet, do Ministro da Controladoria-Geral da Uni\u00e3o, Vinicius Marques de Carvalho, do Vice Ministro da Advocacia-Geral da Uni\u00e3o, Fl\u00e1vio Roman, e do Procurador-Geral Adjunto da D\u00edvida Ativa da Uni\u00e3o, Jo\u00e3o Grognet.<\/p>\n<p>&#8221;O dia em que o procurador da fazenda, do estado, do munic\u00edpio que lida com a divida ativa esquecer que a atividade dele \u00e9 para prover o nosso povo com alimento, seguran\u00e7a, com vestu\u00e1rio e etc., a atividade dele perde todo o sentido&#8221;, afirmou o Procurador-Geral Adjunto da D\u00edvida Ativa, Jo\u00e3o Grognet, que teve a iniciativa da organiza\u00e7\u00e3o do evento.<\/p>\n<p>O Congresso tem como p\u00fablico procuradores(as) da Fazenda Nacional, dos Estados e dos Munic\u00edpios, Magistrados(as) e Auditores(as) do Tribunal de Contas, e contar\u00e1 com um seleto grupo de palestrantes para o enriquecimento do debate.<\/p>\n<p>Para mais informa\u00e7\u00f5es, acesso site do Congresso: <a href=\"https:\/\/www.gov.br\/pgfn\/pt-br\/congresso-nacional-da-divida-ativa\" target=\"_blank\" rel=\"noopener\">https:\/\/www.gov.br\/pgfn\/pt-br\/congresso-nacional-da-divida-ativa<\/a><\/p>\n<p><!-- notionvc: 5988183d-37ff-4b27-b451-b550565d259d --><\/p>\n\n\t\t<style type=\"text\/css\">\n\t\t\t#gallery-1 {\n\t\t\t\tmargin: auto;\n\t\t\t}\n\t\t\t#gallery-1 .gallery-item {\n\t\t\t\tfloat: left;\n\t\t\t\tmargin-top: 10px;\n\t\t\t\ttext-align: center;\n\t\t\t\twidth: 33%;\n\t\t\t}\n\t\t\t#gallery-1 img {\n\t\t\t\tborder: 2px solid #cfcfcf;\n\t\t\t}\n\t\t\t#gallery-1 .gallery-caption {\n\t\t\t\tmargin-left: 0;\n\t\t\t}\n\t\t\t\/* see gallery_shortcode() in wp-includes\/media.php *\/\n\t\t<\/style>\n\t\t<div id='gallery-1' class='gallery galleryid-18680 gallery-columns-3 gallery-size-thumbnail'><dl class='gallery-item'>\n\t\t\t<dt class='gallery-icon landscape'>\n\t\t\t\t<a href='https:\/\/sinprofaz.org.br\/2024\/wp-content\/uploads\/2024\/08\/4-2.png'><img loading=\"lazy\" decoding=\"async\" width=\"150\" height=\"150\" src=\"https:\/\/sinprofaz.org.br\/2024\/wp-content\/uploads\/2024\/08\/4-2-150x150.png\" class=\"attachment-thumbnail size-thumbnail\" alt=\"\" \/><\/a>\n\t\t\t<\/dt><\/dl><dl class='gallery-item'>\n\t\t\t<dt class='gallery-icon landscape'>\n\t\t\t\t<a href='https:\/\/sinprofaz.org.br\/2024\/wp-content\/uploads\/2024\/08\/2-2.png'><img loading=\"lazy\" decoding=\"async\" width=\"150\" height=\"150\" src=\"https:\/\/sinprofaz.org.br\/2024\/wp-content\/uploads\/2024\/08\/2-2-150x150.png\" class=\"attachment-thumbnail size-thumbnail\" alt=\"\" \/><\/a>\n\t\t\t<\/dt><\/dl><dl class='gallery-item'>\n\t\t\t<dt class='gallery-icon landscape'>\n\t\t\t\t<a href='https:\/\/sinprofaz.org.br\/2024\/wp-content\/uploads\/2024\/08\/3-2.png'><img loading=\"lazy\" decoding=\"async\" width=\"150\" height=\"150\" src=\"https:\/\/sinprofaz.org.br\/2024\/wp-content\/uploads\/2024\/08\/3-2-150x150.png\" class=\"attachment-thumbnail size-thumbnail\" alt=\"\" \/><\/a>\n\t\t\t<\/dt><\/dl><br style=\"clear: both\" \/>\n\t\t<\/div>\n\n<p><!-- notionvc: 2f912097-d34d-442a-a4ee-632b30c984b3 --><\/p>\n","protected":false},"excerpt":{"rendered":"<p> O SINPROFAZ participou hoje do I Congresso Nacional da D\u00edvida Ativa, evento promovido pela PGFN que contou com o apoio do SINPROFAZ. O Congresso tem por objetivo a discuss\u00e3o das principais quest\u00f5es relacionadas \u00e0 d\u00edvida ativa por meio do compartilhamento de conhecimentos e boas pr\u00e1ticas.<\/p>\n","protected":false},"author":2,"featured_media":18681,"comment_status":"open","ping_status":"open","sticky":false,"template":"","format":"standard","meta":{"footnotes":""},"categories":[8],"tags":[43,46,44,25],"featured_image_url":"https:\/\/sinprofaz.org.br\/2024\/wp-content\/uploads\/2024\/08\/1-3.png","character_count":944,"formatted_date":"14\/08\/2024 - 09:00","contentNovo":"O SINPROFAZ, nas pessoas da Dra. Iolanda Guindani e do Dr. Ricardo Queiroz, participou hoje do I Congresso Nacional da D\u00edvida Ativa, evento promovido pela PGFN que contou com o apoio do SINPROFAZ. O Congresso tem por\u00a0objetivo a discuss\u00e3o das principais quest\u00f5es relacionadas \u00e0 d\u00edvida ativa por meio do compartilhamento de conhecimentos e boas pr\u00e1ticas com especialistas, acad\u00eamicos e profissionais da \u00e1rea.\r\n\r\nA abertura do evento contou com a presen\u00e7a da Procuradora-Geral da Fazenda Nacional, Anelize de Almeida, da Ministra do Planejamento e Or\u00e7amento, Simone Tebet, do Ministro da Controladoria-Geral da Uni\u00e3o, Vinicius Marques de Carvalho, do Vice Ministro da Advocacia-Geral da Uni\u00e3o, Fl\u00e1vio Roman, e do Procurador-Geral Adjunto da D\u00edvida Ativa da Uni\u00e3o, Jo\u00e3o Grognet.\r\n\r\n''O dia em que o procurador da fazenda, do estado, do munic\u00edpio que lida com a divida ativa esquecer que a atividade dele \u00e9 para prover o nosso povo com alimento, seguran\u00e7a, com vestu\u00e1rio e etc., a atividade dele perde todo o sentido'', afirmou o Procurador-Geral Adjunto da D\u00edvida Ativa, Jo\u00e3o Grognet, que teve a iniciativa da organiza\u00e7\u00e3o do evento.\r\n\r\nO Congresso tem como p\u00fablico procuradores(as) da Fazenda Nacional, dos Estados e dos Munic\u00edpios, Magistrados(as) e Auditores(as) do Tribunal de Contas, e contar\u00e1 com um seleto grupo de palestrantes para o enriquecimento do debate.\r\n\r\nPara mais informa\u00e7\u00f5es, acesso site do Congresso: <a href=\"https:\/\/www.gov.br\/pgfn\/pt-br\/congresso-nacional-da-divida-ativa\" target=\"_blank\" rel=\"noopener\">https:\/\/www.gov.br\/pgfn\/pt-br\/congresso-nacional-da-divida-ativa<\/a>\r\n\r\n\r\n\r\n[gallery link=\"file\" ids=\"18684,18682,18683\"]\r\n\r\n","_links":{"self":[{"href":"https:\/\/sinprofaz.org.br\/2024\/wp-json\/wp\/v2\/posts\/18680"}],"collection":[{"href":"https:\/\/sinprofaz.org.br\/2024\/wp-json\/wp\/v2\/posts"}],"about":[{"href":"https:\/\/sinprofaz.org.br\/2024\/wp-json\/wp\/v2\/types\/post"}],"author":[{"embeddable":true,"href":"https:\/\/sinprofaz.org.br\/2024\/wp-json\/wp\/v2\/users\/2"}],"replies":[{"embeddable":true,"href":"https:\/\/sinprofaz.org.br\/2024\/wp-json\/wp\/v2\/comments?post=18680"}],"version-history":[{"count":3,"href":"https:\/\/sinprofaz.org.br\/2024\/wp-json\/wp\/v2\/posts\/18680\/revisions"}],"predecessor-version":[{"id":18698,"href":"https:\/\/sinprofaz.org.br\/2024\/wp-json\/wp\/v2\/posts\/18680\/revisions\/18698"}],"wp:featuredmedia":[{"embeddable":true,"href":"https:\/\/sinprofaz.org.br\/2024\/wp-json\/wp\/v2\/media\/18681"}],"wp:attachment":[{"href":"https:\/\/sinprofaz.org.br\/2024\/wp-json\/wp\/v2\/media?parent=18680"}],"wp:term":[{"taxonomy":"category","embeddable":true,"href":"https:\/\/sinprofaz.org.br\/2024\/wp-json\/wp\/v2\/categories?post=18680"},{"taxonomy":"post_tag","embeddable":true,"href":"https:\/\/sinprofaz.org.br\/2024\/wp-json\/wp\/v2\/tags?post=18680"}],"curies":[{"name":"wp","href":"https:\/\/api.w.org\/{rel}","templated":true}]}}