{"id":18678,"date":"2024-08-13T14:46:30","date_gmt":"2024-08-13T17:46:30","guid":{"rendered":"https:\/\/sinprofaz.org.br\/2024\/?p=18678"},"modified":"2024-08-13T14:46:30","modified_gmt":"2024-08-13T17:46:30","slug":"age-2024-procuracao-eletronica-disponivel-na-area-do-filiado","status":"publish","type":"post","link":"https:\/\/sinprofaz.org.br\/2024\/noticias\/age-2024-procuracao-eletronica-disponivel-na-area-do-filiado\/","title":{"rendered":"AGE 2024: PROCURA\u00c7\u00c3O ELETR\u00d4NICA DISPON\u00cdVEL NA \u00c1REA DO FILIADO"},"content":{"rendered":"<p>Prezadas Colegas e Prezados Colegas,<\/p>\n<p>Conforme comunicado anteriormente, no dia 11 de setembro ser\u00e1 realizada uma Assembleia Geral Extraordin\u00e1ria (AGE) na cidade de Bras\u00edlia\/DF.<\/p>\n<p>Tendo isso em vista, enviamos a correspond\u00eancia com a Convoca\u00e7\u00e3o e a Procura\u00e7\u00e3o, na qual consta a pauta da AGE, para as resid\u00eancias de filiadas e filiados.<\/p>\n<p>Para maior comodidade dos Colegas, o SINPROFAZ tamb\u00e9m disponibiliza a Procura\u00e7\u00e3o Eletr\u00f4nica, que pode ser encontrada na \u00c1rea do Filiado.<\/p>\n<p><strong>Procura\u00e7\u00e3o Eletr\u00f4nica<\/strong><\/p>\n<p>Para preencher a Procura\u00e7\u00e3o Eletr\u00f4nica da AGE, procuradoras e procuradores da Fazenda Nacional devem ingressar na \u00c1rea do Filiado: <a href=\"http:\/\/areadofiliado.sinprofaz.org.br\/\" target=\"_blank\" rel=\"noopener\">areadofiliado.sinprofaz.org.br<\/a>.<\/p>\n<p>Problemas ou d\u00favidas no preenchimento da Procura\u00e7\u00e3o Eletr\u00f4nica devem ser comunicados \u00e0 <a href=\"mailto:secretaria@sinprofaz.org.br\">secretaria@sinprofaz.org.br<\/a>. Conte com a ajuda da equipe do SINPROFAZ e participe!<\/p>\n<p>O Sindicato e a Diretoria seguem \u00e0 disposi\u00e7\u00e3o!<\/p>\n<p><!-- notionvc: 8ae88bce-2ec0-4ad4-88d6-428b1fe96e3a --><\/p>\n","protected":false},"excerpt":{"rendered":"<p>No dia 11 de setembro ser\u00e1 realizada uma Assembleia Geral Extraordin\u00e1ria (AGE) na cidade de Bras\u00edlia\/DF. Tendo isso em vista, disponibilizamos a Procura\u00e7\u00e3o Eletr\u00f4nica que se encontra na \u00c1rea do Filiado. <\/p>\n","protected":false},"author":2,"featured_media":17269,"comment_status":"open","ping_status":"open","sticky":false,"template":"","format":"standard","meta":{"footnotes":""},"categories":[8,37],"tags":[229,146,25],"featured_image_url":"https:\/\/sinprofaz.org.br\/2024\/wp-content\/uploads\/2023\/12\/1-1-1.png","character_count":451,"formatted_date":"13\/08\/2024 - 14:46","contentNovo":"Prezadas Colegas e Prezados Colegas,\r\n\r\nConforme comunicado anteriormente, no dia 11 de setembro ser\u00e1 realizada uma Assembleia Geral Extraordin\u00e1ria (AGE) na cidade de Bras\u00edlia\/DF.\r\n\r\nTendo isso em vista, enviamos a correspond\u00eancia com a Convoca\u00e7\u00e3o e a Procura\u00e7\u00e3o, na qual consta a pauta da AGE, para as resid\u00eancias de filiadas e filiados.\r\n\r\nPara maior comodidade dos Colegas, o SINPROFAZ tamb\u00e9m disponibiliza a Procura\u00e7\u00e3o Eletr\u00f4nica, que pode ser encontrada na \u00c1rea do Filiado.\r\n\r\n<strong>Procura\u00e7\u00e3o Eletr\u00f4nica<\/strong>\r\n\r\nPara preencher a Procura\u00e7\u00e3o Eletr\u00f4nica da AGE, procuradoras e procuradores da Fazenda Nacional devem ingressar na \u00c1rea do Filiado: <a href=\"http:\/\/areadofiliado.sinprofaz.org.br\/\" target=\"_blank\" rel=\"noopener\">areadofiliado.sinprofaz.org.br<\/a>.\r\n\r\nProblemas ou d\u00favidas no preenchimento da Procura\u00e7\u00e3o Eletr\u00f4nica devem ser comunicados \u00e0 <a href=\"mailto:secretaria@sinprofaz.org.br\">secretaria@sinprofaz.org.br<\/a>. Conte com a ajuda da equipe do SINPROFAZ e participe!\r\n\r\nO Sindicato e a Diretoria seguem \u00e0 disposi\u00e7\u00e3o!\r\n\r\n","_links":{"self":[{"href":"https:\/\/sinprofaz.org.br\/2024\/wp-json\/wp\/v2\/posts\/18678"}],"collection":[{"href":"https:\/\/sinprofaz.org.br\/2024\/wp-json\/wp\/v2\/posts"}],"about":[{"href":"https:\/\/sinprofaz.org.br\/2024\/wp-json\/wp\/v2\/types\/post"}],"author":[{"embeddable":true,"href":"https:\/\/sinprofaz.org.br\/2024\/wp-json\/wp\/v2\/users\/2"}],"replies":[{"embeddable":true,"href":"https:\/\/sinprofaz.org.br\/2024\/wp-json\/wp\/v2\/comments?post=18678"}],"version-history":[{"count":1,"href":"https:\/\/sinprofaz.org.br\/2024\/wp-json\/wp\/v2\/posts\/18678\/revisions"}],"predecessor-version":[{"id":18679,"href":"https:\/\/sinprofaz.org.br\/2024\/wp-json\/wp\/v2\/posts\/18678\/revisions\/18679"}],"wp:featuredmedia":[{"embeddable":true,"href":"https:\/\/sinprofaz.org.br\/2024\/wp-json\/wp\/v2\/media\/17269"}],"wp:attachment":[{"href":"https:\/\/sinprofaz.org.br\/2024\/wp-json\/wp\/v2\/media?parent=18678"}],"wp:term":[{"taxonomy":"category","embeddable":true,"href":"https:\/\/sinprofaz.org.br\/2024\/wp-json\/wp\/v2\/categories?post=18678"},{"taxonomy":"post_tag","embeddable":true,"href":"https:\/\/sinprofaz.org.br\/2024\/wp-json\/wp\/v2\/tags?post=18678"}],"curies":[{"name":"wp","href":"https:\/\/api.w.org\/{rel}","templated":true}]}}