{"id":18675,"date":"2024-08-09T09:00:52","date_gmt":"2024-08-09T12:00:52","guid":{"rendered":"https:\/\/sinprofaz.org.br\/2024\/?p=18675"},"modified":"2024-08-09T08:39:57","modified_gmt":"2024-08-09T11:39:57","slug":"sinprofaz-realiza-age-no-dia-11-de-setembro","status":"publish","type":"post","link":"https:\/\/sinprofaz.org.br\/2024\/noticias\/sinprofaz-realiza-age-no-dia-11-de-setembro\/","title":{"rendered":"SINPROFAZ REALIZA AGE NO DIA 11 DE SETEMBRO"},"content":{"rendered":"<p>Em virtude do requerimento de 210 filiados (na data da convoca\u00e7\u00e3o) ser\u00e1 realizada em breve uma Assembleia Geral Extraordin\u00e1ria (AGE). Conforme solicitado pelos requerentes, a Assembleia versar\u00e1 sobre a licen\u00e7a do segundo Diretor e a destina\u00e7\u00e3o de recursos para mobiliza\u00e7\u00e3o.<\/p>\n<p>Determina o Estatuto que a Diretoria tem o prazo de dez dias \u00fateis para efetivar a Convoca\u00e7\u00e3o da AGE, a contar da data em que houver sido formalmente instada a faz\u00ea-lo. Por isso, no dia de ontem (7), encaminhamos correspond\u00eancia, com aviso de recebimento, para as resid\u00eancias de filiadas e filiados.<\/p>\n<p>Ocorre que a data da realiza\u00e7\u00e3o da AGE foi equivocada e estamos enviando novamente a convoca\u00e7\u00e3o, agora dentro da data prevista no estatuto, que ser\u00e1 o dia 11 de setembro de 2024, em Bras\u00edlia\/DF.<\/p>\n<p>A referida correspond\u00eancia possui, al\u00e9m da Convoca\u00e7\u00e3o, a Procura\u00e7\u00e3o, na qual consta a pauta da AGE.<\/p>\n<p>Para a comodidade dos Colegas, o SINPROFAZ tamb\u00e9m disponibilizar\u00e1 a Procura\u00e7\u00e3o Eletr\u00f4nica, que estar\u00e1 dispon\u00edvel na \u00c1rea do Filiado.<\/p>\n<p>O Sindicato e a Diretoria seguem \u00e0 disposi\u00e7\u00e3o!<\/p>\n","protected":false},"excerpt":{"rendered":"<p>Em virtude do requerimento de 210 filiados realizaremos uma Assembleia Geral Extraordin\u00e1ria (AGE) no dia 11 de setembro. <\/p>\n","protected":false},"author":2,"featured_media":17269,"comment_status":"open","ping_status":"open","sticky":false,"template":"","format":"standard","meta":{"footnotes":""},"categories":[8],"tags":[43,32,146,25],"featured_image_url":"https:\/\/sinprofaz.org.br\/2024\/wp-content\/uploads\/2023\/12\/1-1-1.png","character_count":544,"formatted_date":"09\/08\/2024 - 09:00","contentNovo":"Em virtude do requerimento de 210 filiados (na data da convoca\u00e7\u00e3o) ser\u00e1 realizada em breve uma Assembleia Geral Extraordin\u00e1ria (AGE). Conforme solicitado pelos requerentes, a Assembleia versar\u00e1 sobre a licen\u00e7a do segundo Diretor e a destina\u00e7\u00e3o de recursos para mobiliza\u00e7\u00e3o.\r\n\r\nDetermina o Estatuto que a Diretoria tem o prazo de dez dias \u00fateis para efetivar a Convoca\u00e7\u00e3o da AGE, a contar da data em que houver sido formalmente instada a faz\u00ea-lo. Por isso, no dia de ontem (7), encaminhamos correspond\u00eancia, com aviso de recebimento, para as resid\u00eancias de filiadas e filiados.\r\n\r\nOcorre que a data da realiza\u00e7\u00e3o da AGE foi equivocada e estamos enviando novamente a convoca\u00e7\u00e3o, agora dentro da data prevista no estatuto, que ser\u00e1 o dia 11 de setembro de 2024, em Bras\u00edlia\/DF.\r\n\r\nA referida correspond\u00eancia possui, al\u00e9m da Convoca\u00e7\u00e3o, a Procura\u00e7\u00e3o, na qual consta a pauta da AGE.\r\n\r\nPara a comodidade dos Colegas, o SINPROFAZ tamb\u00e9m disponibilizar\u00e1 a Procura\u00e7\u00e3o Eletr\u00f4nica, que estar\u00e1 dispon\u00edvel na \u00c1rea do Filiado.\r\n\r\nO Sindicato e a Diretoria seguem \u00e0 disposi\u00e7\u00e3o!","_links":{"self":[{"href":"https:\/\/sinprofaz.org.br\/2024\/wp-json\/wp\/v2\/posts\/18675"}],"collection":[{"href":"https:\/\/sinprofaz.org.br\/2024\/wp-json\/wp\/v2\/posts"}],"about":[{"href":"https:\/\/sinprofaz.org.br\/2024\/wp-json\/wp\/v2\/types\/post"}],"author":[{"embeddable":true,"href":"https:\/\/sinprofaz.org.br\/2024\/wp-json\/wp\/v2\/users\/2"}],"replies":[{"embeddable":true,"href":"https:\/\/sinprofaz.org.br\/2024\/wp-json\/wp\/v2\/comments?post=18675"}],"version-history":[{"count":1,"href":"https:\/\/sinprofaz.org.br\/2024\/wp-json\/wp\/v2\/posts\/18675\/revisions"}],"predecessor-version":[{"id":18676,"href":"https:\/\/sinprofaz.org.br\/2024\/wp-json\/wp\/v2\/posts\/18675\/revisions\/18676"}],"wp:featuredmedia":[{"embeddable":true,"href":"https:\/\/sinprofaz.org.br\/2024\/wp-json\/wp\/v2\/media\/17269"}],"wp:attachment":[{"href":"https:\/\/sinprofaz.org.br\/2024\/wp-json\/wp\/v2\/media?parent=18675"}],"wp:term":[{"taxonomy":"category","embeddable":true,"href":"https:\/\/sinprofaz.org.br\/2024\/wp-json\/wp\/v2\/categories?post=18675"},{"taxonomy":"post_tag","embeddable":true,"href":"https:\/\/sinprofaz.org.br\/2024\/wp-json\/wp\/v2\/tags?post=18675"}],"curies":[{"name":"wp","href":"https:\/\/api.w.org\/{rel}","templated":true}]}}