{"id":1867,"date":"2014-08-08T21:04:27","date_gmt":"2014-08-08T21:04:27","guid":{"rendered":""},"modified":"-0001-11-30T00:00:00","modified_gmt":"-0001-11-30T03:00:00","slug":"agenda-i-simposio-de-direito-tributario-e-cidadania","status":"publish","type":"post","link":"https:\/\/sinprofaz.org.br\/2024\/noticias\/agenda-i-simposio-de-direito-tributario-e-cidadania\/","title":{"rendered":"Agenda: I Simp\u00f3sio de Direito Tribut\u00e1rio e Cidadania"},"content":{"rendered":"<p>O Procurador da Fazenda Ronaldo Campos e Silva presidir\u00e1 um dos m\u00f3dulos do Simp\u00f3sio no dia 14 de agosto. O m\u00f3dulo \u201cProcesso Tribut\u00e1rio e os Princ\u00edpios Constitucionais\u201d contar\u00e1 com as presen\u00e7as de Hugo de Brito Machado Segundo e James Marins.<\/p>\n<p>A SBDT ofertou ao Centro de Altos Estudos da PGFN sete convites para Procuradores da Fazenda Nacional.<\/p>\n","protected":false},"excerpt":{"rendered":"<p>Evento acontecer\u00e1 nos dias 14 e 15 de agosto numa parceria entre a Sociedade Brasileira de Direito Tribut\u00e1ria (SBDT) e o IBMEC.<\/p>\n","protected":false},"author":1,"featured_media":0,"comment_status":"closed","ping_status":"open","sticky":false,"template":"","format":"standard","meta":{"footnotes":""},"categories":[8],"tags":[],"featured_image_url":"https:\/\/dummyimage.com\/720x400","character_count":179,"formatted_date":"08\/08\/2014 - 21:04","contentNovo":"\r\n<p>O Procurador da Fazenda Ronaldo Campos e Silva presidir\u00e1 um dos m\u00f3dulos do Simp\u00f3sio no dia 14 de agosto. O m\u00f3dulo \u201cProcesso Tribut\u00e1rio e os Princ\u00edpios Constitucionais\u201d contar\u00e1 com as presen\u00e7as de Hugo de Brito Machado Segundo e James Marins.<\/p>\r\n<p>A SBDT ofertou ao Centro de Altos Estudos da PGFN sete convites para Procuradores da Fazenda Nacional.<\/p>","_links":{"self":[{"href":"https:\/\/sinprofaz.org.br\/2024\/wp-json\/wp\/v2\/posts\/1867"}],"collection":[{"href":"https:\/\/sinprofaz.org.br\/2024\/wp-json\/wp\/v2\/posts"}],"about":[{"href":"https:\/\/sinprofaz.org.br\/2024\/wp-json\/wp\/v2\/types\/post"}],"author":[{"embeddable":true,"href":"https:\/\/sinprofaz.org.br\/2024\/wp-json\/wp\/v2\/users\/1"}],"replies":[{"embeddable":true,"href":"https:\/\/sinprofaz.org.br\/2024\/wp-json\/wp\/v2\/comments?post=1867"}],"version-history":[{"count":0,"href":"https:\/\/sinprofaz.org.br\/2024\/wp-json\/wp\/v2\/posts\/1867\/revisions"}],"wp:attachment":[{"href":"https:\/\/sinprofaz.org.br\/2024\/wp-json\/wp\/v2\/media?parent=1867"}],"wp:term":[{"taxonomy":"category","embeddable":true,"href":"https:\/\/sinprofaz.org.br\/2024\/wp-json\/wp\/v2\/categories?post=1867"},{"taxonomy":"post_tag","embeddable":true,"href":"https:\/\/sinprofaz.org.br\/2024\/wp-json\/wp\/v2\/tags?post=1867"}],"curies":[{"name":"wp","href":"https:\/\/api.w.org\/{rel}","templated":true}]}}