{"id":18660,"date":"2024-08-07T13:37:51","date_gmt":"2024-08-07T16:37:51","guid":{"rendered":"https:\/\/sinprofaz.org.br\/2024\/?p=18660"},"modified":"2024-08-07T13:37:51","modified_gmt":"2024-08-07T16:37:51","slug":"sinprofaz-participa-do-forvm-com-o-objetivo-de-unir-e-fortalecer-carreiras","status":"publish","type":"post","link":"https:\/\/sinprofaz.org.br\/2024\/noticias\/sinprofaz-participa-do-forvm-com-o-objetivo-de-unir-e-fortalecer-carreiras\/","title":{"rendered":"SINPROFAZ PARTICIPA DO FORVM COM O OBJETIVO DE UNIR E FORTALECER CARREIRAS"},"content":{"rendered":"<p>Hoje, o SINPROFAZ, representado pela Presidente Iolanda Guindani, participou de um almo\u00e7o produtivo na sede da ANPPREV, em Bras\u00edlia. O encontro foi uma reuni\u00e3o do F\u00f3rum Nacional da Advocacia P\u00fablica Federal &#8211; FORVM, com a participa\u00e7\u00e3o das diretorias da ANAUNI, ANAJUR, ANPPREV e SINPROFAZ, al\u00e9m do SINDILEGIS, que foi representado pelo seu Presidente, Alisson Souza e membros da sua diretoria.<\/p>\n<p>O SINDILEGIS representa os servidores da C\u00e2mara dos Deputados, do Senado Federal e do Tribunal de Contas da Uni\u00e3o.<\/p>\n<p>Ap\u00f3s o almo\u00e7o, as entidades se reuniram para discutir temas relacionados \u00e0s carreiras das entidades representadas pelo FORVM e pelo SINDILEGIS. Na ocasi\u00e3o, discutiu-se a possibilidade de atua\u00e7\u00e3o conjunta e a busca de consenso em pautas que envolvem a AGU, o TCU e demais institui\u00e7\u00f5es.<\/p>\n<p>O objetivo \u00e9 tra\u00e7ar alian\u00e7as entre as carreiras do Legislativo Federal, do TCU e da AGU, pensando em formas de atua\u00e7\u00e3o conjunta para o fortalecimento das carreiras.<\/p>\n","protected":false},"excerpt":{"rendered":"<p>Representado pela Presidente Iolanda Guindani, SINPROFAZ participa do FORVM com o objetivo de unir e fortalecer carreiras do Legislativo Federal, do TCU e da AGU. <\/p>\n","protected":false},"author":2,"featured_media":18661,"comment_status":"open","ping_status":"open","sticky":false,"template":"","format":"standard","meta":{"footnotes":""},"categories":[8],"tags":[32,137,25],"featured_image_url":"https:\/\/sinprofaz.org.br\/2024\/wp-content\/uploads\/2024\/08\/1-1.png","character_count":494,"formatted_date":"07\/08\/2024 - 13:37","contentNovo":"Hoje, o SINPROFAZ, representado pela Presidente Iolanda Guindani, participou de um almo\u00e7o produtivo na sede da ANPPREV, em Bras\u00edlia. O encontro foi uma reuni\u00e3o do F\u00f3rum Nacional da Advocacia P\u00fablica Federal - FORVM, com a participa\u00e7\u00e3o das diretorias da ANAUNI, ANAJUR, ANPPREV e SINPROFAZ, al\u00e9m do SINDILEGIS, que foi representado pelo seu Presidente, Alisson Souza e membros da sua diretoria.\r\n\r\nO SINDILEGIS representa os servidores da C\u00e2mara dos Deputados, do Senado Federal e do Tribunal de Contas da Uni\u00e3o.\r\n\r\nAp\u00f3s o almo\u00e7o, as entidades se reuniram para discutir temas relacionados \u00e0s carreiras das entidades representadas pelo FORVM e pelo SINDILEGIS. Na ocasi\u00e3o, discutiu-se a possibilidade de atua\u00e7\u00e3o conjunta e a busca de consenso em pautas que envolvem a AGU, o TCU e demais institui\u00e7\u00f5es.\r\n\r\nO objetivo \u00e9 tra\u00e7ar alian\u00e7as entre as carreiras do Legislativo Federal, do TCU e da AGU, pensando em formas de atua\u00e7\u00e3o conjunta para o fortalecimento das carreiras.","_links":{"self":[{"href":"https:\/\/sinprofaz.org.br\/2024\/wp-json\/wp\/v2\/posts\/18660"}],"collection":[{"href":"https:\/\/sinprofaz.org.br\/2024\/wp-json\/wp\/v2\/posts"}],"about":[{"href":"https:\/\/sinprofaz.org.br\/2024\/wp-json\/wp\/v2\/types\/post"}],"author":[{"embeddable":true,"href":"https:\/\/sinprofaz.org.br\/2024\/wp-json\/wp\/v2\/users\/2"}],"replies":[{"embeddable":true,"href":"https:\/\/sinprofaz.org.br\/2024\/wp-json\/wp\/v2\/comments?post=18660"}],"version-history":[{"count":1,"href":"https:\/\/sinprofaz.org.br\/2024\/wp-json\/wp\/v2\/posts\/18660\/revisions"}],"predecessor-version":[{"id":18662,"href":"https:\/\/sinprofaz.org.br\/2024\/wp-json\/wp\/v2\/posts\/18660\/revisions\/18662"}],"wp:featuredmedia":[{"embeddable":true,"href":"https:\/\/sinprofaz.org.br\/2024\/wp-json\/wp\/v2\/media\/18661"}],"wp:attachment":[{"href":"https:\/\/sinprofaz.org.br\/2024\/wp-json\/wp\/v2\/media?parent=18660"}],"wp:term":[{"taxonomy":"category","embeddable":true,"href":"https:\/\/sinprofaz.org.br\/2024\/wp-json\/wp\/v2\/categories?post=18660"},{"taxonomy":"post_tag","embeddable":true,"href":"https:\/\/sinprofaz.org.br\/2024\/wp-json\/wp\/v2\/tags?post=18660"}],"curies":[{"name":"wp","href":"https:\/\/api.w.org\/{rel}","templated":true}]}}