{"id":18618,"date":"2024-07-25T10:34:33","date_gmt":"2024-07-25T13:34:33","guid":{"rendered":"https:\/\/sinprofaz.org.br\/2024\/?p=18618"},"modified":"2024-07-25T15:31:43","modified_gmt":"2024-07-25T18:31:43","slug":"sindicalizados-tem-desconto-em-pos-graduacao-da-esnap-aproveite","status":"publish","type":"post","link":"https:\/\/sinprofaz.org.br\/2024\/noticias\/sindicalizados-tem-desconto-em-pos-graduacao-da-esnap-aproveite\/","title":{"rendered":"SINDICALIZADOS T\u00caM DESCONTO EM P\u00d3S-GRADUA\u00c7\u00c3O DA ESNAP. APROVEITE!"},"content":{"rendered":"<p>Est\u00e3o abertas as inscri\u00e7\u00f5es para o processo seletivo da p\u00f3s-gradua\u00e7\u00e3o lato sensu em Direito P\u00fablico da Escola Nacional da Advocacia P\u00fablica &#8211; ESNAP. O curso, que tem o apoio do SINPROFAZ, \u00e9 resultado de uma parceria com a Faculdade de Direito da Universidade de S\u00e3o Paulo &#8211; USP. A p\u00f3s-gradua\u00e7\u00e3o \u00e9 especialmente voltada ao aperfei\u00e7oamento cient\u00edfico a respeito de temas relacionados \u00e0 miss\u00e3o constitucional do advogado p\u00fablico. Aproveite!<\/p>\n<p>Em benef\u00edcio dos sindicalizados, o SINPROFAZ garantiu o desconto de 5% para todos os Colegas. Visando estimular o aperfei\u00e7oamento dos filiados aposentados, esses PFNs ter\u00e3o desconto de 50%! As inscri\u00e7\u00f5es para o curso est\u00e3o abertas at\u00e9 o dia 29 de julho. Interessadas e interessados devem entrar em contato com a Secretaria do SINPROFAZ para garantir o desconto e obter mais orienta\u00e7\u00f5es sobre a inscri\u00e7\u00e3o. As aulas se iniciam no dia 15 de agosto.<\/p>\n<p>Para conferir os valores do curso e as datas do processo seletivo, acesse:\u00a0<a href=\"https:\/\/esnap.org.br\/curso\" target=\"_blank\" rel=\"noopener\">https:\/\/esnap.org.br\/curso<\/a><\/p>\n\n\t\t<style type=\"text\/css\">\n\t\t\t#gallery-1 {\n\t\t\t\tmargin: auto;\n\t\t\t}\n\t\t\t#gallery-1 .gallery-item {\n\t\t\t\tfloat: left;\n\t\t\t\tmargin-top: 10px;\n\t\t\t\ttext-align: center;\n\t\t\t\twidth: 33%;\n\t\t\t}\n\t\t\t#gallery-1 img {\n\t\t\t\tborder: 2px solid #cfcfcf;\n\t\t\t}\n\t\t\t#gallery-1 .gallery-caption {\n\t\t\t\tmargin-left: 0;\n\t\t\t}\n\t\t\t\/* see gallery_shortcode() in wp-includes\/media.php *\/\n\t\t<\/style>\n\t\t<div id='gallery-1' class='gallery galleryid-18618 gallery-columns-3 gallery-size-thumbnail'><dl class='gallery-item'>\n\t\t\t<dt class='gallery-icon landscape'>\n\t\t\t\t<a href='https:\/\/sinprofaz.org.br\/2024\/wp-content\/uploads\/2024\/07\/ESNAP-interno.png'><img loading=\"lazy\" decoding=\"async\" width=\"150\" height=\"150\" src=\"https:\/\/sinprofaz.org.br\/2024\/wp-content\/uploads\/2024\/07\/ESNAP-interno-150x150.png\" class=\"attachment-thumbnail size-thumbnail\" alt=\"\" \/><\/a>\n\t\t\t<\/dt><\/dl>\n\t\t\t<br style='clear: both' \/>\n\t\t<\/div>\n\n<p><!-- notionvc: 4b61cb30-2103-44e8-9396-3ffed113b87a --><\/p>\n","protected":false},"excerpt":{"rendered":"<p>Est\u00e3o abertas as inscri\u00e7\u00f5es para o processo seletivo da p\u00f3s-gradua\u00e7\u00e3o lato sensu em Direito P\u00fablico da Escola Nacional da Advocacia P\u00fablica. O curso tem o apoio do SINPROFAZ e \u00e9 resultado de parceria com a Faculdade de Direito da Universidade de S\u00e3o Paulo.<\/p>\n","protected":false},"author":2,"featured_media":18619,"comment_status":"open","ping_status":"open","sticky":false,"template":"","format":"standard","meta":{"footnotes":""},"categories":[8],"tags":[32,169,25],"featured_image_url":"https:\/\/sinprofaz.org.br\/2024\/wp-content\/uploads\/2024\/07\/ESNAP-capa.png","character_count":693,"formatted_date":"25\/07\/2024 - 10:34","contentNovo":"Est\u00e3o abertas as inscri\u00e7\u00f5es para o processo seletivo da p\u00f3s-gradua\u00e7\u00e3o lato sensu em Direito P\u00fablico da Escola Nacional da Advocacia P\u00fablica - ESNAP. O curso, que tem o apoio do SINPROFAZ, \u00e9 resultado de uma parceria com a Faculdade de Direito da Universidade de S\u00e3o Paulo - USP. A p\u00f3s-gradua\u00e7\u00e3o \u00e9 especialmente voltada ao aperfei\u00e7oamento cient\u00edfico a respeito de temas relacionados \u00e0 miss\u00e3o constitucional do advogado p\u00fablico. Aproveite!\r\n\r\nEm benef\u00edcio dos sindicalizados, o SINPROFAZ garantiu o desconto de 5% para todos os Colegas. Visando estimular o aperfei\u00e7oamento dos filiados aposentados, esses PFNs ter\u00e3o desconto de 50%! As inscri\u00e7\u00f5es para o curso est\u00e3o abertas at\u00e9 o dia 29 de julho. Interessadas e interessados devem entrar em contato com a Secretaria do SINPROFAZ para garantir o desconto e obter mais orienta\u00e7\u00f5es sobre a inscri\u00e7\u00e3o. As aulas se iniciam no dia 15 de agosto.\r\n\r\nPara conferir os valores do curso e as datas do processo seletivo, acesse:\u00a0<a href=\"https:\/\/esnap.org.br\/curso\" target=\"_blank\" rel=\"noopener\">https:\/\/esnap.org.br\/curso<\/a>\r\n\r\n[gallery link=\"file\" ids=\"18620\"]\r\n\r\n","_links":{"self":[{"href":"https:\/\/sinprofaz.org.br\/2024\/wp-json\/wp\/v2\/posts\/18618"}],"collection":[{"href":"https:\/\/sinprofaz.org.br\/2024\/wp-json\/wp\/v2\/posts"}],"about":[{"href":"https:\/\/sinprofaz.org.br\/2024\/wp-json\/wp\/v2\/types\/post"}],"author":[{"embeddable":true,"href":"https:\/\/sinprofaz.org.br\/2024\/wp-json\/wp\/v2\/users\/2"}],"replies":[{"embeddable":true,"href":"https:\/\/sinprofaz.org.br\/2024\/wp-json\/wp\/v2\/comments?post=18618"}],"version-history":[{"count":2,"href":"https:\/\/sinprofaz.org.br\/2024\/wp-json\/wp\/v2\/posts\/18618\/revisions"}],"predecessor-version":[{"id":18622,"href":"https:\/\/sinprofaz.org.br\/2024\/wp-json\/wp\/v2\/posts\/18618\/revisions\/18622"}],"wp:featuredmedia":[{"embeddable":true,"href":"https:\/\/sinprofaz.org.br\/2024\/wp-json\/wp\/v2\/media\/18619"}],"wp:attachment":[{"href":"https:\/\/sinprofaz.org.br\/2024\/wp-json\/wp\/v2\/media?parent=18618"}],"wp:term":[{"taxonomy":"category","embeddable":true,"href":"https:\/\/sinprofaz.org.br\/2024\/wp-json\/wp\/v2\/categories?post=18618"},{"taxonomy":"post_tag","embeddable":true,"href":"https:\/\/sinprofaz.org.br\/2024\/wp-json\/wp\/v2\/tags?post=18618"}],"curies":[{"name":"wp","href":"https:\/\/api.w.org\/{rel}","templated":true}]}}