{"id":18612,"date":"2024-07-23T16:04:41","date_gmt":"2024-07-23T19:04:41","guid":{"rendered":"https:\/\/sinprofaz.org.br\/2024\/?p=18612"},"modified":"2024-07-23T16:04:41","modified_gmt":"2024-07-23T19:04:41","slug":"filiado-lanca-a-2a-edicao-da-obra-contabilidade-tributaria-confira","status":"publish","type":"post","link":"https:\/\/sinprofaz.org.br\/2024\/noticias\/filiado-lanca-a-2a-edicao-da-obra-contabilidade-tributaria-confira\/","title":{"rendered":"FILIADO LAN\u00c7A A 2\u00aa EDI\u00c7\u00c3O DA OBRA &#8220;CONTABILIDADE TRIBUT\u00c1RIA&#8221;. CONFIRA!"},"content":{"rendered":"<p>O SINPROFAZ convida a Carreira para conhecer a nova obra do filiado Marcelo Coletto Pohlmann. Trata-se do livro\u00a0<strong>Contabilidade Tribut\u00e1ria<\/strong>, que, em sua 2\u00aa edi\u00e7\u00e3o\u00a0revista e ampliada, inclui aspectos importantes da reforma tribut\u00e1ria. A obra oferece uma abordagem pr\u00e1tica e objetiva, que se equilibra\u00a0com aspectos te\u00f3ricos fundamentais dos procedimentos cont\u00e1beis e fiscais. Cada cap\u00edtulo traz conceitos, an\u00e1lises da legisla\u00e7\u00e3o aplic\u00e1vel e demonstra\u00e7\u00f5es da apura\u00e7\u00e3o dos tributos, ilustrados com estudos de caso e exemplos pr\u00e1ticos.<\/p>\n<p><strong>Sobre o autor<br \/>\n<\/strong>Natural de Porto Alegre\/RS, Marcelo Coletto Pohlmann ingressou na Procuradoria da Fazenda Nacional em 1993, tendo sido diretor do SINPROFAZ por duas gest\u00f5es, entre os anos de 1995 e 2000, al\u00e9m de representante sindical. &#8220;Aqueles foram tempos dif\u00edceis, em que enfrentamos muitas batalhas para preservar e ampliar as prerrogativas dos PFNs. Pela \u00e1rdua e hist\u00f3rica luta sindical, parabenizo a Colega e presidente do SINPROFAZ, Iolanda Guindani, que vem realizando um incans\u00e1vel trabalho \u00e0 frente do Sindicato&#8221;, ressaltou o filiado.<\/p>\n<p>Conhe\u00e7a a 2\u00aa edi\u00e7\u00e3o de\u00a0<strong>Contabilidade Tribut\u00e1ria<\/strong>! Acesse j\u00e1 o\u00a0<em>site<\/em>\u00a0da Editora GEN:\u00a0<a href=\"https:\/\/bit.ly\/ContabilidadeTribut%C3%A1ria2\" target=\"_blank\" rel=\"noopener\">https:\/\/bit.ly\/ContabilidadeTribut\u00e1ria2<\/a><\/p>\n\n\t\t<style type=\"text\/css\">\n\t\t\t#gallery-1 {\n\t\t\t\tmargin: auto;\n\t\t\t}\n\t\t\t#gallery-1 .gallery-item {\n\t\t\t\tfloat: left;\n\t\t\t\tmargin-top: 10px;\n\t\t\t\ttext-align: center;\n\t\t\t\twidth: 33%;\n\t\t\t}\n\t\t\t#gallery-1 img {\n\t\t\t\tborder: 2px solid #cfcfcf;\n\t\t\t}\n\t\t\t#gallery-1 .gallery-caption {\n\t\t\t\tmargin-left: 0;\n\t\t\t}\n\t\t\t\/* see gallery_shortcode() in wp-includes\/media.php *\/\n\t\t<\/style>\n\t\t<div id='gallery-1' class='gallery galleryid-18612 gallery-columns-3 gallery-size-thumbnail'><dl class='gallery-item'>\n\t\t\t<dt class='gallery-icon landscape'>\n\t\t\t\t<a href='https:\/\/sinprofaz.org.br\/2024\/wp-content\/uploads\/2024\/07\/2-4.png'><img loading=\"lazy\" decoding=\"async\" width=\"150\" height=\"150\" src=\"https:\/\/sinprofaz.org.br\/2024\/wp-content\/uploads\/2024\/07\/2-4-150x150.png\" class=\"attachment-thumbnail size-thumbnail\" alt=\"\" \/><\/a>\n\t\t\t<\/dt><\/dl>\n\t\t\t<br style='clear: both' \/>\n\t\t<\/div>\n\n<p><!-- notionvc: 316e19bd-9875-4e77-bdc6-7469004f51b4 --><\/p>\n","protected":false},"excerpt":{"rendered":"<p>A obra oferece uma abordagem pr\u00e1tica e objetiva, que se equilibra com aspectos te\u00f3ricos fundamentais dos procedimentos cont\u00e1beis e fiscais. Cada cap\u00edtulo traz conceitos, an\u00e1lises da legisla\u00e7\u00e3o aplic\u00e1vel e demonstra\u00e7\u00f5es da apura\u00e7\u00e3o dos tributos.<\/p>\n","protected":false},"author":2,"featured_media":18613,"comment_status":"open","ping_status":"open","sticky":false,"template":"","format":"standard","meta":{"footnotes":""},"categories":[8],"tags":[32,121,25],"featured_image_url":"https:\/\/sinprofaz.org.br\/2024\/wp-content\/uploads\/2024\/07\/1-6.png","character_count":801,"formatted_date":"23\/07\/2024 - 16:04","contentNovo":"O SINPROFAZ convida a Carreira para conhecer a nova obra do filiado Marcelo Coletto Pohlmann. Trata-se do livro\u00a0<strong>Contabilidade Tribut\u00e1ria<\/strong>, que, em sua 2\u00aa edi\u00e7\u00e3o\u00a0revista e ampliada, inclui aspectos importantes da reforma tribut\u00e1ria. A obra oferece uma abordagem pr\u00e1tica e objetiva, que se equilibra\u00a0com aspectos te\u00f3ricos fundamentais dos procedimentos cont\u00e1beis e fiscais. Cada cap\u00edtulo traz conceitos, an\u00e1lises da legisla\u00e7\u00e3o aplic\u00e1vel e demonstra\u00e7\u00f5es da apura\u00e7\u00e3o dos tributos, ilustrados com estudos de caso e exemplos pr\u00e1ticos.\r\n\r\n<strong>Sobre o autor\r\n<\/strong>Natural de Porto Alegre\/RS, Marcelo Coletto Pohlmann ingressou na Procuradoria da Fazenda Nacional em 1993, tendo sido diretor do SINPROFAZ por duas gest\u00f5es, entre os anos de 1995 e 2000, al\u00e9m de representante sindical. \"Aqueles foram tempos dif\u00edceis, em que enfrentamos muitas batalhas para preservar e ampliar as prerrogativas dos PFNs. Pela \u00e1rdua e hist\u00f3rica luta sindical, parabenizo a Colega e presidente do SINPROFAZ, Iolanda Guindani, que vem realizando um incans\u00e1vel trabalho \u00e0 frente do Sindicato\", ressaltou o filiado.\r\n\r\nConhe\u00e7a a 2\u00aa edi\u00e7\u00e3o de\u00a0<strong>Contabilidade Tribut\u00e1ria<\/strong>! Acesse j\u00e1 o\u00a0<em>site<\/em>\u00a0da Editora GEN:\u00a0<a href=\"https:\/\/bit.ly\/ContabilidadeTribut%C3%A1ria2\" target=\"_blank\" rel=\"noopener\">https:\/\/bit.ly\/ContabilidadeTribut\u00e1ria2<\/a>\r\n\r\n[gallery link=\"file\" ids=\"18614\"]\r\n\r\n","_links":{"self":[{"href":"https:\/\/sinprofaz.org.br\/2024\/wp-json\/wp\/v2\/posts\/18612"}],"collection":[{"href":"https:\/\/sinprofaz.org.br\/2024\/wp-json\/wp\/v2\/posts"}],"about":[{"href":"https:\/\/sinprofaz.org.br\/2024\/wp-json\/wp\/v2\/types\/post"}],"author":[{"embeddable":true,"href":"https:\/\/sinprofaz.org.br\/2024\/wp-json\/wp\/v2\/users\/2"}],"replies":[{"embeddable":true,"href":"https:\/\/sinprofaz.org.br\/2024\/wp-json\/wp\/v2\/comments?post=18612"}],"version-history":[{"count":1,"href":"https:\/\/sinprofaz.org.br\/2024\/wp-json\/wp\/v2\/posts\/18612\/revisions"}],"predecessor-version":[{"id":18615,"href":"https:\/\/sinprofaz.org.br\/2024\/wp-json\/wp\/v2\/posts\/18612\/revisions\/18615"}],"wp:featuredmedia":[{"embeddable":true,"href":"https:\/\/sinprofaz.org.br\/2024\/wp-json\/wp\/v2\/media\/18613"}],"wp:attachment":[{"href":"https:\/\/sinprofaz.org.br\/2024\/wp-json\/wp\/v2\/media?parent=18612"}],"wp:term":[{"taxonomy":"category","embeddable":true,"href":"https:\/\/sinprofaz.org.br\/2024\/wp-json\/wp\/v2\/categories?post=18612"},{"taxonomy":"post_tag","embeddable":true,"href":"https:\/\/sinprofaz.org.br\/2024\/wp-json\/wp\/v2\/tags?post=18612"}],"curies":[{"name":"wp","href":"https:\/\/api.w.org\/{rel}","templated":true}]}}