{"id":18571,"date":"2024-07-15T09:08:42","date_gmt":"2024-07-15T12:08:42","guid":{"rendered":"https:\/\/sinprofaz.org.br\/2024\/?p=18571"},"modified":"2024-07-15T09:08:42","modified_gmt":"2024-07-15T12:08:42","slug":"garanta-hoje-mesmo-a-sua-participacao-no-22o-encontro-do-sinprofaz","status":"publish","type":"post","link":"https:\/\/sinprofaz.org.br\/2024\/noticias\/garanta-hoje-mesmo-a-sua-participacao-no-22o-encontro-do-sinprofaz\/","title":{"rendered":"GARANTA HOJE MESMO A SUA PARTICIPA\u00c7\u00c3O NO 22\u00ba ENCONTRO DO SINPROFAZ!"},"content":{"rendered":"<p>A confraterniza\u00e7\u00e3o anual da Carreira j\u00e1 tem data marcada: 28 de novembro a 1\u00ba de dezembro de 2024. A 22\u00aa edi\u00e7\u00e3o do Encontro do SINPROFAZ ocorre no Vila Gal\u00e9 Alagoas, em Barra de Santo Ant\u00f4nio\/AL, e possui vagas limitadas. Garanta hoje mesmo a sua e a de sua fam\u00edlia!<\/p>\n<p><strong>Transfer gratuito<br \/>\n<\/strong>Em aten\u00e7\u00e3o ao pedido de filiadas e filiados, o SINPROFAZ oferecer\u00e1 um benef\u00edcio in\u00e9dito aos participantes do 22\u00ba Encontro: o custeio integral do transporte de ida e volta entre o Aeroporto Internacional de Macei\u00f3 e o Vila Gal\u00e9 Alagoas. Para aproveitar o benef\u00edcio, contate a ag\u00eancia Ambiental Turismo pelo telefone ou WhatsApp (11) 3818-4600. Ao adquirir o pacote do evento, o PFN j\u00e1 garante o transporte gratuito!<\/p>\n<p><strong>Modalidades de hospedagem<br \/>\n<\/strong>Ap\u00f3s negocia\u00e7\u00e3o com o Vila Gal\u00e9 Alagoas, o SINPROFAZ passou a oferecer sete modalidades de apartamentos. As novidades s\u00e3o o Apartamento Familiar e o Apartamento Familiar NEP, que acomodam dois adultos e duas crian\u00e7as de at\u00e9 12 anos. Os valores do pacote nos quartos individuais, duplos e triplos, de todas as categorias, devem ser consultados no Regulamento:\u00a0<a href=\"http:\/\/bit.ly\/Edital22EncontroSINPROFAZ\" target=\"_blank\" rel=\"noopener\">bit.ly\/Edital22EncontroSINPROFAZ<\/a>.<\/p>\n<p><strong>Parcelamento dos pacotes<br \/>\n<\/strong>Outro benef\u00edcio oferecido \u00e0 Carreira \u00e9 a possibilidade de parcelamento dos pacotes em at\u00e9 12x sem juros. Mas aten\u00e7\u00e3o: somente poder\u00e3o ser parceladas em 12x as compras realizadas at\u00e9 o dia 30 de julho de 2024. Ap\u00f3s essa data, caso existam apartamentos vagos, a quantidade de parcelas poss\u00edveis ser\u00e1 reduzida, conforme a proximidade do evento.<\/p>\n<p>Para conhecer detalhes das categorias de apartamentos e da pol\u00edtica de subs\u00eddios, acesse o Edital do evento:\u00a0<a href=\"http:\/\/bit.ly\/Edital22EncontroSINPROFAZ\" target=\"_blank\" rel=\"noopener\">bit.ly\/Edital22EncontroSINPROFAZ<\/a><br \/>\nParticipe!<\/p>\n<p><!-- notionvc: d2961648-3505-4581-af97-8d682b717bbf --><\/p>\n","protected":false},"excerpt":{"rendered":"<p>A confraterniza\u00e7\u00e3o anual da Carreira j\u00e1 tem data marcada: 28 de novembro a 1\u00ba de dezembro de 2024. A 22\u00aa edi\u00e7\u00e3o do Encontro do SINPROFAZ ocorre no Vila Gal\u00e9 Alagoas, em Barra de Santo Ant\u00f4nio\/AL, e possui vagas limitadas. Garanta a sua e a de sua fam\u00edlia!<\/p>\n","protected":false},"author":2,"featured_media":18572,"comment_status":"open","ping_status":"open","sticky":false,"template":"","format":"standard","meta":{"footnotes":""},"categories":[8],"tags":[32,62,146,25],"featured_image_url":"https:\/\/sinprofaz.org.br\/2024\/wp-content\/uploads\/2024\/07\/1-3.png","character_count":842,"formatted_date":"15\/07\/2024 - 09:08","contentNovo":"A confraterniza\u00e7\u00e3o anual da Carreira j\u00e1 tem data marcada: 28 de novembro a 1\u00ba de dezembro de 2024. A 22\u00aa edi\u00e7\u00e3o do Encontro do SINPROFAZ ocorre no Vila Gal\u00e9 Alagoas, em Barra de Santo Ant\u00f4nio\/AL, e possui vagas limitadas. Garanta hoje mesmo a sua e a de sua fam\u00edlia!\r\n\r\n<strong>Transfer gratuito\r\n<\/strong>Em aten\u00e7\u00e3o ao pedido de filiadas e filiados, o SINPROFAZ oferecer\u00e1 um benef\u00edcio in\u00e9dito aos participantes do 22\u00ba Encontro: o custeio integral do transporte de ida e volta entre o Aeroporto Internacional de Macei\u00f3 e o Vila Gal\u00e9 Alagoas. Para aproveitar o benef\u00edcio, contate a ag\u00eancia Ambiental Turismo pelo telefone ou WhatsApp (11) 3818-4600. Ao adquirir o pacote do evento, o PFN j\u00e1 garante o transporte gratuito!\r\n\r\n<strong>Modalidades de hospedagem\r\n<\/strong>Ap\u00f3s negocia\u00e7\u00e3o com o Vila Gal\u00e9 Alagoas, o SINPROFAZ passou a oferecer sete modalidades de apartamentos. As novidades s\u00e3o o Apartamento Familiar e o Apartamento Familiar NEP, que acomodam dois adultos e duas crian\u00e7as de at\u00e9 12 anos. Os valores do pacote nos quartos individuais, duplos e triplos, de todas as categorias, devem ser consultados no Regulamento:\u00a0<a href=\"http:\/\/bit.ly\/Edital22EncontroSINPROFAZ\" target=\"_blank\" rel=\"noopener\">bit.ly\/Edital22EncontroSINPROFAZ<\/a>.\r\n\r\n<strong>Parcelamento dos pacotes\r\n<\/strong>Outro benef\u00edcio oferecido \u00e0 Carreira \u00e9 a possibilidade de parcelamento dos pacotes em at\u00e9 12x sem juros. Mas aten\u00e7\u00e3o: somente poder\u00e3o ser parceladas em 12x as compras realizadas at\u00e9 o dia 30 de julho de 2024. Ap\u00f3s essa data, caso existam apartamentos vagos, a quantidade de parcelas poss\u00edveis ser\u00e1 reduzida, conforme a proximidade do evento.\r\n\r\nPara conhecer detalhes das categorias de apartamentos e da pol\u00edtica de subs\u00eddios, acesse o Edital do evento:\u00a0<a href=\"http:\/\/bit.ly\/Edital22EncontroSINPROFAZ\" target=\"_blank\" rel=\"noopener\">bit.ly\/Edital22EncontroSINPROFAZ<\/a>\r\nParticipe!\r\n\r\n","_links":{"self":[{"href":"https:\/\/sinprofaz.org.br\/2024\/wp-json\/wp\/v2\/posts\/18571"}],"collection":[{"href":"https:\/\/sinprofaz.org.br\/2024\/wp-json\/wp\/v2\/posts"}],"about":[{"href":"https:\/\/sinprofaz.org.br\/2024\/wp-json\/wp\/v2\/types\/post"}],"author":[{"embeddable":true,"href":"https:\/\/sinprofaz.org.br\/2024\/wp-json\/wp\/v2\/users\/2"}],"replies":[{"embeddable":true,"href":"https:\/\/sinprofaz.org.br\/2024\/wp-json\/wp\/v2\/comments?post=18571"}],"version-history":[{"count":1,"href":"https:\/\/sinprofaz.org.br\/2024\/wp-json\/wp\/v2\/posts\/18571\/revisions"}],"predecessor-version":[{"id":18573,"href":"https:\/\/sinprofaz.org.br\/2024\/wp-json\/wp\/v2\/posts\/18571\/revisions\/18573"}],"wp:featuredmedia":[{"embeddable":true,"href":"https:\/\/sinprofaz.org.br\/2024\/wp-json\/wp\/v2\/media\/18572"}],"wp:attachment":[{"href":"https:\/\/sinprofaz.org.br\/2024\/wp-json\/wp\/v2\/media?parent=18571"}],"wp:term":[{"taxonomy":"category","embeddable":true,"href":"https:\/\/sinprofaz.org.br\/2024\/wp-json\/wp\/v2\/categories?post=18571"},{"taxonomy":"post_tag","embeddable":true,"href":"https:\/\/sinprofaz.org.br\/2024\/wp-json\/wp\/v2\/tags?post=18571"}],"curies":[{"name":"wp","href":"https:\/\/api.w.org\/{rel}","templated":true}]}}